{"id":1627,"date":"2019-02-19T10:51:31","date_gmt":"2019-02-19T09:51:31","guid":{"rendered":"https:\/\/www.turismegarrigues.com\/blog\/a-punt-la-3a-marxa-heroica-a-fulleda\/"},"modified":"2019-02-19T22:57:12","modified_gmt":"2019-02-19T21:57:12","slug":"a-punt-la-3a-marxa-heroica-a-fulleda","status":"publish","type":"post","link":"https:\/\/www.turismegarrigues.com\/blog\/es\/a-punt-la-3a-marxa-heroica-a-fulleda\/","title":{"rendered":"A punto la 3\u00aa \u201cMarcha Heroica\u201d en Fulleda"},"content":{"rendered":"<p><span style=\"font-weight: 400;\">El pr\u00f3ximo 3 de marzo llega la<\/span><b>\u00a03\u00aa Marcha Heroica<\/b><span style=\"font-weight: 400;\"> a <\/span><b>Fulleda<\/b><span style=\"font-weight: 400;\">, una prueba deportiva no competitiva y eco responsable donde podr\u00e9is disfrutar a trav\u00e9s de sus tres recorridos (10, 18 i 30 km) unos paisajes t\u00edpicos de las Garrigas y de alto valor ecol\u00f3gico.<\/span><\/p>\n<p><span style=\"font-weight: 400;\">La <\/span><b>Marcha Heroica<\/b><span style=\"font-weight: 400;\">\u00a0naci\u00f3 con el objetivo de dinamizar y dar a conocer esta singular poblaci\u00f3n de la comarca, que cuenta con un entorno privilegiado y bastante desconocido, adem\u00e1s de fomentar distintos valores como h\u00e1bitos saludables y el deporte, favorecer el conocimiento y el respeto por el entorno, destacar el valor ecol\u00f3gico de los espacios que rodean las proximidades de la marcha y mostrar los trazos diferenciales de la comarca, adem\u00e1s de concienciar sobre la importancia de potenciar productos propios y de proximidad.\u00a0<\/span><\/p>\n<p>La marcha organizada por el Ayuntamiento de Fulleda, con la colaboraci\u00f3n de Boira Experience se puede realizar corriendo o caminando, ofrecer\u00e1 a sus participantes 3 recorridos distintos: uno de 10 km bastante asequible y con un desnivel positivo acumulado de casi 300 m; otro, un poco m\u00e1s exigente de 18 km y 538 m de desnivel positivo; la salida de de los dos est\u00e1 prevista para las 9h desde la Sala, el local social de Fulleda. Por \u00faltimo, la Marcha contar\u00e1 con un tercer recorrido, \u00abTheoric\u00bb por excelencia, de 30 km y un total de 870 m de desnivel positivo acumulado. La salida para los participantes en este recorrido, que requiere una buena condici\u00f3n f\u00edsica y no es apta para todos los p\u00fablicos, est\u00e1 prevista para las 8h de la ma\u00f1ana, tambi\u00e9n desde la Sala.<\/p>\n<p>Los 3 recorridos son de car\u00e1cter circular y todos los participantes encontraran distintos puntos de avituallamiento de car\u00e1cter l\u00edquido y s\u00f3lido durante la Marcha y en finalizar la misma, momento en el que los participantes recibir\u00e1n un bocadillo de longaniza y bebida para acompa\u00f1arlo.<\/p>\n<p><img loading=\"lazy\" decoding=\"async\" class=\"alignnone size-full wp-image-1597\" src=\"https:\/\/www.turismegarrigues.com\/blog\/wp-content\/uploads\/Marzo-2\u00aa-Marxa-Heroica-Fulleda.jpg\" alt=\"\" width=\"1024\" height=\"679\" srcset=\"https:\/\/www.turismegarrigues.com\/blog\/wp-content\/uploads\/Marzo-2\u00aa-Marxa-Heroica-Fulleda.jpg 1024w, https:\/\/www.turismegarrigues.com\/blog\/wp-content\/uploads\/Marzo-2\u00aa-Marxa-Heroica-Fulleda-300x199.jpg 300w, https:\/\/www.turismegarrigues.com\/blog\/wp-content\/uploads\/Marzo-2\u00aa-Marxa-Heroica-Fulleda-768x509.jpg 768w\" sizes=\"auto, (max-width: 1024px) 100vw, 1024px\" \/><\/p>\n<p><span style=\"font-weight: 400;\">Para participar, ten\u00e9is que hacer la inscripci\u00f3n aqu\u00ed: <\/span><a href=\"https:\/\/boiraexperience.cat\/marxaheroica%20\"><span style=\"font-weight: 400;\">https:\/\/boiraexperience.cat\/marxaheroica<\/span><\/a><span style=\"font-weight: 400;\">; donde tambi\u00e9n encontrar\u00e9is informaci\u00f3n detallada sobre los recorridos, avituallamiento, reglamento de la prueba, horarios, etc.\u00a0<\/span><\/p>\n<p><span style=\"font-weight: 400;\">\u00a1No falt\u00e9is!<\/span><\/p>\n<p>&nbsp;<\/p>\n","protected":false},"excerpt":{"rendered":"<p>El pr\u00f3ximo 3 de marzo llega la\u00a03\u00aa Marcha Heroica a Fulleda, una prueba deportiva no competitiva y eco responsable donde podr\u00e9is disfrutar a trav\u00e9s de sus tres recorridos (10, 18 i 30 km) unos paisajes t\u00edpicos de las Garrigas y de alto valor ecol\u00f3gico. La Marcha Heroica\u00a0naci\u00f3 con el objetivo de dinamizar y dar a &#8230; <a title=\"A punto la 3\u00aa \u201cMarcha Heroica\u201d en Fulleda\" class=\"read-more\" href=\"https:\/\/www.turismegarrigues.com\/blog\/es\/a-punt-la-3a-marxa-heroica-a-fulleda\/\" aria-label=\"Leer m\u00e1s sobre A punto la 3\u00aa \u201cMarcha Heroica\u201d en Fulleda\">Leer m\u00e1s<\/a><\/p>\n","protected":false},"author":2,"featured_media":1600,"comment_status":"closed","ping_status":"closed","sticky":false,"template":"","format":"standard","meta":{"footnotes":""},"categories":[22],"tags":[],"class_list":["post-1627","post","type-post","status-publish","format-standard","has-post-thumbnail","hentry","category-deportes"],"yoast_head":"<!-- This site is optimized with the Yoast SEO plugin v24.4 - https:\/\/yoast.com\/wordpress\/plugins\/seo\/ -->\n<title>A punto la 3\u00aa \u201cMarcha Heroica\u201d en Fulleda - Turisme de les Garrigues<\/title>\n<meta name=\"description\" content=\"El pr\u00f3ximo 3 de marzo llega la\u00a03\u00aa Marcha Heroica a Fulleda, una prueba deportiva no competitiva y eco responsable donde podr\u00e9is disfrutar a trav\u00e9s de sus tres recorridos (10, 18 i 30 km) unos paisajes t\u00edpicos de las Garrigas y de alto valor ecol\u00f3gico.\" \/>\n<meta name=\"robots\" content=\"index, follow, max-snippet:-1, max-image-preview:large, max-video-preview:-1\" \/>\n<link rel=\"canonical\" href=\"https:\/\/www.turismegarrigues.com\/blog\/es\/a-punt-la-3a-marxa-heroica-a-fulleda\/\" \/>\n<meta property=\"og:locale\" content=\"es_ES\" \/>\n<meta property=\"og:type\" content=\"article\" \/>\n<meta property=\"og:title\" content=\"A punto la 3\u00aa \u201cMarcha Heroica\u201d en Fulleda - Turisme de les Garrigues\" \/>\n<meta property=\"og:description\" content=\"El pr\u00f3ximo 3 de marzo llega la\u00a03\u00aa Marcha Heroica a Fulleda, una prueba deportiva no competitiva y eco responsable donde podr\u00e9is disfrutar a trav\u00e9s de sus tres recorridos (10, 18 i 30 km) unos paisajes t\u00edpicos de las Garrigas y de alto valor ecol\u00f3gico.\" \/>\n<meta property=\"og:url\" content=\"https:\/\/www.turismegarrigues.com\/blog\/es\/a-punt-la-3a-marxa-heroica-a-fulleda\/\" \/>\n<meta property=\"og:site_name\" content=\"Turisme de les Garrigues\" \/>\n<meta property=\"article:published_time\" content=\"2019-02-19T09:51:31+00:00\" \/>\n<meta property=\"article:modified_time\" content=\"2019-02-19T21:57:12+00:00\" \/>\n<meta property=\"og:image\" content=\"https:\/\/www.turismegarrigues.com\/blog\/wp-content\/uploads\/IMG_7219.jpg\" \/>\n\t<meta property=\"og:image:width\" content=\"1024\" \/>\n\t<meta property=\"og:image:height\" content=\"683\" \/>\n\t<meta property=\"og:image:type\" content=\"image\/jpeg\" \/>\n<meta name=\"author\" content=\"turismegarrigues\" \/>\n<meta name=\"twitter:card\" content=\"summary_large_image\" \/>\n<meta name=\"twitter:label1\" content=\"Escrito por\" \/>\n\t<meta name=\"twitter:data1\" content=\"turismegarrigues\" \/>\n\t<meta name=\"twitter:label2\" content=\"Tiempo de lectura\" \/>\n\t<meta name=\"twitter:data2\" content=\"2 minutos\" \/>\n<script type=\"application\/ld+json\" class=\"yoast-schema-graph\">{\"@context\":\"https:\/\/schema.org\",\"@graph\":[{\"@type\":\"WebPage\",\"@id\":\"https:\/\/www.turismegarrigues.com\/blog\/es\/a-punt-la-3a-marxa-heroica-a-fulleda\/\",\"url\":\"https:\/\/www.turismegarrigues.com\/blog\/es\/a-punt-la-3a-marxa-heroica-a-fulleda\/\",\"name\":\"A punto la 3\u00aa \u201cMarcha Heroica\u201d en Fulleda - Turisme de les Garrigues\",\"isPartOf\":{\"@id\":\"https:\/\/www.turismegarrigues.com\/blog\/#website\"},\"primaryImageOfPage\":{\"@id\":\"https:\/\/www.turismegarrigues.com\/blog\/es\/a-punt-la-3a-marxa-heroica-a-fulleda\/#primaryimage\"},\"image\":{\"@id\":\"https:\/\/www.turismegarrigues.com\/blog\/es\/a-punt-la-3a-marxa-heroica-a-fulleda\/#primaryimage\"},\"thumbnailUrl\":\"https:\/\/www.turismegarrigues.com\/blog\/wp-content\/uploads\/IMG_7219.jpg\",\"datePublished\":\"2019-02-19T09:51:31+00:00\",\"dateModified\":\"2019-02-19T21:57:12+00:00\",\"author\":{\"@id\":\"https:\/\/www.turismegarrigues.com\/blog\/#\/schema\/person\/7ada9dce6475184bb0c0a652f29c9653\"},\"description\":\"El pr\u00f3ximo 3 de marzo llega la\u00a03\u00aa Marcha Heroica a Fulleda, una prueba deportiva no competitiva y eco responsable donde podr\u00e9is disfrutar a trav\u00e9s de sus tres recorridos (10, 18 i 30 km) unos paisajes t\u00edpicos de las Garrigas y de alto valor ecol\u00f3gico.\",\"breadcrumb\":{\"@id\":\"https:\/\/www.turismegarrigues.com\/blog\/es\/a-punt-la-3a-marxa-heroica-a-fulleda\/#breadcrumb\"},\"inLanguage\":\"es\",\"potentialAction\":[{\"@type\":\"ReadAction\",\"target\":[\"https:\/\/www.turismegarrigues.com\/blog\/es\/a-punt-la-3a-marxa-heroica-a-fulleda\/\"]}]},{\"@type\":\"ImageObject\",\"inLanguage\":\"es\",\"@id\":\"https:\/\/www.turismegarrigues.com\/blog\/es\/a-punt-la-3a-marxa-heroica-a-fulleda\/#primaryimage\",\"url\":\"https:\/\/www.turismegarrigues.com\/blog\/wp-content\/uploads\/IMG_7219.jpg\",\"contentUrl\":\"https:\/\/www.turismegarrigues.com\/blog\/wp-content\/uploads\/IMG_7219.jpg\",\"width\":1024,\"height\":683},{\"@type\":\"BreadcrumbList\",\"@id\":\"https:\/\/www.turismegarrigues.com\/blog\/es\/a-punt-la-3a-marxa-heroica-a-fulleda\/#breadcrumb\",\"itemListElement\":[{\"@type\":\"ListItem\",\"position\":1,\"name\":\"Inici\",\"item\":\"https:\/\/www.turismegarrigues.com\/blog\/\"},{\"@type\":\"ListItem\",\"position\":2,\"name\":\"A punto la 3\u00aa \u201cMarcha Heroica\u201d en Fulleda\"}]},{\"@type\":\"WebSite\",\"@id\":\"https:\/\/www.turismegarrigues.com\/blog\/#website\",\"url\":\"https:\/\/www.turismegarrigues.com\/blog\/\",\"name\":\"Turisme de les Garrigues\",\"description\":\"Blog\",\"potentialAction\":[{\"@type\":\"SearchAction\",\"target\":{\"@type\":\"EntryPoint\",\"urlTemplate\":\"https:\/\/www.turismegarrigues.com\/blog\/?s={search_term_string}\"},\"query-input\":{\"@type\":\"PropertyValueSpecification\",\"valueRequired\":true,\"valueName\":\"search_term_string\"}}],\"inLanguage\":\"es\"},{\"@type\":\"Person\",\"@id\":\"https:\/\/www.turismegarrigues.com\/blog\/#\/schema\/person\/7ada9dce6475184bb0c0a652f29c9653\",\"name\":\"turismegarrigues\",\"image\":{\"@type\":\"ImageObject\",\"inLanguage\":\"es\",\"@id\":\"https:\/\/www.turismegarrigues.com\/blog\/#\/schema\/person\/image\/\",\"url\":\"https:\/\/secure.gravatar.com\/avatar\/2479dec683bf2f700ffae0009a0a72796d18201a99196df0e23b11ae9749e88e?s=96&d=mm&r=g\",\"contentUrl\":\"https:\/\/secure.gravatar.com\/avatar\/2479dec683bf2f700ffae0009a0a72796d18201a99196df0e23b11ae9749e88e?s=96&d=mm&r=g\",\"caption\":\"turismegarrigues\"},\"sameAs\":[\"http:\/\/www.turismegarrigues.com\/\"],\"url\":\"https:\/\/www.turismegarrigues.com\/blog\/es\/author\/turismegarrigues\/\"}]}<\/script>\n<!-- \/ Yoast SEO plugin. -->","yoast_head_json":{"title":"A punto la 3\u00aa \u201cMarcha Heroica\u201d en Fulleda - Turisme de les Garrigues","description":"El pr\u00f3ximo 3 de marzo llega la\u00a03\u00aa Marcha Heroica a Fulleda, una prueba deportiva no competitiva y eco responsable donde podr\u00e9is disfrutar a trav\u00e9s de sus tres recorridos (10, 18 i 30 km) unos paisajes t\u00edpicos de las Garrigas y de alto valor ecol\u00f3gico.","robots":{"index":"index","follow":"follow","max-snippet":"max-snippet:-1","max-image-preview":"max-image-preview:large","max-video-preview":"max-video-preview:-1"},"canonical":"https:\/\/www.turismegarrigues.com\/blog\/es\/a-punt-la-3a-marxa-heroica-a-fulleda\/","og_locale":"es_ES","og_type":"article","og_title":"A punto la 3\u00aa \u201cMarcha Heroica\u201d en Fulleda - Turisme de les Garrigues","og_description":"El pr\u00f3ximo 3 de marzo llega la\u00a03\u00aa Marcha Heroica a Fulleda, una prueba deportiva no competitiva y eco responsable donde podr\u00e9is disfrutar a trav\u00e9s de sus tres recorridos (10, 18 i 30 km) unos paisajes t\u00edpicos de las Garrigas y de alto valor ecol\u00f3gico.","og_url":"https:\/\/www.turismegarrigues.com\/blog\/es\/a-punt-la-3a-marxa-heroica-a-fulleda\/","og_site_name":"Turisme de les Garrigues","article_published_time":"2019-02-19T09:51:31+00:00","article_modified_time":"2019-02-19T21:57:12+00:00","og_image":[{"width":1024,"height":683,"url":"https:\/\/www.turismegarrigues.com\/blog\/wp-content\/uploads\/IMG_7219.jpg","type":"image\/jpeg"}],"author":"turismegarrigues","twitter_card":"summary_large_image","twitter_misc":{"Escrito por":"turismegarrigues","Tiempo de lectura":"2 minutos"},"schema":{"@context":"https:\/\/schema.org","@graph":[{"@type":"WebPage","@id":"https:\/\/www.turismegarrigues.com\/blog\/es\/a-punt-la-3a-marxa-heroica-a-fulleda\/","url":"https:\/\/www.turismegarrigues.com\/blog\/es\/a-punt-la-3a-marxa-heroica-a-fulleda\/","name":"A punto la 3\u00aa \u201cMarcha Heroica\u201d en Fulleda - Turisme de les Garrigues","isPartOf":{"@id":"https:\/\/www.turismegarrigues.com\/blog\/#website"},"primaryImageOfPage":{"@id":"https:\/\/www.turismegarrigues.com\/blog\/es\/a-punt-la-3a-marxa-heroica-a-fulleda\/#primaryimage"},"image":{"@id":"https:\/\/www.turismegarrigues.com\/blog\/es\/a-punt-la-3a-marxa-heroica-a-fulleda\/#primaryimage"},"thumbnailUrl":"https:\/\/www.turismegarrigues.com\/blog\/wp-content\/uploads\/IMG_7219.jpg","datePublished":"2019-02-19T09:51:31+00:00","dateModified":"2019-02-19T21:57:12+00:00","author":{"@id":"https:\/\/www.turismegarrigues.com\/blog\/#\/schema\/person\/7ada9dce6475184bb0c0a652f29c9653"},"description":"El pr\u00f3ximo 3 de marzo llega la\u00a03\u00aa Marcha Heroica a Fulleda, una prueba deportiva no competitiva y eco responsable donde podr\u00e9is disfrutar a trav\u00e9s de sus tres recorridos (10, 18 i 30 km) unos paisajes t\u00edpicos de las Garrigas y de alto valor ecol\u00f3gico.","breadcrumb":{"@id":"https:\/\/www.turismegarrigues.com\/blog\/es\/a-punt-la-3a-marxa-heroica-a-fulleda\/#breadcrumb"},"inLanguage":"es","potentialAction":[{"@type":"ReadAction","target":["https:\/\/www.turismegarrigues.com\/blog\/es\/a-punt-la-3a-marxa-heroica-a-fulleda\/"]}]},{"@type":"ImageObject","inLanguage":"es","@id":"https:\/\/www.turismegarrigues.com\/blog\/es\/a-punt-la-3a-marxa-heroica-a-fulleda\/#primaryimage","url":"https:\/\/www.turismegarrigues.com\/blog\/wp-content\/uploads\/IMG_7219.jpg","contentUrl":"https:\/\/www.turismegarrigues.com\/blog\/wp-content\/uploads\/IMG_7219.jpg","width":1024,"height":683},{"@type":"BreadcrumbList","@id":"https:\/\/www.turismegarrigues.com\/blog\/es\/a-punt-la-3a-marxa-heroica-a-fulleda\/#breadcrumb","itemListElement":[{"@type":"ListItem","position":1,"name":"Inici","item":"https:\/\/www.turismegarrigues.com\/blog\/"},{"@type":"ListItem","position":2,"name":"A punto la 3\u00aa \u201cMarcha Heroica\u201d en Fulleda"}]},{"@type":"WebSite","@id":"https:\/\/www.turismegarrigues.com\/blog\/#website","url":"https:\/\/www.turismegarrigues.com\/blog\/","name":"Turisme de les Garrigues","description":"Blog","potentialAction":[{"@type":"SearchAction","target":{"@type":"EntryPoint","urlTemplate":"https:\/\/www.turismegarrigues.com\/blog\/?s={search_term_string}"},"query-input":{"@type":"PropertyValueSpecification","valueRequired":true,"valueName":"search_term_string"}}],"inLanguage":"es"},{"@type":"Person","@id":"https:\/\/www.turismegarrigues.com\/blog\/#\/schema\/person\/7ada9dce6475184bb0c0a652f29c9653","name":"turismegarrigues","image":{"@type":"ImageObject","inLanguage":"es","@id":"https:\/\/www.turismegarrigues.com\/blog\/#\/schema\/person\/image\/","url":"https:\/\/secure.gravatar.com\/avatar\/2479dec683bf2f700ffae0009a0a72796d18201a99196df0e23b11ae9749e88e?s=96&d=mm&r=g","contentUrl":"https:\/\/secure.gravatar.com\/avatar\/2479dec683bf2f700ffae0009a0a72796d18201a99196df0e23b11ae9749e88e?s=96&d=mm&r=g","caption":"turismegarrigues"},"sameAs":["http:\/\/www.turismegarrigues.com\/"],"url":"https:\/\/www.turismegarrigues.com\/blog\/es\/author\/turismegarrigues\/"}]}},"_links":{"self":[{"href":"https:\/\/www.turismegarrigues.com\/blog\/es\/wp-json\/wp\/v2\/posts\/1627","targetHints":{"allow":["GET"]}}],"collection":[{"href":"https:\/\/www.turismegarrigues.com\/blog\/es\/wp-json\/wp\/v2\/posts"}],"about":[{"href":"https:\/\/www.turismegarrigues.com\/blog\/es\/wp-json\/wp\/v2\/types\/post"}],"author":[{"embeddable":true,"href":"https:\/\/www.turismegarrigues.com\/blog\/es\/wp-json\/wp\/v2\/users\/2"}],"replies":[{"embeddable":true,"href":"https:\/\/www.turismegarrigues.com\/blog\/es\/wp-json\/wp\/v2\/comments?post=1627"}],"version-history":[{"count":2,"href":"https:\/\/www.turismegarrigues.com\/blog\/es\/wp-json\/wp\/v2\/posts\/1627\/revisions"}],"predecessor-version":[{"id":1629,"href":"https:\/\/www.turismegarrigues.com\/blog\/es\/wp-json\/wp\/v2\/posts\/1627\/revisions\/1629"}],"wp:featuredmedia":[{"embeddable":true,"href":"https:\/\/www.turismegarrigues.com\/blog\/es\/wp-json\/wp\/v2\/media\/1600"}],"wp:attachment":[{"href":"https:\/\/www.turismegarrigues.com\/blog\/es\/wp-json\/wp\/v2\/media?parent=1627"}],"wp:term":[{"taxonomy":"category","embeddable":true,"href":"https:\/\/www.turismegarrigues.com\/blog\/es\/wp-json\/wp\/v2\/categories?post=1627"},{"taxonomy":"post_tag","embeddable":true,"href":"https:\/\/www.turismegarrigues.com\/blog\/es\/wp-json\/wp\/v2\/tags?post=1627"}],"curies":[{"name":"wp","href":"https:\/\/api.w.org\/{rel}","templated":true}]}}