{"id":206,"date":"2017-08-02T13:45:25","date_gmt":"2017-08-02T12:45:25","guid":{"rendered":"http:\/\/www.turismegarrigues.com\/blog\/?p=206\/"},"modified":"2018-09-14T06:08:39","modified_gmt":"2018-09-14T05:08:39","slug":"agost-musical-garrigues","status":"publish","type":"post","link":"https:\/\/www.turismegarrigues.com\/blog\/es\/agost-musical-garrigues\/","title":{"rendered":"Agosto musical en Les Garrigues"},"content":{"rendered":"<p>Durante el mes de agosto contin\u00faa el <a href=\"http:\/\/garriguitar.com\/\"><b>Garrigues Guitar Festival \u201cMemorial Emili Pujol\u201d<\/b><\/a><b>,\u00a0<\/b> a trav\u00e9s del cual se difunde la figura de <b>Emili Pujol<\/b>, conocida en todos los c\u00edrculos guitarristicos y musicales del mundo, mediante conciertos repartidos por espacios culturales de Les Garrigues: iglesias, castillos, bodegas, etc.<\/p>\n<p>Todav\u00eda est\u00e1is a tiempo de disfrutar de unos cuantos conciertos durante este verano.<\/p>\n<p>El pr\u00f3ximo <b>5 de agosto\u00a0<\/b> en la <b>Iglesia de Sant Miquel de Granyena de Les Garrigues<\/b> podr\u00e9is disfrutar de la dualidad art\u00edstica entre m\u00fasica cl\u00e1sica y popular de la mano del guitarrista cubano <b>Josu\u00e9 Fonseca<\/b>.<\/p>\n<p><img loading=\"lazy\" decoding=\"async\" class=\"alignnone wp-image-198 size-full\" src=\"http:\/\/www.turismegarrigues.com\/blog\/wp-content\/uploads\/20170805_72n.jpg\" alt=\"\" width=\"1024\" height=\"582\" srcset=\"https:\/\/www.turismegarrigues.com\/blog\/wp-content\/uploads\/20170805_72n.jpg 1024w, https:\/\/www.turismegarrigues.com\/blog\/wp-content\/uploads\/20170805_72n-300x171.jpg 300w, https:\/\/www.turismegarrigues.com\/blog\/wp-content\/uploads\/20170805_72n-768x437.jpg 768w\" sizes=\"auto, (max-width: 1024px) 100vw, 1024px\" \/><\/p>\n<p>Nos adentraremos en un viaje entre los cl\u00e1sicos de Bach y Aguado, pasando por los arreglos rom\u00e1nticos de T\u00e1rrega hasta llegar a los populares catalanes.\u00a0 Os esperamos a partir de las 20h. El coste de la entrada ser\u00e1 de 5\u20ac (concierto+cata).<\/p>\n<p>Inspirada en ra\u00edces folkl\u00f3ricas latinoamericanas, nos visitar\u00e1 el pr\u00f3ximos <b>12 de agosto, <\/b>en<b> <\/b>la <strong>Iglesia<\/strong><b> de Sant Blai de<\/b> <b>La Floresta,<\/b> el grupo <b>En clave de son<\/b>.<\/p>\n<p><img loading=\"lazy\" decoding=\"async\" class=\"alignnone size-full wp-image-199\" src=\"http:\/\/www.turismegarrigues.com\/blog\/wp-content\/uploads\/20170812_72n.jpg\" alt=\"\" width=\"1024\" height=\"582\" srcset=\"https:\/\/www.turismegarrigues.com\/blog\/wp-content\/uploads\/20170812_72n.jpg 1024w, https:\/\/www.turismegarrigues.com\/blog\/wp-content\/uploads\/20170812_72n-300x171.jpg 300w, https:\/\/www.turismegarrigues.com\/blog\/wp-content\/uploads\/20170812_72n-768x437.jpg 768w\" sizes=\"auto, (max-width: 1024px) 100vw, 1024px\" \/><\/p>\n<p>Interpretan con instrumentos cl\u00e1sicos como la guitarra cl\u00e1sica y el viol\u00edn, con instrumentos aut\u00f2ctonos como el guitarr\u00f3n, la jarana, flautas y gran variedad de percusiones. A partir de las 21 h, precio para socios 2\u20ac\/no socios 4\u20ac, incluye: visita, cata y concierto.<\/p>\n<p>Dentro del programa de actos de la <strong>Fiesta<\/strong><b> Mayor de Arbec<\/b>a, el pr\u00f3ximo <b>13 de agosto en la Sala Rep\u00fablica de Arbeca <\/b>podr\u00e9is disfrutar del <b>Trio Desconcierto,<\/b> que har\u00e1n un recorrido lleno de amor por la danza con tonos chilenos, tangos argentinos, valses europeos y m\u00fasica del caribe. Entrada libre a partir de las 12.30 h.<\/p>\n<p><img loading=\"lazy\" decoding=\"async\" class=\"alignnone size-full wp-image-200\" src=\"http:\/\/www.turismegarrigues.com\/blog\/wp-content\/uploads\/20170813_72n.jpg\" alt=\"\" width=\"1024\" height=\"582\" srcset=\"https:\/\/www.turismegarrigues.com\/blog\/wp-content\/uploads\/20170813_72n.jpg 1024w, https:\/\/www.turismegarrigues.com\/blog\/wp-content\/uploads\/20170813_72n-300x171.jpg 300w, https:\/\/www.turismegarrigues.com\/blog\/wp-content\/uploads\/20170813_72n-768x437.jpg 768w\" sizes=\"auto, (max-width: 1024px) 100vw, 1024px\" \/><\/p>\n<p>Podr\u00e9is seguir el lunes 14 de agosto con <b>Liv Duet en el\u00a0 Castillo de la Espluga Calba. Irene Labrador (violoncelo) e Izan Rubio (guitarra)<\/b> te transportar\u00e1n a profundos sonidos de delicadeza t\u00edmbrica por obras populares, tradicionales y contempor\u00e1neas brasile\u00f1as, catalanas, espa\u00f1olas y argentinas.<\/p>\n<p><img loading=\"lazy\" decoding=\"async\" class=\"alignnone size-full wp-image-201\" src=\"http:\/\/www.turismegarrigues.com\/blog\/wp-content\/uploads\/20170814_72n.jpg\" alt=\"\" width=\"1024\" height=\"582\" srcset=\"https:\/\/www.turismegarrigues.com\/blog\/wp-content\/uploads\/20170814_72n.jpg 1024w, https:\/\/www.turismegarrigues.com\/blog\/wp-content\/uploads\/20170814_72n-300x171.jpg 300w, https:\/\/www.turismegarrigues.com\/blog\/wp-content\/uploads\/20170814_72n-768x437.jpg 768w\" sizes=\"auto, (max-width: 1024px) 100vw, 1024px\" \/><\/p>\n<p>Entrada libre a partir de las 22.30h.<\/p>\n<p>Seguiremos con la actuaci\u00f3n de <b>Maltinski-Belotti<\/b>, dueto compuesto por el israel\u00ed Leor Maltinski (viol\u00edn) y el italiano Giuliano Belotti (guitarra) <b>el 19 de agosto en el Centro de Interpretaci\u00f3n de las Pinturas Rupestres de El Cogul.<\/b><\/p>\n<p><img loading=\"lazy\" decoding=\"async\" class=\"alignnone size-full wp-image-202\" src=\"http:\/\/www.turismegarrigues.com\/blog\/wp-content\/uploads\/20170819_72n.jpg\" alt=\"\" width=\"1024\" height=\"582\" srcset=\"https:\/\/www.turismegarrigues.com\/blog\/wp-content\/uploads\/20170819_72n.jpg 1024w, https:\/\/www.turismegarrigues.com\/blog\/wp-content\/uploads\/20170819_72n-300x171.jpg 300w, https:\/\/www.turismegarrigues.com\/blog\/wp-content\/uploads\/20170819_72n-768x437.jpg 768w\" sizes=\"auto, (max-width: 1024px) 100vw, 1024px\" \/><\/p>\n<p>Interpretar\u00e1n un repertorio de literatura musical con obras de grandes compositores como B\u00e1rtok, Falla, Sarasate y Alb\u00e9niz, entre otros. Entrada libre.<\/p>\n<p>Cerraremos el <a href=\"http:\/\/garriguitar.com\/\"><b>Garrigues Guitar Festival <\/b><\/a>con un concierto en la <a href=\"http:\/\/www.vinyaelsvilars.cat\/?lang=es\"><b>Vinya els Vilars d\u2019Arbeca<\/b><\/a> el <b>26 de agosto<\/b> con <b>Pyrophorus Guitar Duo<\/b>.<\/p>\n<p><img loading=\"lazy\" decoding=\"async\" class=\"alignnone size-full wp-image-203\" src=\"http:\/\/www.turismegarrigues.com\/blog\/wp-content\/uploads\/20170826_72n.jpg\" alt=\"\" width=\"1024\" height=\"582\" srcset=\"https:\/\/www.turismegarrigues.com\/blog\/wp-content\/uploads\/20170826_72n.jpg 1024w, https:\/\/www.turismegarrigues.com\/blog\/wp-content\/uploads\/20170826_72n-300x171.jpg 300w, https:\/\/www.turismegarrigues.com\/blog\/wp-content\/uploads\/20170826_72n-768x437.jpg 768w\" sizes=\"auto, (max-width: 1024px) 100vw, 1024px\" \/><\/p>\n<p>Los guitarristas cubanos Al\u00ed Arango y Josu\u00e9 Fonseca iluminan las barreras entre lo cl\u00e1sico y lo popular, explotando la fusi\u00f3n entre m\u00fasica popular cubana, jazz y\u00a0 m\u00fasica contempor\u00e1nea.<\/p>\n<p>Visita, cata y concert: 5 \u20ac.<\/p>\n<p>\u00a1Esperamos veros!  <\/p>\n","protected":false},"excerpt":{"rendered":"<p>Durante el mes de agosto contin\u00faa el Garrigues Guitar Festival \u201cMemorial Emili Pujol\u201d,\u00a0 a trav\u00e9s del cual se difunde la figura de Emili Pujol, conocida en todos los c\u00edrculos guitarristicos y musicales del mundo, mediante conciertos repartidos por espacios culturales de Les Garrigues: iglesias, castillos, bodegas, etc. Todav\u00eda est\u00e1is a tiempo de disfrutar de unos &#8230; <a title=\"Agosto musical en Les Garrigues\" class=\"read-more\" href=\"https:\/\/www.turismegarrigues.com\/blog\/es\/agost-musical-garrigues\/\" aria-label=\"Leer m\u00e1s sobre Agosto musical en Les Garrigues\">Leer m\u00e1s<\/a><\/p>\n","protected":false},"author":2,"featured_media":0,"comment_status":"closed","ping_status":"closed","sticky":false,"template":"","format":"standard","meta":{"footnotes":""},"categories":[21],"tags":[],"class_list":["post-206","post","type-post","status-publish","format-standard","hentry","category-actualidad"],"yoast_head":"<!-- This site is optimized with the Yoast SEO plugin v24.4 - https:\/\/yoast.com\/wordpress\/plugins\/seo\/ -->\n<title>Agosto musical en Les Garrigues - Turisme de les Garrigues<\/title>\n<meta name=\"description\" content=\"Durant el mes de agosto contin\u00faa el Garrigues Guitar Festival por diferentes pueblos de la comarca.\" \/>\n<meta name=\"robots\" content=\"index, follow, max-snippet:-1, max-image-preview:large, max-video-preview:-1\" \/>\n<link rel=\"canonical\" href=\"https:\/\/www.turismegarrigues.com\/blog\/es\/agost-musical-garrigues\/\" \/>\n<meta property=\"og:locale\" content=\"es_ES\" \/>\n<meta property=\"og:type\" content=\"article\" \/>\n<meta property=\"og:title\" content=\"Agosto musical en Les Garrigues - Turisme de les Garrigues\" \/>\n<meta property=\"og:description\" content=\"Durant el mes de agosto contin\u00faa el Garrigues Guitar Festival por diferentes pueblos de la comarca.\" \/>\n<meta property=\"og:url\" content=\"https:\/\/www.turismegarrigues.com\/blog\/es\/agost-musical-garrigues\/\" \/>\n<meta property=\"og:site_name\" content=\"Turisme de les Garrigues\" \/>\n<meta property=\"article:published_time\" content=\"2017-08-02T12:45:25+00:00\" \/>\n<meta property=\"article:modified_time\" content=\"2018-09-14T05:08:39+00:00\" \/>\n<meta property=\"og:image\" content=\"http:\/\/www.turismegarrigues.com\/blog\/wp-content\/uploads\/20170805_72n.jpg\" \/>\n<meta name=\"author\" content=\"turismegarrigues\" \/>\n<meta name=\"twitter:card\" content=\"summary_large_image\" \/>\n<meta name=\"twitter:label1\" content=\"Escrito por\" \/>\n\t<meta name=\"twitter:data1\" content=\"turismegarrigues\" \/>\n\t<meta name=\"twitter:label2\" content=\"Tiempo de lectura\" \/>\n\t<meta name=\"twitter:data2\" content=\"2 minutos\" \/>\n<script type=\"application\/ld+json\" class=\"yoast-schema-graph\">{\"@context\":\"https:\/\/schema.org\",\"@graph\":[{\"@type\":\"WebPage\",\"@id\":\"https:\/\/www.turismegarrigues.com\/blog\/es\/agost-musical-garrigues\/\",\"url\":\"https:\/\/www.turismegarrigues.com\/blog\/es\/agost-musical-garrigues\/\",\"name\":\"Agosto musical en Les Garrigues - Turisme de les Garrigues\",\"isPartOf\":{\"@id\":\"https:\/\/www.turismegarrigues.com\/blog\/#website\"},\"primaryImageOfPage\":{\"@id\":\"https:\/\/www.turismegarrigues.com\/blog\/es\/agost-musical-garrigues\/#primaryimage\"},\"image\":{\"@id\":\"https:\/\/www.turismegarrigues.com\/blog\/es\/agost-musical-garrigues\/#primaryimage\"},\"thumbnailUrl\":\"http:\/\/www.turismegarrigues.com\/blog\/wp-content\/uploads\/20170805_72n.jpg\",\"datePublished\":\"2017-08-02T12:45:25+00:00\",\"dateModified\":\"2018-09-14T05:08:39+00:00\",\"author\":{\"@id\":\"https:\/\/www.turismegarrigues.com\/blog\/#\/schema\/person\/7ada9dce6475184bb0c0a652f29c9653\"},\"description\":\"Durant el mes de agosto contin\u00faa el Garrigues Guitar Festival por diferentes pueblos de la comarca.\",\"breadcrumb\":{\"@id\":\"https:\/\/www.turismegarrigues.com\/blog\/es\/agost-musical-garrigues\/#breadcrumb\"},\"inLanguage\":\"es\",\"potentialAction\":[{\"@type\":\"ReadAction\",\"target\":[\"https:\/\/www.turismegarrigues.com\/blog\/es\/agost-musical-garrigues\/\"]}]},{\"@type\":\"ImageObject\",\"inLanguage\":\"es\",\"@id\":\"https:\/\/www.turismegarrigues.com\/blog\/es\/agost-musical-garrigues\/#primaryimage\",\"url\":\"http:\/\/www.turismegarrigues.com\/blog\/wp-content\/uploads\/20170805_72n.jpg\",\"contentUrl\":\"http:\/\/www.turismegarrigues.com\/blog\/wp-content\/uploads\/20170805_72n.jpg\"},{\"@type\":\"BreadcrumbList\",\"@id\":\"https:\/\/www.turismegarrigues.com\/blog\/es\/agost-musical-garrigues\/#breadcrumb\",\"itemListElement\":[{\"@type\":\"ListItem\",\"position\":1,\"name\":\"Inici\",\"item\":\"https:\/\/www.turismegarrigues.com\/blog\/\"},{\"@type\":\"ListItem\",\"position\":2,\"name\":\"Agosto musical en Les Garrigues\"}]},{\"@type\":\"WebSite\",\"@id\":\"https:\/\/www.turismegarrigues.com\/blog\/#website\",\"url\":\"https:\/\/www.turismegarrigues.com\/blog\/\",\"name\":\"Turisme de les Garrigues\",\"description\":\"Blog\",\"potentialAction\":[{\"@type\":\"SearchAction\",\"target\":{\"@type\":\"EntryPoint\",\"urlTemplate\":\"https:\/\/www.turismegarrigues.com\/blog\/?s={search_term_string}\"},\"query-input\":{\"@type\":\"PropertyValueSpecification\",\"valueRequired\":true,\"valueName\":\"search_term_string\"}}],\"inLanguage\":\"es\"},{\"@type\":\"Person\",\"@id\":\"https:\/\/www.turismegarrigues.com\/blog\/#\/schema\/person\/7ada9dce6475184bb0c0a652f29c9653\",\"name\":\"turismegarrigues\",\"image\":{\"@type\":\"ImageObject\",\"inLanguage\":\"es\",\"@id\":\"https:\/\/www.turismegarrigues.com\/blog\/#\/schema\/person\/image\/\",\"url\":\"https:\/\/secure.gravatar.com\/avatar\/2479dec683bf2f700ffae0009a0a72796d18201a99196df0e23b11ae9749e88e?s=96&d=mm&r=g\",\"contentUrl\":\"https:\/\/secure.gravatar.com\/avatar\/2479dec683bf2f700ffae0009a0a72796d18201a99196df0e23b11ae9749e88e?s=96&d=mm&r=g\",\"caption\":\"turismegarrigues\"},\"sameAs\":[\"http:\/\/www.turismegarrigues.com\/\"],\"url\":\"https:\/\/www.turismegarrigues.com\/blog\/es\/author\/turismegarrigues\/\"}]}<\/script>\n<!-- \/ Yoast SEO plugin. -->","yoast_head_json":{"title":"Agosto musical en Les Garrigues - Turisme de les Garrigues","description":"Durant el mes de agosto contin\u00faa el Garrigues Guitar Festival por diferentes pueblos de la comarca.","robots":{"index":"index","follow":"follow","max-snippet":"max-snippet:-1","max-image-preview":"max-image-preview:large","max-video-preview":"max-video-preview:-1"},"canonical":"https:\/\/www.turismegarrigues.com\/blog\/es\/agost-musical-garrigues\/","og_locale":"es_ES","og_type":"article","og_title":"Agosto musical en Les Garrigues - Turisme de les Garrigues","og_description":"Durant el mes de agosto contin\u00faa el Garrigues Guitar Festival por diferentes pueblos de la comarca.","og_url":"https:\/\/www.turismegarrigues.com\/blog\/es\/agost-musical-garrigues\/","og_site_name":"Turisme de les Garrigues","article_published_time":"2017-08-02T12:45:25+00:00","article_modified_time":"2018-09-14T05:08:39+00:00","og_image":[{"url":"http:\/\/www.turismegarrigues.com\/blog\/wp-content\/uploads\/20170805_72n.jpg","type":"","width":"","height":""}],"author":"turismegarrigues","twitter_card":"summary_large_image","twitter_misc":{"Escrito por":"turismegarrigues","Tiempo de lectura":"2 minutos"},"schema":{"@context":"https:\/\/schema.org","@graph":[{"@type":"WebPage","@id":"https:\/\/www.turismegarrigues.com\/blog\/es\/agost-musical-garrigues\/","url":"https:\/\/www.turismegarrigues.com\/blog\/es\/agost-musical-garrigues\/","name":"Agosto musical en Les Garrigues - Turisme de les Garrigues","isPartOf":{"@id":"https:\/\/www.turismegarrigues.com\/blog\/#website"},"primaryImageOfPage":{"@id":"https:\/\/www.turismegarrigues.com\/blog\/es\/agost-musical-garrigues\/#primaryimage"},"image":{"@id":"https:\/\/www.turismegarrigues.com\/blog\/es\/agost-musical-garrigues\/#primaryimage"},"thumbnailUrl":"http:\/\/www.turismegarrigues.com\/blog\/wp-content\/uploads\/20170805_72n.jpg","datePublished":"2017-08-02T12:45:25+00:00","dateModified":"2018-09-14T05:08:39+00:00","author":{"@id":"https:\/\/www.turismegarrigues.com\/blog\/#\/schema\/person\/7ada9dce6475184bb0c0a652f29c9653"},"description":"Durant el mes de agosto contin\u00faa el Garrigues Guitar Festival por diferentes pueblos de la comarca.","breadcrumb":{"@id":"https:\/\/www.turismegarrigues.com\/blog\/es\/agost-musical-garrigues\/#breadcrumb"},"inLanguage":"es","potentialAction":[{"@type":"ReadAction","target":["https:\/\/www.turismegarrigues.com\/blog\/es\/agost-musical-garrigues\/"]}]},{"@type":"ImageObject","inLanguage":"es","@id":"https:\/\/www.turismegarrigues.com\/blog\/es\/agost-musical-garrigues\/#primaryimage","url":"http:\/\/www.turismegarrigues.com\/blog\/wp-content\/uploads\/20170805_72n.jpg","contentUrl":"http:\/\/www.turismegarrigues.com\/blog\/wp-content\/uploads\/20170805_72n.jpg"},{"@type":"BreadcrumbList","@id":"https:\/\/www.turismegarrigues.com\/blog\/es\/agost-musical-garrigues\/#breadcrumb","itemListElement":[{"@type":"ListItem","position":1,"name":"Inici","item":"https:\/\/www.turismegarrigues.com\/blog\/"},{"@type":"ListItem","position":2,"name":"Agosto musical en Les Garrigues"}]},{"@type":"WebSite","@id":"https:\/\/www.turismegarrigues.com\/blog\/#website","url":"https:\/\/www.turismegarrigues.com\/blog\/","name":"Turisme de les Garrigues","description":"Blog","potentialAction":[{"@type":"SearchAction","target":{"@type":"EntryPoint","urlTemplate":"https:\/\/www.turismegarrigues.com\/blog\/?s={search_term_string}"},"query-input":{"@type":"PropertyValueSpecification","valueRequired":true,"valueName":"search_term_string"}}],"inLanguage":"es"},{"@type":"Person","@id":"https:\/\/www.turismegarrigues.com\/blog\/#\/schema\/person\/7ada9dce6475184bb0c0a652f29c9653","name":"turismegarrigues","image":{"@type":"ImageObject","inLanguage":"es","@id":"https:\/\/www.turismegarrigues.com\/blog\/#\/schema\/person\/image\/","url":"https:\/\/secure.gravatar.com\/avatar\/2479dec683bf2f700ffae0009a0a72796d18201a99196df0e23b11ae9749e88e?s=96&d=mm&r=g","contentUrl":"https:\/\/secure.gravatar.com\/avatar\/2479dec683bf2f700ffae0009a0a72796d18201a99196df0e23b11ae9749e88e?s=96&d=mm&r=g","caption":"turismegarrigues"},"sameAs":["http:\/\/www.turismegarrigues.com\/"],"url":"https:\/\/www.turismegarrigues.com\/blog\/es\/author\/turismegarrigues\/"}]}},"_links":{"self":[{"href":"https:\/\/www.turismegarrigues.com\/blog\/es\/wp-json\/wp\/v2\/posts\/206","targetHints":{"allow":["GET"]}}],"collection":[{"href":"https:\/\/www.turismegarrigues.com\/blog\/es\/wp-json\/wp\/v2\/posts"}],"about":[{"href":"https:\/\/www.turismegarrigues.com\/blog\/es\/wp-json\/wp\/v2\/types\/post"}],"author":[{"embeddable":true,"href":"https:\/\/www.turismegarrigues.com\/blog\/es\/wp-json\/wp\/v2\/users\/2"}],"replies":[{"embeddable":true,"href":"https:\/\/www.turismegarrigues.com\/blog\/es\/wp-json\/wp\/v2\/comments?post=206"}],"version-history":[{"count":5,"href":"https:\/\/www.turismegarrigues.com\/blog\/es\/wp-json\/wp\/v2\/posts\/206\/revisions"}],"predecessor-version":[{"id":1341,"href":"https:\/\/www.turismegarrigues.com\/blog\/es\/wp-json\/wp\/v2\/posts\/206\/revisions\/1341"}],"wp:attachment":[{"href":"https:\/\/www.turismegarrigues.com\/blog\/es\/wp-json\/wp\/v2\/media?parent=206"}],"wp:term":[{"taxonomy":"category","embeddable":true,"href":"https:\/\/www.turismegarrigues.com\/blog\/es\/wp-json\/wp\/v2\/categories?post=206"},{"taxonomy":"post_tag","embeddable":true,"href":"https:\/\/www.turismegarrigues.com\/blog\/es\/wp-json\/wp\/v2\/tags?post=206"}],"curies":[{"name":"wp","href":"https:\/\/api.w.org\/{rel}","templated":true}]}}