{"id":413,"date":"2017-11-20T18:15:12","date_gmt":"2017-11-20T17:15:12","guid":{"rendered":"http:\/\/www.turismegarrigues.com\/blog\/fira-santa-caterina\/"},"modified":"2018-09-14T06:06:48","modified_gmt":"2018-09-14T05:06:48","slug":"fira-santa-caterina","status":"publish","type":"post","link":"https:\/\/www.turismegarrigues.com\/blog\/es\/fira-santa-caterina\/","title":{"rendered":"Feria de Santa Caterina"},"content":{"rendered":"<p><span style=\"font-weight: 400;\">Un a\u00f1o m\u00e1s llega noviembre y con \u00e9l, la\u00a0<strong>Feria de Santa Caterina de Arbeca<\/strong>\u00a0donde se muestra uno de los productos m\u00e1s importantes de la poblaci\u00f3n: el aceite de oliva virgen extra de la variedad arbequina.\u00a0<\/span><\/p>\n<p><span style=\"font-weight: 400;\">Es una fiesta que se celebra desde 1505 el fin de semana del 25 de noviembre. Es una concesi\u00f3n real que permit\u00eda disfrutar de privilegios y la protecci\u00f3n de los mercados establecidos, serv\u00eda para proveer a los ciudadanos aquello necesario para pasar los meses m\u00e1s fr\u00edos del a\u00f1o. \u00a0Aprovechaban para adquirir las herramientas y animales necesarios para la recolecta de la oliva. Hace 33 a\u00f1os se incluy\u00f3 el perro cazador, ya que Arbeca dispone de una gran \u00e1rea de caza y hace 14 se introdujo el aceite de oliva, producto estrella de Arebca.<\/span><\/p>\n<p><img loading=\"lazy\" decoding=\"async\" class=\"alignnone size-full wp-image-402\" src=\"http:\/\/www.turismegarrigues.com\/blog\/wp-content\/uploads\/ARBECA-CALLE-MAYOR-2.jpg\" alt=\"\" width=\"508\" height=\"418\" srcset=\"https:\/\/www.turismegarrigues.com\/blog\/wp-content\/uploads\/ARBECA-CALLE-MAYOR-2.jpg 508w, https:\/\/www.turismegarrigues.com\/blog\/wp-content\/uploads\/ARBECA-CALLE-MAYOR-2-300x247.jpg 300w\" sizes=\"auto, (max-width: 508px) 100vw, 508px\" \/><\/p>\n<h6>Imagen de\u00a0https:\/\/quinalafem.blogspot.com.es\/search?q=arbeca<\/h6>\n<p><span style=\"font-weight: 400;\">El Ayuntamiento prepara cada a\u00f1o un programa de actividades muy variado. La Feria arrancar\u00e1 con las charlas sobre el aceite: \u00abEl oleoturismo como puntal del turismo gastron\u00f3mico\u00bb a cargo de la empresa Olea Soul y \u00abVivir una experiencia gastron\u00f3mica\u00bb a cargo de Montse Freixa del Restaurante El Castell, seguido de una \u00abCata de birra y tapa\u00bb el viernes 24 de noviembre.<\/span><\/p>\n<p><img loading=\"lazy\" decoding=\"async\" class=\"alignnone size-full wp-image-403\" src=\"http:\/\/www.turismegarrigues.com\/blog\/wp-content\/uploads\/DSC07267.jpg\" alt=\"\" width=\"1024\" height=\"768\" srcset=\"https:\/\/www.turismegarrigues.com\/blog\/wp-content\/uploads\/DSC07267.jpg 1024w, https:\/\/www.turismegarrigues.com\/blog\/wp-content\/uploads\/DSC07267-300x225.jpg 300w, https:\/\/www.turismegarrigues.com\/blog\/wp-content\/uploads\/DSC07267-768x576.jpg 768w\" sizes=\"auto, (max-width: 1024px) 100vw, 1024px\" \/><\/p>\n<p><span style=\"font-weight: 400;\">El s\u00e1bado 25 de noviembre con la primera edici\u00f3n del Trail Running Santa Caterina, a las 17h teatro infantil a cargo de Guitlla Teatro y a partir de las 00.30h noche versions y DJ. Finalmente, el d\u00eda 26 podr\u00e9is disfrutar del tradicional mercado ferial, desayuno popular, desfile canino y muestra de perros de caza y muchas actividades vinculadas de aceite nuevo, adem\u00e1s de poder comprarlo.\u00a0<\/span><\/p>\n<p><span style=\"font-weight: 400;\">Aprovechando la visita a Arbeca, es un buen momento para visitar la <a href=\"http:\/\/www.vilars.cat\"><strong>Fortalesa dels Vilars d&#8217;Arbeca<\/strong><\/a> situada a unos 4 km de\u00a0<\/span><a href=\"https:\/\/ca.wikipedia.org\/wiki\/Arbeca\"><span style=\"font-weight: 400;\">Arbeca<\/span><\/a><span style=\"font-weight: 400;\">. Construida hace 2.800 a\u00f1os, es \u00fanica en el mundo ib\u00e9rico catal\u00e1n.<\/span><\/p>\n<p><img loading=\"lazy\" decoding=\"async\" class=\"alignnone size-full wp-image-405\" src=\"http:\/\/www.turismegarrigues.com\/blog\/wp-content\/uploads\/VILARS-AIRE-22.jpg\" alt=\"\" width=\"1024\" height=\"678\" srcset=\"https:\/\/www.turismegarrigues.com\/blog\/wp-content\/uploads\/VILARS-AIRE-22.jpg 1024w, https:\/\/www.turismegarrigues.com\/blog\/wp-content\/uploads\/VILARS-AIRE-22-300x199.jpg 300w, https:\/\/www.turismegarrigues.com\/blog\/wp-content\/uploads\/VILARS-AIRE-22-768x509.jpg 768w\" sizes=\"auto, (max-width: 1024px) 100vw, 1024px\" \/><\/p>\n<p><span style=\"font-weight: 400;\">Otro atractivo de la zona son las cuevas del Cogul<\/span><span style=\"font-weight: 400;\">, uno<\/span><span style=\"font-weight: 400;\"> de los yacimientos de pinturas rupestres m\u00e1s destacados de arte rupestre levantino, la expresi\u00f3n art\u00edstica-creencial m\u00e1s extraordinaria y singular de\u00a0<\/span><span style=\"font-weight: 400;\">la Prehistoria europea.<\/span><\/p>\n<p><img loading=\"lazy\" decoding=\"async\" class=\"alignnone size-full wp-image-404\" src=\"http:\/\/www.turismegarrigues.com\/blog\/wp-content\/uploads\/COGUL-18.jpg\" alt=\"\" width=\"588\" height=\"1024\" srcset=\"https:\/\/www.turismegarrigues.com\/blog\/wp-content\/uploads\/COGUL-18.jpg 588w, https:\/\/www.turismegarrigues.com\/blog\/wp-content\/uploads\/COGUL-18-172x300.jpg 172w\" sizes=\"auto, (max-width: 588px) 100vw, 588px\" \/><\/p>\n<p><span style=\"font-weight: 400;\">Finalmente, como propuesta gastron\u00f3mica, en el mes de noviembre pod\u00e9is participar en la Muestra Gastron\u00f3mica celebrada en la comarca, donde el aceite y los productos de la nuestra tierra son los protagonistas principales de los men\u00fas preparados por los diferentes restaurantes participantes. Pod\u00e9is ver el men\u00fa <\/span><a href=\"http:\/\/www.turismegarrigues.com\/blog\/mostra-gastronomica-garrigues\/\"><span style=\"font-weight: 400;\">aqu\u00ed<\/span><\/a><span style=\"font-weight: 400;\">.<\/span><\/p>\n<p><img loading=\"lazy\" decoding=\"async\" class=\"alignnone size-full wp-image-406\" src=\"http:\/\/www.turismegarrigues.com\/blog\/wp-content\/uploads\/IMG_0863.jpg\" alt=\"\" width=\"1024\" height=\"683\" srcset=\"https:\/\/www.turismegarrigues.com\/blog\/wp-content\/uploads\/IMG_0863.jpg 1024w, https:\/\/www.turismegarrigues.com\/blog\/wp-content\/uploads\/IMG_0863-300x200.jpg 300w, https:\/\/www.turismegarrigues.com\/blog\/wp-content\/uploads\/IMG_0863-768x512.jpg 768w\" sizes=\"auto, (max-width: 1024px) 100vw, 1024px\" \/><\/p>\n","protected":false},"excerpt":{"rendered":"<p>Un a\u00f1o m\u00e1s llega noviembre y con \u00e9l, la\u00a0Feria de Santa Caterina de Arbeca\u00a0donde se muestra uno de los productos m\u00e1s importantes de la poblaci\u00f3n: el aceite de oliva virgen extra de la variedad arbequina.\u00a0 Es una fiesta que se celebra desde 1505 el fin de semana del 25 de noviembre. Es una concesi\u00f3n real &#8230; <a title=\"Feria de Santa Caterina\" class=\"read-more\" href=\"https:\/\/www.turismegarrigues.com\/blog\/es\/fira-santa-caterina\/\" aria-label=\"Leer m\u00e1s sobre Feria de Santa Caterina\">Leer m\u00e1s<\/a><\/p>\n","protected":false},"author":2,"featured_media":407,"comment_status":"closed","ping_status":"closed","sticky":false,"template":"","format":"standard","meta":{"footnotes":""},"categories":[21,24],"tags":[],"class_list":["post-413","post","type-post","status-publish","format-standard","has-post-thumbnail","hentry","category-actualidad","category-ferias"],"yoast_head":"<!-- This site is optimized with the Yoast SEO plugin v24.4 - https:\/\/yoast.com\/wordpress\/plugins\/seo\/ -->\n<title>Fira de Santa Caterina d&#039;Arbeca<\/title>\n<meta name=\"description\" content=\"Un any m\u00e9s arriba el novembre i amb ell la Fira de Santa Caterina d\u2019Arbeca on es mostra un el nou oli d\u2019oliva verge extra de la varietat arbequina.\" \/>\n<meta name=\"robots\" content=\"index, follow, max-snippet:-1, max-image-preview:large, max-video-preview:-1\" \/>\n<link rel=\"canonical\" href=\"https:\/\/www.turismegarrigues.com\/blog\/es\/fira-santa-caterina\/\" \/>\n<meta property=\"og:locale\" content=\"es_ES\" \/>\n<meta property=\"og:type\" content=\"article\" \/>\n<meta property=\"og:title\" content=\"Fira de Santa Caterina d&#039;Arbeca\" \/>\n<meta property=\"og:description\" content=\"Un any m\u00e9s arriba el novembre i amb ell la Fira de Santa Caterina d\u2019Arbeca on es mostra un el nou oli d\u2019oliva verge extra de la varietat arbequina.\" \/>\n<meta property=\"og:url\" content=\"https:\/\/www.turismegarrigues.com\/blog\/es\/fira-santa-caterina\/\" \/>\n<meta property=\"og:site_name\" content=\"Turisme de les Garrigues\" \/>\n<meta property=\"article:published_time\" content=\"2017-11-20T17:15:12+00:00\" \/>\n<meta property=\"article:modified_time\" content=\"2018-09-14T05:06:48+00:00\" \/>\n<meta property=\"og:image\" content=\"https:\/\/www.turismegarrigues.com\/blog\/wp-content\/uploads\/arbeca-banner-1.jpg\" \/>\n\t<meta property=\"og:image:width\" content=\"1024\" \/>\n\t<meta property=\"og:image:height\" content=\"489\" \/>\n\t<meta property=\"og:image:type\" content=\"image\/jpeg\" \/>\n<meta name=\"author\" content=\"turismegarrigues\" \/>\n<meta name=\"twitter:card\" content=\"summary_large_image\" \/>\n<meta name=\"twitter:label1\" content=\"Escrito por\" \/>\n\t<meta name=\"twitter:data1\" content=\"turismegarrigues\" \/>\n\t<meta name=\"twitter:label2\" content=\"Tiempo de lectura\" \/>\n\t<meta name=\"twitter:data2\" content=\"2 minutos\" \/>\n<script type=\"application\/ld+json\" class=\"yoast-schema-graph\">{\"@context\":\"https:\/\/schema.org\",\"@graph\":[{\"@type\":\"WebPage\",\"@id\":\"https:\/\/www.turismegarrigues.com\/blog\/es\/fira-santa-caterina\/\",\"url\":\"https:\/\/www.turismegarrigues.com\/blog\/es\/fira-santa-caterina\/\",\"name\":\"Fira de Santa Caterina d'Arbeca\",\"isPartOf\":{\"@id\":\"https:\/\/www.turismegarrigues.com\/blog\/#website\"},\"primaryImageOfPage\":{\"@id\":\"https:\/\/www.turismegarrigues.com\/blog\/es\/fira-santa-caterina\/#primaryimage\"},\"image\":{\"@id\":\"https:\/\/www.turismegarrigues.com\/blog\/es\/fira-santa-caterina\/#primaryimage\"},\"thumbnailUrl\":\"https:\/\/www.turismegarrigues.com\/blog\/wp-content\/uploads\/arbeca-banner-1.jpg\",\"datePublished\":\"2017-11-20T17:15:12+00:00\",\"dateModified\":\"2018-09-14T05:06:48+00:00\",\"author\":{\"@id\":\"https:\/\/www.turismegarrigues.com\/blog\/#\/schema\/person\/7ada9dce6475184bb0c0a652f29c9653\"},\"description\":\"Un any m\u00e9s arriba el novembre i amb ell la Fira de Santa Caterina d\u2019Arbeca on es mostra un el nou oli d\u2019oliva verge extra de la varietat arbequina.\",\"breadcrumb\":{\"@id\":\"https:\/\/www.turismegarrigues.com\/blog\/es\/fira-santa-caterina\/#breadcrumb\"},\"inLanguage\":\"es\",\"potentialAction\":[{\"@type\":\"ReadAction\",\"target\":[\"https:\/\/www.turismegarrigues.com\/blog\/es\/fira-santa-caterina\/\"]}]},{\"@type\":\"ImageObject\",\"inLanguage\":\"es\",\"@id\":\"https:\/\/www.turismegarrigues.com\/blog\/es\/fira-santa-caterina\/#primaryimage\",\"url\":\"https:\/\/www.turismegarrigues.com\/blog\/wp-content\/uploads\/arbeca-banner-1.jpg\",\"contentUrl\":\"https:\/\/www.turismegarrigues.com\/blog\/wp-content\/uploads\/arbeca-banner-1.jpg\",\"width\":1024,\"height\":489},{\"@type\":\"BreadcrumbList\",\"@id\":\"https:\/\/www.turismegarrigues.com\/blog\/es\/fira-santa-caterina\/#breadcrumb\",\"itemListElement\":[{\"@type\":\"ListItem\",\"position\":1,\"name\":\"Inici\",\"item\":\"https:\/\/www.turismegarrigues.com\/blog\/\"},{\"@type\":\"ListItem\",\"position\":2,\"name\":\"Feria de Santa Caterina\"}]},{\"@type\":\"WebSite\",\"@id\":\"https:\/\/www.turismegarrigues.com\/blog\/#website\",\"url\":\"https:\/\/www.turismegarrigues.com\/blog\/\",\"name\":\"Turisme de les Garrigues\",\"description\":\"Blog\",\"potentialAction\":[{\"@type\":\"SearchAction\",\"target\":{\"@type\":\"EntryPoint\",\"urlTemplate\":\"https:\/\/www.turismegarrigues.com\/blog\/?s={search_term_string}\"},\"query-input\":{\"@type\":\"PropertyValueSpecification\",\"valueRequired\":true,\"valueName\":\"search_term_string\"}}],\"inLanguage\":\"es\"},{\"@type\":\"Person\",\"@id\":\"https:\/\/www.turismegarrigues.com\/blog\/#\/schema\/person\/7ada9dce6475184bb0c0a652f29c9653\",\"name\":\"turismegarrigues\",\"image\":{\"@type\":\"ImageObject\",\"inLanguage\":\"es\",\"@id\":\"https:\/\/www.turismegarrigues.com\/blog\/#\/schema\/person\/image\/\",\"url\":\"https:\/\/secure.gravatar.com\/avatar\/2479dec683bf2f700ffae0009a0a72796d18201a99196df0e23b11ae9749e88e?s=96&d=mm&r=g\",\"contentUrl\":\"https:\/\/secure.gravatar.com\/avatar\/2479dec683bf2f700ffae0009a0a72796d18201a99196df0e23b11ae9749e88e?s=96&d=mm&r=g\",\"caption\":\"turismegarrigues\"},\"sameAs\":[\"http:\/\/www.turismegarrigues.com\/\"],\"url\":\"https:\/\/www.turismegarrigues.com\/blog\/es\/author\/turismegarrigues\/\"}]}<\/script>\n<!-- \/ Yoast SEO plugin. -->","yoast_head_json":{"title":"Fira de Santa Caterina d'Arbeca","description":"Un any m\u00e9s arriba el novembre i amb ell la Fira de Santa Caterina d\u2019Arbeca on es mostra un el nou oli d\u2019oliva verge extra de la varietat arbequina.","robots":{"index":"index","follow":"follow","max-snippet":"max-snippet:-1","max-image-preview":"max-image-preview:large","max-video-preview":"max-video-preview:-1"},"canonical":"https:\/\/www.turismegarrigues.com\/blog\/es\/fira-santa-caterina\/","og_locale":"es_ES","og_type":"article","og_title":"Fira de Santa Caterina d'Arbeca","og_description":"Un any m\u00e9s arriba el novembre i amb ell la Fira de Santa Caterina d\u2019Arbeca on es mostra un el nou oli d\u2019oliva verge extra de la varietat arbequina.","og_url":"https:\/\/www.turismegarrigues.com\/blog\/es\/fira-santa-caterina\/","og_site_name":"Turisme de les Garrigues","article_published_time":"2017-11-20T17:15:12+00:00","article_modified_time":"2018-09-14T05:06:48+00:00","og_image":[{"width":1024,"height":489,"url":"https:\/\/www.turismegarrigues.com\/blog\/wp-content\/uploads\/arbeca-banner-1.jpg","type":"image\/jpeg"}],"author":"turismegarrigues","twitter_card":"summary_large_image","twitter_misc":{"Escrito por":"turismegarrigues","Tiempo de lectura":"2 minutos"},"schema":{"@context":"https:\/\/schema.org","@graph":[{"@type":"WebPage","@id":"https:\/\/www.turismegarrigues.com\/blog\/es\/fira-santa-caterina\/","url":"https:\/\/www.turismegarrigues.com\/blog\/es\/fira-santa-caterina\/","name":"Fira de Santa Caterina d'Arbeca","isPartOf":{"@id":"https:\/\/www.turismegarrigues.com\/blog\/#website"},"primaryImageOfPage":{"@id":"https:\/\/www.turismegarrigues.com\/blog\/es\/fira-santa-caterina\/#primaryimage"},"image":{"@id":"https:\/\/www.turismegarrigues.com\/blog\/es\/fira-santa-caterina\/#primaryimage"},"thumbnailUrl":"https:\/\/www.turismegarrigues.com\/blog\/wp-content\/uploads\/arbeca-banner-1.jpg","datePublished":"2017-11-20T17:15:12+00:00","dateModified":"2018-09-14T05:06:48+00:00","author":{"@id":"https:\/\/www.turismegarrigues.com\/blog\/#\/schema\/person\/7ada9dce6475184bb0c0a652f29c9653"},"description":"Un any m\u00e9s arriba el novembre i amb ell la Fira de Santa Caterina d\u2019Arbeca on es mostra un el nou oli d\u2019oliva verge extra de la varietat arbequina.","breadcrumb":{"@id":"https:\/\/www.turismegarrigues.com\/blog\/es\/fira-santa-caterina\/#breadcrumb"},"inLanguage":"es","potentialAction":[{"@type":"ReadAction","target":["https:\/\/www.turismegarrigues.com\/blog\/es\/fira-santa-caterina\/"]}]},{"@type":"ImageObject","inLanguage":"es","@id":"https:\/\/www.turismegarrigues.com\/blog\/es\/fira-santa-caterina\/#primaryimage","url":"https:\/\/www.turismegarrigues.com\/blog\/wp-content\/uploads\/arbeca-banner-1.jpg","contentUrl":"https:\/\/www.turismegarrigues.com\/blog\/wp-content\/uploads\/arbeca-banner-1.jpg","width":1024,"height":489},{"@type":"BreadcrumbList","@id":"https:\/\/www.turismegarrigues.com\/blog\/es\/fira-santa-caterina\/#breadcrumb","itemListElement":[{"@type":"ListItem","position":1,"name":"Inici","item":"https:\/\/www.turismegarrigues.com\/blog\/"},{"@type":"ListItem","position":2,"name":"Feria de Santa Caterina"}]},{"@type":"WebSite","@id":"https:\/\/www.turismegarrigues.com\/blog\/#website","url":"https:\/\/www.turismegarrigues.com\/blog\/","name":"Turisme de les Garrigues","description":"Blog","potentialAction":[{"@type":"SearchAction","target":{"@type":"EntryPoint","urlTemplate":"https:\/\/www.turismegarrigues.com\/blog\/?s={search_term_string}"},"query-input":{"@type":"PropertyValueSpecification","valueRequired":true,"valueName":"search_term_string"}}],"inLanguage":"es"},{"@type":"Person","@id":"https:\/\/www.turismegarrigues.com\/blog\/#\/schema\/person\/7ada9dce6475184bb0c0a652f29c9653","name":"turismegarrigues","image":{"@type":"ImageObject","inLanguage":"es","@id":"https:\/\/www.turismegarrigues.com\/blog\/#\/schema\/person\/image\/","url":"https:\/\/secure.gravatar.com\/avatar\/2479dec683bf2f700ffae0009a0a72796d18201a99196df0e23b11ae9749e88e?s=96&d=mm&r=g","contentUrl":"https:\/\/secure.gravatar.com\/avatar\/2479dec683bf2f700ffae0009a0a72796d18201a99196df0e23b11ae9749e88e?s=96&d=mm&r=g","caption":"turismegarrigues"},"sameAs":["http:\/\/www.turismegarrigues.com\/"],"url":"https:\/\/www.turismegarrigues.com\/blog\/es\/author\/turismegarrigues\/"}]}},"_links":{"self":[{"href":"https:\/\/www.turismegarrigues.com\/blog\/es\/wp-json\/wp\/v2\/posts\/413","targetHints":{"allow":["GET"]}}],"collection":[{"href":"https:\/\/www.turismegarrigues.com\/blog\/es\/wp-json\/wp\/v2\/posts"}],"about":[{"href":"https:\/\/www.turismegarrigues.com\/blog\/es\/wp-json\/wp\/v2\/types\/post"}],"author":[{"embeddable":true,"href":"https:\/\/www.turismegarrigues.com\/blog\/es\/wp-json\/wp\/v2\/users\/2"}],"replies":[{"embeddable":true,"href":"https:\/\/www.turismegarrigues.com\/blog\/es\/wp-json\/wp\/v2\/comments?post=413"}],"version-history":[{"count":6,"href":"https:\/\/www.turismegarrigues.com\/blog\/es\/wp-json\/wp\/v2\/posts\/413\/revisions"}],"predecessor-version":[{"id":1327,"href":"https:\/\/www.turismegarrigues.com\/blog\/es\/wp-json\/wp\/v2\/posts\/413\/revisions\/1327"}],"wp:featuredmedia":[{"embeddable":true,"href":"https:\/\/www.turismegarrigues.com\/blog\/es\/wp-json\/wp\/v2\/media\/407"}],"wp:attachment":[{"href":"https:\/\/www.turismegarrigues.com\/blog\/es\/wp-json\/wp\/v2\/media?parent=413"}],"wp:term":[{"taxonomy":"category","embeddable":true,"href":"https:\/\/www.turismegarrigues.com\/blog\/es\/wp-json\/wp\/v2\/categories?post=413"},{"taxonomy":"post_tag","embeddable":true,"href":"https:\/\/www.turismegarrigues.com\/blog\/es\/wp-json\/wp\/v2\/tags?post=413"}],"curies":[{"name":"wp","href":"https:\/\/api.w.org\/{rel}","templated":true}]}}