{"id":1344,"date":"2018-10-03T10:40:08","date_gmt":"2018-10-03T09:40:08","guid":{"rendered":"https:\/\/www.turismegarrigues.com\/blog\/?p=1344"},"modified":"2018-10-03T11:07:51","modified_gmt":"2018-10-03T10:07:51","slug":"festes-i-fires-del-mes-doctubre","status":"publish","type":"post","link":"https:\/\/www.turismegarrigues.com\/blog\/festes-i-fires-del-mes-doctubre\/","title":{"rendered":"Festes i fires del mes d\u2019octubre"},"content":{"rendered":"<p><span style=\"font-weight: 400;\">Amb l\u2019arribada de la tardor arrenca la temporada de fires i festes arreu la comarca. Perqu\u00e8 no us perdeu cap esdeveniment, a continuaci\u00f3 us deixem totes les propostes del mes d\u2019octubre.<\/span><\/p>\n<p><span style=\"font-weight: 400;\">El 7 d\u2019octubre donar\u00e0 el tret de sortida a la temporada la <\/span><b>Fira de Mascotes<\/b><span style=\"font-weight: 400;\"> de les Borges Blanques, on els protagonistes s\u00f3n els animals de companyia i any rere any ha tingut una molt bona acollida.<\/span><\/p>\n<p><span style=\"font-weight: 400;\">El 20 d\u2019octubre, tamb\u00e9 a les Borges Blanques, tindr\u00e0 lloc la <\/span><b>FIRRA: Fira de la Cervesa Artesana<\/b><span style=\"font-weight: 400;\"> que ja arriba a la 5a edici\u00f3. <\/span><i><span style=\"font-weight: 400;\">Enguany ve carregada d\u2019actuacions per tal de <\/span><\/i><span style=\"font-weight: 400;\">celebrar els seus 5 anys, comptar\u00e0 amb la participaci\u00f3 d\u2019una desena d\u2019elaboradors artesans de la demarcaci\u00f3 que oferiran fins a una trentena de cerveses diferents. Comen\u00e7ar\u00e0 a partir de les 11.30 hores, mantindr\u00e0 el tradicional \u201cbeermouth\u201d i la \u201cbeerbacoa\u201d, tallers infantils i a m\u00e9s a m\u00e9s, enguany l\u2019organitzaci\u00f3 ha preparat un cartell musical amb les actuacions de Judy G. Martin\u2019s Trio, The Big Jamboree, Saphie Wells and the Swing Cats i el grup de heavy metal nord-americ\u00e0, popular per haver versionat l\u2019himne d\u2019Els segadors, A Sound of Thunder.<\/span><\/p>\n<p><img loading=\"lazy\" decoding=\"async\" class=\"alignnone wp-image-1345\" src=\"https:\/\/www.turismegarrigues.com\/blog\/wp-content\/uploads\/42478936_1123093037847200_2721967886418575360_n.jpg\" alt=\"\" width=\"1024\" height=\"681\" srcset=\"https:\/\/www.turismegarrigues.com\/blog\/wp-content\/uploads\/42478936_1123093037847200_2721967886418575360_n.jpg 960w, https:\/\/www.turismegarrigues.com\/blog\/wp-content\/uploads\/42478936_1123093037847200_2721967886418575360_n-300x199.jpg 300w, https:\/\/www.turismegarrigues.com\/blog\/wp-content\/uploads\/42478936_1123093037847200_2721967886418575360_n-768x510.jpg 768w\" sizes=\"auto, (max-width: 1024px) 100vw, 1024px\" \/><\/p>\n<p><span style=\"font-weight: 400;\">El mes d\u2019octubre finalitzar\u00e0 amb la<\/span><b> Festa de la Rosa del Safr\u00e0<\/b><span style=\"font-weight: 400;\"> el diumenge 28 a Cervi\u00e0 de les Garrigues, un esdeveniment per promoure el safr\u00e0 de qualitat comercialitzat sota la marca de <\/span><b>Safr\u00e0 de les Garrigues<\/b><span style=\"font-weight: 400;\">, com tamb\u00e9 promocionar les propietats culin\u00e0ries d&#8217;aquesta esp\u00e8cia. <\/span><span style=\"font-weight: 400;\">Al llarg del mat\u00ed, a la mateixa seu de l&#8217;entitat i en diversos carrers del centre del poble, es programen diferents activitats, com ara competicions d&#8217;esbrinar (l&#8217;acci\u00f3 d&#8217;extreure el pistil de la rosa) concursos de plats elaborats amb aquest condiment i una entrega de premis per al millor producte. A m\u00e9s, tamb\u00e9 s&#8217;hi fan xerrades i demostracions culin\u00e0ries a c\u00e0rrec d&#8217;un xef o cuiner de prestigi.<\/span><\/p>\n<p><span style=\"font-weight: 400;\">El dia s&#8217;inicia, per\u00f2, amb la collita pr\u00f2pia, als camps de roses de l&#8217;associaci\u00f3 promotora, a la qual cal inscriure&#8217;s pr\u00e8viament per poder-hi participar. Tamb\u00e9 s&#8217;instal\u00b7la una fira d&#8217;artesans.<\/span><\/p>\n<p><img loading=\"lazy\" decoding=\"async\" class=\"alignnone wp-image-300\" src=\"https:\/\/www.turismegarrigues.com\/blog\/wp-content\/uploads\/994948_318957998247220_628771923_n.jpg\" alt=\"\" width=\"1024\" height=\"768\" srcset=\"https:\/\/www.turismegarrigues.com\/blog\/wp-content\/uploads\/994948_318957998247220_628771923_n.jpg 960w, https:\/\/www.turismegarrigues.com\/blog\/wp-content\/uploads\/994948_318957998247220_628771923_n-300x225.jpg 300w, https:\/\/www.turismegarrigues.com\/blog\/wp-content\/uploads\/994948_318957998247220_628771923_n-768x576.jpg 768w\" sizes=\"auto, (max-width: 1024px) 100vw, 1024px\" \/><\/p>\n<p>&nbsp;<\/p>\n","protected":false},"excerpt":{"rendered":"<p>Amb l\u2019arribada de la tardor arrenca la temporada de fires i festes arreu la comarca. Perqu\u00e8 no us perdeu cap esdeveniment, a continuaci\u00f3 us deixem totes les propostes del mes d\u2019octubre. El 7 d\u2019octubre donar\u00e0 el tret de sortida a la temporada la Fira de Mascotes de les Borges Blanques, on els protagonistes s\u00f3n els &#8230; <a title=\"Festes i fires del mes d\u2019octubre\" class=\"read-more\" href=\"https:\/\/www.turismegarrigues.com\/blog\/festes-i-fires-del-mes-doctubre\/\" aria-label=\"M\u00e9s informaci\u00f3 sobre Festes i fires del mes d\u2019octubre\">Llegiu m\u00e9s<\/a><\/p>\n","protected":false},"author":2,"featured_media":1347,"comment_status":"closed","ping_status":"closed","sticky":false,"template":"","format":"standard","meta":{"footnotes":""},"categories":[10,9],"tags":[],"class_list":["post-1344","post","type-post","status-publish","format-standard","has-post-thumbnail","hentry","category-festes","category-fires"],"yoast_head":"<!-- This site is optimized with the Yoast SEO plugin v24.4 - https:\/\/yoast.com\/wordpress\/plugins\/seo\/ -->\n<title>Festes i fires del mes d\u2019octubre - Turisme de les Garrigues<\/title>\n<meta name=\"description\" content=\"Calendari de festes i fires del mes d&#039;octubre a la comarca de les Garrigues.\" \/>\n<meta name=\"robots\" content=\"index, follow, max-snippet:-1, max-image-preview:large, max-video-preview:-1\" \/>\n<link rel=\"canonical\" href=\"https:\/\/www.turismegarrigues.com\/blog\/festes-i-fires-del-mes-doctubre\/\" \/>\n<meta property=\"og:locale\" content=\"ca_ES\" \/>\n<meta property=\"og:type\" content=\"article\" \/>\n<meta property=\"og:title\" content=\"Festes i fires del mes d\u2019octubre - Turisme de les Garrigues\" \/>\n<meta property=\"og:description\" content=\"Calendari de festes i fires del mes d&#039;octubre a la comarca de les Garrigues.\" \/>\n<meta property=\"og:url\" content=\"https:\/\/www.turismegarrigues.com\/blog\/festes-i-fires-del-mes-doctubre\/\" \/>\n<meta property=\"og:site_name\" content=\"Turisme de les Garrigues\" \/>\n<meta property=\"article:published_time\" content=\"2018-10-03T09:40:08+00:00\" \/>\n<meta property=\"article:modified_time\" content=\"2018-10-03T10:07:51+00:00\" \/>\n<meta property=\"og:image\" content=\"https:\/\/www.turismegarrigues.com\/blog\/wp-content\/uploads\/2857176.jpeg\" \/>\n\t<meta property=\"og:image:width\" content=\"1024\" \/>\n\t<meta property=\"og:image:height\" content=\"576\" \/>\n\t<meta property=\"og:image:type\" content=\"image\/jpeg\" \/>\n<meta name=\"author\" content=\"turismegarrigues\" \/>\n<meta name=\"twitter:card\" content=\"summary_large_image\" \/>\n<meta name=\"twitter:label1\" content=\"Escrit per\" \/>\n\t<meta name=\"twitter:data1\" content=\"turismegarrigues\" \/>\n\t<meta name=\"twitter:label2\" content=\"Temps estimat de lectura\" \/>\n\t<meta name=\"twitter:data2\" content=\"2 minuts\" \/>\n<script type=\"application\/ld+json\" class=\"yoast-schema-graph\">{\"@context\":\"https:\/\/schema.org\",\"@graph\":[{\"@type\":\"WebPage\",\"@id\":\"https:\/\/www.turismegarrigues.com\/blog\/festes-i-fires-del-mes-doctubre\/\",\"url\":\"https:\/\/www.turismegarrigues.com\/blog\/festes-i-fires-del-mes-doctubre\/\",\"name\":\"Festes i fires del mes d\u2019octubre - Turisme de les Garrigues\",\"isPartOf\":{\"@id\":\"https:\/\/www.turismegarrigues.com\/blog\/#website\"},\"primaryImageOfPage\":{\"@id\":\"https:\/\/www.turismegarrigues.com\/blog\/festes-i-fires-del-mes-doctubre\/#primaryimage\"},\"image\":{\"@id\":\"https:\/\/www.turismegarrigues.com\/blog\/festes-i-fires-del-mes-doctubre\/#primaryimage\"},\"thumbnailUrl\":\"https:\/\/www.turismegarrigues.com\/blog\/wp-content\/uploads\/2857176.jpeg\",\"datePublished\":\"2018-10-03T09:40:08+00:00\",\"dateModified\":\"2018-10-03T10:07:51+00:00\",\"author\":{\"@id\":\"https:\/\/www.turismegarrigues.com\/blog\/#\/schema\/person\/7ada9dce6475184bb0c0a652f29c9653\"},\"description\":\"Calendari de festes i fires del mes d'octubre a la comarca de les Garrigues.\",\"breadcrumb\":{\"@id\":\"https:\/\/www.turismegarrigues.com\/blog\/festes-i-fires-del-mes-doctubre\/#breadcrumb\"},\"inLanguage\":\"ca\",\"potentialAction\":[{\"@type\":\"ReadAction\",\"target\":[\"https:\/\/www.turismegarrigues.com\/blog\/festes-i-fires-del-mes-doctubre\/\"]}]},{\"@type\":\"ImageObject\",\"inLanguage\":\"ca\",\"@id\":\"https:\/\/www.turismegarrigues.com\/blog\/festes-i-fires-del-mes-doctubre\/#primaryimage\",\"url\":\"https:\/\/www.turismegarrigues.com\/blog\/wp-content\/uploads\/2857176.jpeg\",\"contentUrl\":\"https:\/\/www.turismegarrigues.com\/blog\/wp-content\/uploads\/2857176.jpeg\",\"width\":1024,\"height\":576},{\"@type\":\"BreadcrumbList\",\"@id\":\"https:\/\/www.turismegarrigues.com\/blog\/festes-i-fires-del-mes-doctubre\/#breadcrumb\",\"itemListElement\":[{\"@type\":\"ListItem\",\"position\":1,\"name\":\"Inici\",\"item\":\"https:\/\/www.turismegarrigues.com\/blog\/\"},{\"@type\":\"ListItem\",\"position\":2,\"name\":\"Festes i fires del mes d\u2019octubre\"}]},{\"@type\":\"WebSite\",\"@id\":\"https:\/\/www.turismegarrigues.com\/blog\/#website\",\"url\":\"https:\/\/www.turismegarrigues.com\/blog\/\",\"name\":\"Turisme de les Garrigues\",\"description\":\"Blog\",\"potentialAction\":[{\"@type\":\"SearchAction\",\"target\":{\"@type\":\"EntryPoint\",\"urlTemplate\":\"https:\/\/www.turismegarrigues.com\/blog\/?s={search_term_string}\"},\"query-input\":{\"@type\":\"PropertyValueSpecification\",\"valueRequired\":true,\"valueName\":\"search_term_string\"}}],\"inLanguage\":\"ca\"},{\"@type\":\"Person\",\"@id\":\"https:\/\/www.turismegarrigues.com\/blog\/#\/schema\/person\/7ada9dce6475184bb0c0a652f29c9653\",\"name\":\"turismegarrigues\",\"image\":{\"@type\":\"ImageObject\",\"inLanguage\":\"ca\",\"@id\":\"https:\/\/www.turismegarrigues.com\/blog\/#\/schema\/person\/image\/\",\"url\":\"https:\/\/secure.gravatar.com\/avatar\/2479dec683bf2f700ffae0009a0a72796d18201a99196df0e23b11ae9749e88e?s=96&d=mm&r=g\",\"contentUrl\":\"https:\/\/secure.gravatar.com\/avatar\/2479dec683bf2f700ffae0009a0a72796d18201a99196df0e23b11ae9749e88e?s=96&d=mm&r=g\",\"caption\":\"turismegarrigues\"},\"sameAs\":[\"http:\/\/www.turismegarrigues.com\/\"],\"url\":\"https:\/\/www.turismegarrigues.com\/blog\/author\/turismegarrigues\/\"}]}<\/script>\n<!-- \/ Yoast SEO plugin. -->","yoast_head_json":{"title":"Festes i fires del mes d\u2019octubre - Turisme de les Garrigues","description":"Calendari de festes i fires del mes d'octubre a la comarca de les Garrigues.","robots":{"index":"index","follow":"follow","max-snippet":"max-snippet:-1","max-image-preview":"max-image-preview:large","max-video-preview":"max-video-preview:-1"},"canonical":"https:\/\/www.turismegarrigues.com\/blog\/festes-i-fires-del-mes-doctubre\/","og_locale":"ca_ES","og_type":"article","og_title":"Festes i fires del mes d\u2019octubre - Turisme de les Garrigues","og_description":"Calendari de festes i fires del mes d'octubre a la comarca de les Garrigues.","og_url":"https:\/\/www.turismegarrigues.com\/blog\/festes-i-fires-del-mes-doctubre\/","og_site_name":"Turisme de les Garrigues","article_published_time":"2018-10-03T09:40:08+00:00","article_modified_time":"2018-10-03T10:07:51+00:00","og_image":[{"width":1024,"height":576,"url":"https:\/\/www.turismegarrigues.com\/blog\/wp-content\/uploads\/2857176.jpeg","type":"image\/jpeg"}],"author":"turismegarrigues","twitter_card":"summary_large_image","twitter_misc":{"Escrit per":"turismegarrigues","Temps estimat de lectura":"2 minuts"},"schema":{"@context":"https:\/\/schema.org","@graph":[{"@type":"WebPage","@id":"https:\/\/www.turismegarrigues.com\/blog\/festes-i-fires-del-mes-doctubre\/","url":"https:\/\/www.turismegarrigues.com\/blog\/festes-i-fires-del-mes-doctubre\/","name":"Festes i fires del mes d\u2019octubre - Turisme de les Garrigues","isPartOf":{"@id":"https:\/\/www.turismegarrigues.com\/blog\/#website"},"primaryImageOfPage":{"@id":"https:\/\/www.turismegarrigues.com\/blog\/festes-i-fires-del-mes-doctubre\/#primaryimage"},"image":{"@id":"https:\/\/www.turismegarrigues.com\/blog\/festes-i-fires-del-mes-doctubre\/#primaryimage"},"thumbnailUrl":"https:\/\/www.turismegarrigues.com\/blog\/wp-content\/uploads\/2857176.jpeg","datePublished":"2018-10-03T09:40:08+00:00","dateModified":"2018-10-03T10:07:51+00:00","author":{"@id":"https:\/\/www.turismegarrigues.com\/blog\/#\/schema\/person\/7ada9dce6475184bb0c0a652f29c9653"},"description":"Calendari de festes i fires del mes d'octubre a la comarca de les Garrigues.","breadcrumb":{"@id":"https:\/\/www.turismegarrigues.com\/blog\/festes-i-fires-del-mes-doctubre\/#breadcrumb"},"inLanguage":"ca","potentialAction":[{"@type":"ReadAction","target":["https:\/\/www.turismegarrigues.com\/blog\/festes-i-fires-del-mes-doctubre\/"]}]},{"@type":"ImageObject","inLanguage":"ca","@id":"https:\/\/www.turismegarrigues.com\/blog\/festes-i-fires-del-mes-doctubre\/#primaryimage","url":"https:\/\/www.turismegarrigues.com\/blog\/wp-content\/uploads\/2857176.jpeg","contentUrl":"https:\/\/www.turismegarrigues.com\/blog\/wp-content\/uploads\/2857176.jpeg","width":1024,"height":576},{"@type":"BreadcrumbList","@id":"https:\/\/www.turismegarrigues.com\/blog\/festes-i-fires-del-mes-doctubre\/#breadcrumb","itemListElement":[{"@type":"ListItem","position":1,"name":"Inici","item":"https:\/\/www.turismegarrigues.com\/blog\/"},{"@type":"ListItem","position":2,"name":"Festes i fires del mes d\u2019octubre"}]},{"@type":"WebSite","@id":"https:\/\/www.turismegarrigues.com\/blog\/#website","url":"https:\/\/www.turismegarrigues.com\/blog\/","name":"Turisme de les Garrigues","description":"Blog","potentialAction":[{"@type":"SearchAction","target":{"@type":"EntryPoint","urlTemplate":"https:\/\/www.turismegarrigues.com\/blog\/?s={search_term_string}"},"query-input":{"@type":"PropertyValueSpecification","valueRequired":true,"valueName":"search_term_string"}}],"inLanguage":"ca"},{"@type":"Person","@id":"https:\/\/www.turismegarrigues.com\/blog\/#\/schema\/person\/7ada9dce6475184bb0c0a652f29c9653","name":"turismegarrigues","image":{"@type":"ImageObject","inLanguage":"ca","@id":"https:\/\/www.turismegarrigues.com\/blog\/#\/schema\/person\/image\/","url":"https:\/\/secure.gravatar.com\/avatar\/2479dec683bf2f700ffae0009a0a72796d18201a99196df0e23b11ae9749e88e?s=96&d=mm&r=g","contentUrl":"https:\/\/secure.gravatar.com\/avatar\/2479dec683bf2f700ffae0009a0a72796d18201a99196df0e23b11ae9749e88e?s=96&d=mm&r=g","caption":"turismegarrigues"},"sameAs":["http:\/\/www.turismegarrigues.com\/"],"url":"https:\/\/www.turismegarrigues.com\/blog\/author\/turismegarrigues\/"}]}},"_links":{"self":[{"href":"https:\/\/www.turismegarrigues.com\/blog\/wp-json\/wp\/v2\/posts\/1344","targetHints":{"allow":["GET"]}}],"collection":[{"href":"https:\/\/www.turismegarrigues.com\/blog\/wp-json\/wp\/v2\/posts"}],"about":[{"href":"https:\/\/www.turismegarrigues.com\/blog\/wp-json\/wp\/v2\/types\/post"}],"author":[{"embeddable":true,"href":"https:\/\/www.turismegarrigues.com\/blog\/wp-json\/wp\/v2\/users\/2"}],"replies":[{"embeddable":true,"href":"https:\/\/www.turismegarrigues.com\/blog\/wp-json\/wp\/v2\/comments?post=1344"}],"version-history":[{"count":3,"href":"https:\/\/www.turismegarrigues.com\/blog\/wp-json\/wp\/v2\/posts\/1344\/revisions"}],"predecessor-version":[{"id":1355,"href":"https:\/\/www.turismegarrigues.com\/blog\/wp-json\/wp\/v2\/posts\/1344\/revisions\/1355"}],"wp:featuredmedia":[{"embeddable":true,"href":"https:\/\/www.turismegarrigues.com\/blog\/wp-json\/wp\/v2\/media\/1347"}],"wp:attachment":[{"href":"https:\/\/www.turismegarrigues.com\/blog\/wp-json\/wp\/v2\/media?parent=1344"}],"wp:term":[{"taxonomy":"category","embeddable":true,"href":"https:\/\/www.turismegarrigues.com\/blog\/wp-json\/wp\/v2\/categories?post=1344"},{"taxonomy":"post_tag","embeddable":true,"href":"https:\/\/www.turismegarrigues.com\/blog\/wp-json\/wp\/v2\/tags?post=1344"}],"curies":[{"name":"wp","href":"https:\/\/api.w.org\/{rel}","templated":true}]}}