{"id":1464,"date":"2018-11-19T08:54:06","date_gmt":"2018-11-19T07:54:06","guid":{"rendered":"https:\/\/www.turismegarrigues.com\/blog\/?p=1464"},"modified":"2018-11-19T08:54:06","modified_gmt":"2018-11-19T07:54:06","slug":"fira-de-santa-caterina-darbeca-2018","status":"publish","type":"post","link":"https:\/\/www.turismegarrigues.com\/blog\/fira-de-santa-caterina-darbeca-2018\/","title":{"rendered":"Fira de Santa Caterina d\u2019Arbeca 2018"},"content":{"rendered":"<p><span style=\"font-weight: 400;\">Ja s\u2019acosta la Fira de Santa Caterina d\u2019Arbeca i no volem que us perdeu cap esdeveniment! Del 23 al 25 de novembre podreu gaudir de moltes activitats en el marc de les tres fires que se celebren en un mateix cap de setmana: la 25a Fira de Santa Caterina, la 24a Fira del gos ca\u00e7ador i la 15a Fira de l\u2019oliva arbequina.<\/span><\/p>\n<p><span style=\"font-weight: 400;\">Els actes arrencaran el divendres 23 amb una xerrada sobre \u201cCom gaudir de l\u2019oli\u201d de la m\u00e0 dels productors locals: Montse S\u00f2ria, Dolors Catal\u00e0 i Adri\u00e0 Dalmau on a m\u00e9s, podreu tastar el seu oli. En finalitzar, podreu continuar amb la Festa Birra i Tapa a la Sala La Rep\u00fablica on a m\u00e9s de gaudir de les tapes i cerveses artesanes hi haur\u00e0 acompanyament musical amb el grup de versions Recovery.<\/span><\/p>\n<p><span style=\"font-weight: 400;\">El dissabte 24 comen\u00e7ar\u00e0 el dia amb la 2a TrailRunning Santa Caterina on els participants gaudiran d\u2019una cursa pel terme i de les escultures \u201csalvatges\u201d d\u2019en Ferran Moy\u00e0. A la tarda, ja descansats de la cursa, comen\u00e7aran els actes per als m\u00e9s petits amb espectacle de m\u00e0gia amb Melanie a les 18h a la sala d\u2019actes de l\u2019Abadia. A les 20h a la Sala Marius Torres es dur\u00e0 a terme l\u2019Acte inaugural de la Fira i s\u2019entregaran els premis als guanyadors del concurs de cartells, a m\u00e9s, podreu assistir a la Confer\u00e8ncia \u201cLa viol\u00e8ncia contra les dones\u201d a c\u00e0rrec de Sara Mestres i Llus\u00e0. <\/span><\/p>\n<p><img loading=\"lazy\" decoding=\"async\" class=\"alignnone size-full wp-image-1465\" src=\"https:\/\/www.turismegarrigues.com\/blog\/wp-content\/uploads\/trail-running-arbeca-1-big_size.jpg\" alt=\"\" width=\"1024\" height=\"768\" srcset=\"https:\/\/www.turismegarrigues.com\/blog\/wp-content\/uploads\/trail-running-arbeca-1-big_size.jpg 1024w, https:\/\/www.turismegarrigues.com\/blog\/wp-content\/uploads\/trail-running-arbeca-1-big_size-300x225.jpg 300w, https:\/\/www.turismegarrigues.com\/blog\/wp-content\/uploads\/trail-running-arbeca-1-big_size-768x576.jpg 768w\" sizes=\"auto, (max-width: 1024px) 100vw, 1024px\" \/><\/p>\n<p><span style=\"font-weight: 400;\">Per acabar la jornada, a partir de les 00.30 a la Sala Polivalent del Centre Cultural, concert de \u201cEls Ragga Tunning\u201d i despr\u00e9s DJ Queralet!<\/span><\/p>\n<p><span style=\"font-weight: 400;\">El diumenge despr\u00e9s d\u2019esmorzar llonganisses amb fesols a l\u2019avinguda dels Portals en l\u2019esmorzar popular de fira, us convidem a fer una passejada pel Tradicional Mercat Firal on podreu comprar i tastar l\u2019oli d\u2019enguany, entre d\u2019altres. Despr\u00e9s del passeig, no oblideu baixar al final de la Costa del Pou per veure una demostraci\u00f3 de la preparaci\u00f3 de la terra, llaurar i sembrar amb animals, com es feia tradicionalment, seguit de la desfilada canina i mostra de gossos de cacera a c\u00e0rrec de Borgescan. Tamb\u00e9 hi haur\u00e0 Matinal de Country i el III Concurs de Codonyat Casol\u00e0! Despr\u00e9s de dinar en algun dels restaurants de la vila i per acabar la jornada i tancar la fira, tamb\u00e9 podreu assistir al Concert de Gospel amb \u201cSom Gospel Lleida\u201d a la Sala d\u2019Actes de l\u2019Abadia.<\/span><\/p>\n<p><img loading=\"lazy\" decoding=\"async\" class=\"alignnone wp-image-1467\" src=\"https:\/\/www.turismegarrigues.com\/blog\/wp-content\/uploads\/12295513_882697901837422_8718317552220846035_n.jpg\" alt=\"\" width=\"1024\" height=\"576\" srcset=\"https:\/\/www.turismegarrigues.com\/blog\/wp-content\/uploads\/12295513_882697901837422_8718317552220846035_n.jpg 960w, https:\/\/www.turismegarrigues.com\/blog\/wp-content\/uploads\/12295513_882697901837422_8718317552220846035_n-300x169.jpg 300w, https:\/\/www.turismegarrigues.com\/blog\/wp-content\/uploads\/12295513_882697901837422_8718317552220846035_n-768x432.jpg 768w\" sizes=\"auto, (max-width: 1024px) 100vw, 1024px\" \/><\/p>\n<p><span style=\"font-weight: 400;\">Com veieu, hi ha activitats per tots els gustos! Us esperem a Arbeca del 23 al 25 de novembre! <\/span><\/p>\n","protected":false},"excerpt":{"rendered":"<p>Ja s\u2019acosta la Fira de Santa Caterina d\u2019Arbeca i no volem que us perdeu cap esdeveniment! Del 23 al 25 de novembre podreu gaudir de moltes activitats en el marc de les tres fires que se celebren en un mateix cap de setmana: la 25a Fira de Santa Caterina, la 24a Fira del gos ca\u00e7ador &#8230; <a title=\"Fira de Santa Caterina d\u2019Arbeca 2018\" class=\"read-more\" href=\"https:\/\/www.turismegarrigues.com\/blog\/fira-de-santa-caterina-darbeca-2018\/\" aria-label=\"M\u00e9s informaci\u00f3 sobre Fira de Santa Caterina d\u2019Arbeca 2018\">Llegiu m\u00e9s<\/a><\/p>\n","protected":false},"author":2,"featured_media":1469,"comment_status":"closed","ping_status":"closed","sticky":false,"template":"","format":"standard","meta":{"footnotes":""},"categories":[9],"tags":[],"class_list":["post-1464","post","type-post","status-publish","format-standard","has-post-thumbnail","hentry","category-fires"],"yoast_head":"<!-- This site is optimized with the Yoast SEO plugin v24.4 - https:\/\/yoast.com\/wordpress\/plugins\/seo\/ -->\n<title>Fira de Santa Caterina d\u2019Arbeca 2018 - Turisme de les Garrigues<\/title>\n<meta name=\"robots\" content=\"index, follow, max-snippet:-1, max-image-preview:large, max-video-preview:-1\" \/>\n<link rel=\"canonical\" href=\"https:\/\/www.turismegarrigues.com\/blog\/fira-de-santa-caterina-darbeca-2018\/\" \/>\n<meta property=\"og:locale\" content=\"ca_ES\" \/>\n<meta property=\"og:type\" content=\"article\" \/>\n<meta property=\"og:title\" content=\"Fira de Santa Caterina d\u2019Arbeca 2018 - Turisme de les Garrigues\" \/>\n<meta property=\"og:description\" content=\"Ja s\u2019acosta la Fira de Santa Caterina d\u2019Arbeca i no volem que us perdeu cap esdeveniment! Del 23 al 25 de novembre podreu gaudir de moltes activitats en el marc de les tres fires que se celebren en un mateix cap de setmana: la 25a Fira de Santa Caterina, la 24a Fira del gos ca\u00e7ador ... Llegiu m\u00e9s\" \/>\n<meta property=\"og:url\" content=\"https:\/\/www.turismegarrigues.com\/blog\/fira-de-santa-caterina-darbeca-2018\/\" \/>\n<meta property=\"og:site_name\" content=\"Turisme de les Garrigues\" \/>\n<meta property=\"article:published_time\" content=\"2018-11-19T07:54:06+00:00\" \/>\n<meta property=\"og:image\" content=\"https:\/\/www.turismegarrigues.com\/blog\/wp-content\/uploads\/23825919_1055995981210081_7544757789354190377_o.jpg\" \/>\n\t<meta property=\"og:image:width\" content=\"1024\" \/>\n\t<meta property=\"og:image:height\" content=\"768\" \/>\n\t<meta property=\"og:image:type\" content=\"image\/jpeg\" \/>\n<meta name=\"author\" content=\"turismegarrigues\" \/>\n<meta name=\"twitter:card\" content=\"summary_large_image\" \/>\n<meta name=\"twitter:label1\" content=\"Escrit per\" \/>\n\t<meta name=\"twitter:data1\" content=\"turismegarrigues\" \/>\n\t<meta name=\"twitter:label2\" content=\"Temps estimat de lectura\" \/>\n\t<meta name=\"twitter:data2\" content=\"2 minuts\" \/>\n<script type=\"application\/ld+json\" class=\"yoast-schema-graph\">{\"@context\":\"https:\/\/schema.org\",\"@graph\":[{\"@type\":\"WebPage\",\"@id\":\"https:\/\/www.turismegarrigues.com\/blog\/fira-de-santa-caterina-darbeca-2018\/\",\"url\":\"https:\/\/www.turismegarrigues.com\/blog\/fira-de-santa-caterina-darbeca-2018\/\",\"name\":\"Fira de Santa Caterina d\u2019Arbeca 2018 - Turisme de les Garrigues\",\"isPartOf\":{\"@id\":\"https:\/\/www.turismegarrigues.com\/blog\/#website\"},\"primaryImageOfPage\":{\"@id\":\"https:\/\/www.turismegarrigues.com\/blog\/fira-de-santa-caterina-darbeca-2018\/#primaryimage\"},\"image\":{\"@id\":\"https:\/\/www.turismegarrigues.com\/blog\/fira-de-santa-caterina-darbeca-2018\/#primaryimage\"},\"thumbnailUrl\":\"https:\/\/www.turismegarrigues.com\/blog\/wp-content\/uploads\/23825919_1055995981210081_7544757789354190377_o.jpg\",\"datePublished\":\"2018-11-19T07:54:06+00:00\",\"author\":{\"@id\":\"https:\/\/www.turismegarrigues.com\/blog\/#\/schema\/person\/7ada9dce6475184bb0c0a652f29c9653\"},\"breadcrumb\":{\"@id\":\"https:\/\/www.turismegarrigues.com\/blog\/fira-de-santa-caterina-darbeca-2018\/#breadcrumb\"},\"inLanguage\":\"ca\",\"potentialAction\":[{\"@type\":\"ReadAction\",\"target\":[\"https:\/\/www.turismegarrigues.com\/blog\/fira-de-santa-caterina-darbeca-2018\/\"]}]},{\"@type\":\"ImageObject\",\"inLanguage\":\"ca\",\"@id\":\"https:\/\/www.turismegarrigues.com\/blog\/fira-de-santa-caterina-darbeca-2018\/#primaryimage\",\"url\":\"https:\/\/www.turismegarrigues.com\/blog\/wp-content\/uploads\/23825919_1055995981210081_7544757789354190377_o.jpg\",\"contentUrl\":\"https:\/\/www.turismegarrigues.com\/blog\/wp-content\/uploads\/23825919_1055995981210081_7544757789354190377_o.jpg\",\"width\":1024,\"height\":768},{\"@type\":\"BreadcrumbList\",\"@id\":\"https:\/\/www.turismegarrigues.com\/blog\/fira-de-santa-caterina-darbeca-2018\/#breadcrumb\",\"itemListElement\":[{\"@type\":\"ListItem\",\"position\":1,\"name\":\"Inici\",\"item\":\"https:\/\/www.turismegarrigues.com\/blog\/\"},{\"@type\":\"ListItem\",\"position\":2,\"name\":\"Fira de Santa Caterina d\u2019Arbeca 2018\"}]},{\"@type\":\"WebSite\",\"@id\":\"https:\/\/www.turismegarrigues.com\/blog\/#website\",\"url\":\"https:\/\/www.turismegarrigues.com\/blog\/\",\"name\":\"Turisme de les Garrigues\",\"description\":\"Blog\",\"potentialAction\":[{\"@type\":\"SearchAction\",\"target\":{\"@type\":\"EntryPoint\",\"urlTemplate\":\"https:\/\/www.turismegarrigues.com\/blog\/?s={search_term_string}\"},\"query-input\":{\"@type\":\"PropertyValueSpecification\",\"valueRequired\":true,\"valueName\":\"search_term_string\"}}],\"inLanguage\":\"ca\"},{\"@type\":\"Person\",\"@id\":\"https:\/\/www.turismegarrigues.com\/blog\/#\/schema\/person\/7ada9dce6475184bb0c0a652f29c9653\",\"name\":\"turismegarrigues\",\"image\":{\"@type\":\"ImageObject\",\"inLanguage\":\"ca\",\"@id\":\"https:\/\/www.turismegarrigues.com\/blog\/#\/schema\/person\/image\/\",\"url\":\"https:\/\/secure.gravatar.com\/avatar\/2479dec683bf2f700ffae0009a0a72796d18201a99196df0e23b11ae9749e88e?s=96&d=mm&r=g\",\"contentUrl\":\"https:\/\/secure.gravatar.com\/avatar\/2479dec683bf2f700ffae0009a0a72796d18201a99196df0e23b11ae9749e88e?s=96&d=mm&r=g\",\"caption\":\"turismegarrigues\"},\"sameAs\":[\"http:\/\/www.turismegarrigues.com\/\"],\"url\":\"https:\/\/www.turismegarrigues.com\/blog\/author\/turismegarrigues\/\"}]}<\/script>\n<!-- \/ Yoast SEO plugin. -->","yoast_head_json":{"title":"Fira de Santa Caterina d\u2019Arbeca 2018 - Turisme de les Garrigues","robots":{"index":"index","follow":"follow","max-snippet":"max-snippet:-1","max-image-preview":"max-image-preview:large","max-video-preview":"max-video-preview:-1"},"canonical":"https:\/\/www.turismegarrigues.com\/blog\/fira-de-santa-caterina-darbeca-2018\/","og_locale":"ca_ES","og_type":"article","og_title":"Fira de Santa Caterina d\u2019Arbeca 2018 - Turisme de les Garrigues","og_description":"Ja s\u2019acosta la Fira de Santa Caterina d\u2019Arbeca i no volem que us perdeu cap esdeveniment! Del 23 al 25 de novembre podreu gaudir de moltes activitats en el marc de les tres fires que se celebren en un mateix cap de setmana: la 25a Fira de Santa Caterina, la 24a Fira del gos ca\u00e7ador ... Llegiu m\u00e9s","og_url":"https:\/\/www.turismegarrigues.com\/blog\/fira-de-santa-caterina-darbeca-2018\/","og_site_name":"Turisme de les Garrigues","article_published_time":"2018-11-19T07:54:06+00:00","og_image":[{"width":1024,"height":768,"url":"https:\/\/www.turismegarrigues.com\/blog\/wp-content\/uploads\/23825919_1055995981210081_7544757789354190377_o.jpg","type":"image\/jpeg"}],"author":"turismegarrigues","twitter_card":"summary_large_image","twitter_misc":{"Escrit per":"turismegarrigues","Temps estimat de lectura":"2 minuts"},"schema":{"@context":"https:\/\/schema.org","@graph":[{"@type":"WebPage","@id":"https:\/\/www.turismegarrigues.com\/blog\/fira-de-santa-caterina-darbeca-2018\/","url":"https:\/\/www.turismegarrigues.com\/blog\/fira-de-santa-caterina-darbeca-2018\/","name":"Fira de Santa Caterina d\u2019Arbeca 2018 - Turisme de les Garrigues","isPartOf":{"@id":"https:\/\/www.turismegarrigues.com\/blog\/#website"},"primaryImageOfPage":{"@id":"https:\/\/www.turismegarrigues.com\/blog\/fira-de-santa-caterina-darbeca-2018\/#primaryimage"},"image":{"@id":"https:\/\/www.turismegarrigues.com\/blog\/fira-de-santa-caterina-darbeca-2018\/#primaryimage"},"thumbnailUrl":"https:\/\/www.turismegarrigues.com\/blog\/wp-content\/uploads\/23825919_1055995981210081_7544757789354190377_o.jpg","datePublished":"2018-11-19T07:54:06+00:00","author":{"@id":"https:\/\/www.turismegarrigues.com\/blog\/#\/schema\/person\/7ada9dce6475184bb0c0a652f29c9653"},"breadcrumb":{"@id":"https:\/\/www.turismegarrigues.com\/blog\/fira-de-santa-caterina-darbeca-2018\/#breadcrumb"},"inLanguage":"ca","potentialAction":[{"@type":"ReadAction","target":["https:\/\/www.turismegarrigues.com\/blog\/fira-de-santa-caterina-darbeca-2018\/"]}]},{"@type":"ImageObject","inLanguage":"ca","@id":"https:\/\/www.turismegarrigues.com\/blog\/fira-de-santa-caterina-darbeca-2018\/#primaryimage","url":"https:\/\/www.turismegarrigues.com\/blog\/wp-content\/uploads\/23825919_1055995981210081_7544757789354190377_o.jpg","contentUrl":"https:\/\/www.turismegarrigues.com\/blog\/wp-content\/uploads\/23825919_1055995981210081_7544757789354190377_o.jpg","width":1024,"height":768},{"@type":"BreadcrumbList","@id":"https:\/\/www.turismegarrigues.com\/blog\/fira-de-santa-caterina-darbeca-2018\/#breadcrumb","itemListElement":[{"@type":"ListItem","position":1,"name":"Inici","item":"https:\/\/www.turismegarrigues.com\/blog\/"},{"@type":"ListItem","position":2,"name":"Fira de Santa Caterina d\u2019Arbeca 2018"}]},{"@type":"WebSite","@id":"https:\/\/www.turismegarrigues.com\/blog\/#website","url":"https:\/\/www.turismegarrigues.com\/blog\/","name":"Turisme de les Garrigues","description":"Blog","potentialAction":[{"@type":"SearchAction","target":{"@type":"EntryPoint","urlTemplate":"https:\/\/www.turismegarrigues.com\/blog\/?s={search_term_string}"},"query-input":{"@type":"PropertyValueSpecification","valueRequired":true,"valueName":"search_term_string"}}],"inLanguage":"ca"},{"@type":"Person","@id":"https:\/\/www.turismegarrigues.com\/blog\/#\/schema\/person\/7ada9dce6475184bb0c0a652f29c9653","name":"turismegarrigues","image":{"@type":"ImageObject","inLanguage":"ca","@id":"https:\/\/www.turismegarrigues.com\/blog\/#\/schema\/person\/image\/","url":"https:\/\/secure.gravatar.com\/avatar\/2479dec683bf2f700ffae0009a0a72796d18201a99196df0e23b11ae9749e88e?s=96&d=mm&r=g","contentUrl":"https:\/\/secure.gravatar.com\/avatar\/2479dec683bf2f700ffae0009a0a72796d18201a99196df0e23b11ae9749e88e?s=96&d=mm&r=g","caption":"turismegarrigues"},"sameAs":["http:\/\/www.turismegarrigues.com\/"],"url":"https:\/\/www.turismegarrigues.com\/blog\/author\/turismegarrigues\/"}]}},"_links":{"self":[{"href":"https:\/\/www.turismegarrigues.com\/blog\/wp-json\/wp\/v2\/posts\/1464","targetHints":{"allow":["GET"]}}],"collection":[{"href":"https:\/\/www.turismegarrigues.com\/blog\/wp-json\/wp\/v2\/posts"}],"about":[{"href":"https:\/\/www.turismegarrigues.com\/blog\/wp-json\/wp\/v2\/types\/post"}],"author":[{"embeddable":true,"href":"https:\/\/www.turismegarrigues.com\/blog\/wp-json\/wp\/v2\/users\/2"}],"replies":[{"embeddable":true,"href":"https:\/\/www.turismegarrigues.com\/blog\/wp-json\/wp\/v2\/comments?post=1464"}],"version-history":[{"count":1,"href":"https:\/\/www.turismegarrigues.com\/blog\/wp-json\/wp\/v2\/posts\/1464\/revisions"}],"predecessor-version":[{"id":1471,"href":"https:\/\/www.turismegarrigues.com\/blog\/wp-json\/wp\/v2\/posts\/1464\/revisions\/1471"}],"wp:featuredmedia":[{"embeddable":true,"href":"https:\/\/www.turismegarrigues.com\/blog\/wp-json\/wp\/v2\/media\/1469"}],"wp:attachment":[{"href":"https:\/\/www.turismegarrigues.com\/blog\/wp-json\/wp\/v2\/media?parent=1464"}],"wp:term":[{"taxonomy":"category","embeddable":true,"href":"https:\/\/www.turismegarrigues.com\/blog\/wp-json\/wp\/v2\/categories?post=1464"},{"taxonomy":"post_tag","embeddable":true,"href":"https:\/\/www.turismegarrigues.com\/blog\/wp-json\/wp\/v2\/tags?post=1464"}],"curies":[{"name":"wp","href":"https:\/\/api.w.org\/{rel}","templated":true}]}}