{"id":1514,"date":"2018-12-04T12:00:00","date_gmt":"2018-12-04T11:00:00","guid":{"rendered":"https:\/\/www.turismegarrigues.com\/blog\/?p=1514"},"modified":"2018-12-04T12:13:46","modified_gmt":"2018-12-04T11:13:46","slug":"5a-fira-oleotextil-a-lespluga-calba","status":"publish","type":"post","link":"https:\/\/www.turismegarrigues.com\/blog\/5a-fira-oleotextil-a-lespluga-calba\/","title":{"rendered":"5a Fira Oleot\u00e8xtil a l\u2019Espluga Calba"},"content":{"rendered":"<p><span style=\"font-weight: 400;\">El pr\u00f2xim dissabte 8 de desembre tindr\u00e0 lloc la<\/span><b> 5a Fira Oleot\u00e8xtil <\/b><span style=\"font-weight: 400;\">a l\u2019<\/span><b>Espluga Calba<\/b><span style=\"font-weight: 400;\">! De 9.00 h a 11.00 h podreu gaudir a la Cooperativa Agr\u00e0ria d\u2019un esmorzar popular d\u2019entrepans de llonganissa a la brasa i pa torrat amb oli nou Spelunca. \u00a0De 10.00 h a 14.00 h a la mateixa cooperativa podreu veure la mostra d\u2019aparells de navegaci\u00f3 de Josep Gabarra al primer pis, a m\u00e9s de l\u2019exposici\u00f3 de cotxes cl\u00e0ssics. <\/span><\/p>\n<p><span style=\"font-weight: 400;\">D\u201911.00 h a 14.30 h, no oblideu passar-vos per la<strong> Cooperativa John-Fil<\/strong> i participar en el vermut musical i aprofitar per comprar algun model nou per al vostre armari de la nova marca <strong>Stjor<\/strong> amb disseny d\u2019<strong>\u00d2scar Dalmau<\/strong> a preus especials.<\/span><\/p>\n<p><span style=\"font-weight: 400;\">D\u201911.00 h a 13.00 h, podreu fer la visita guiada gratu\u00efta al <strong>Castell de l\u2019Espluga,<\/strong> on hi ha l\u2019Espai Antoni Ferrer i en acabar tastar la \u00a0paella d\u2019arr\u00f2s amb oli Spelunca i safr\u00e0 de les Garrigues!<\/span><\/p>\n<p><img loading=\"lazy\" decoding=\"async\" class=\"aligncenter size-full wp-image-1515\" src=\"https:\/\/www.turismegarrigues.com\/blog\/wp-content\/uploads\/Captura-de-pantalla-2018-12-03-a-las-16.37.26.png\" alt=\"\" width=\"516\" height=\"731\" srcset=\"https:\/\/www.turismegarrigues.com\/blog\/wp-content\/uploads\/Captura-de-pantalla-2018-12-03-a-las-16.37.26.png 516w, https:\/\/www.turismegarrigues.com\/blog\/wp-content\/uploads\/Captura-de-pantalla-2018-12-03-a-las-16.37.26-212x300.png 212w\" sizes=\"auto, (max-width: 516px) 100vw, 516px\" \/><\/p>\n<p>&nbsp;<\/p>\n<p><span style=\"font-weight: 400;\">A m\u00e9s, durant tota la jornada es podr\u00e0 visitar el mol\u00ed vell de l\u2019oli (restaurat) i l\u2019agrobotiga amb venda d\u2019oli Spelunca (premium, producci\u00f3 integrada, oli tradicional, oli del raig aix\u00ed com altres productes), aix\u00ed com diferents actuacions dels gegants del poble i l\u2019exposici\u00f3 dels murals dels nens i nenes de l\u2019Escola Porcel de Cervera sobre la tem\u00e0tica de l\u2019oli.<\/span><\/p>\n<p><span style=\"font-weight: 400;\">No hi falteu!<\/span><\/p>\n<p>&nbsp;<\/p>\n","protected":false},"excerpt":{"rendered":"<p>El pr\u00f2xim dissabte 8 de desembre tindr\u00e0 lloc la 5a Fira Oleot\u00e8xtil a l\u2019Espluga Calba! De 9.00 h a 11.00 h podreu gaudir a la Cooperativa Agr\u00e0ria d\u2019un esmorzar popular d\u2019entrepans de llonganissa a la brasa i pa torrat amb oli nou Spelunca. \u00a0De 10.00 h a 14.00 h a la mateixa cooperativa podreu veure &#8230; <a title=\"5a Fira Oleot\u00e8xtil a l\u2019Espluga Calba\" class=\"read-more\" href=\"https:\/\/www.turismegarrigues.com\/blog\/5a-fira-oleotextil-a-lespluga-calba\/\" aria-label=\"M\u00e9s informaci\u00f3 sobre 5a Fira Oleot\u00e8xtil a l\u2019Espluga Calba\">Llegiu m\u00e9s<\/a><\/p>\n","protected":false},"author":2,"featured_media":1518,"comment_status":"closed","ping_status":"closed","sticky":false,"template":"","format":"standard","meta":{"footnotes":""},"categories":[9],"tags":[],"class_list":["post-1514","post","type-post","status-publish","format-standard","has-post-thumbnail","hentry","category-fires"],"yoast_head":"<!-- This site is optimized with the Yoast SEO plugin v24.4 - https:\/\/yoast.com\/wordpress\/plugins\/seo\/ -->\n<title>5a Fira Oleot\u00e8xtil a l\u2019Espluga Calba - Turisme de les Garrigues<\/title>\n<meta name=\"robots\" content=\"index, follow, max-snippet:-1, max-image-preview:large, max-video-preview:-1\" \/>\n<link rel=\"canonical\" href=\"https:\/\/www.turismegarrigues.com\/blog\/5a-fira-oleotextil-a-lespluga-calba\/\" \/>\n<meta property=\"og:locale\" content=\"ca_ES\" \/>\n<meta property=\"og:type\" content=\"article\" \/>\n<meta property=\"og:title\" content=\"5a Fira Oleot\u00e8xtil a l\u2019Espluga Calba - Turisme de les Garrigues\" \/>\n<meta property=\"og:description\" content=\"El pr\u00f2xim dissabte 8 de desembre tindr\u00e0 lloc la 5a Fira Oleot\u00e8xtil a l\u2019Espluga Calba! De 9.00 h a 11.00 h podreu gaudir a la Cooperativa Agr\u00e0ria d\u2019un esmorzar popular d\u2019entrepans de llonganissa a la brasa i pa torrat amb oli nou Spelunca. \u00a0De 10.00 h a 14.00 h a la mateixa cooperativa podreu veure ... Llegiu m\u00e9s\" \/>\n<meta property=\"og:url\" content=\"https:\/\/www.turismegarrigues.com\/blog\/5a-fira-oleotextil-a-lespluga-calba\/\" \/>\n<meta property=\"og:site_name\" content=\"Turisme de les Garrigues\" \/>\n<meta property=\"article:published_time\" content=\"2018-12-04T11:00:00+00:00\" \/>\n<meta property=\"article:modified_time\" content=\"2018-12-04T11:13:46+00:00\" \/>\n<meta property=\"og:image\" content=\"https:\/\/www.turismegarrigues.com\/blog\/wp-content\/uploads\/Captura-de-pantalla-2018-12-04-a-las-11.40.46.png\" \/>\n\t<meta property=\"og:image:width\" content=\"1016\" \/>\n\t<meta property=\"og:image:height\" content=\"704\" \/>\n\t<meta property=\"og:image:type\" content=\"image\/png\" \/>\n<meta name=\"author\" content=\"turismegarrigues\" \/>\n<meta name=\"twitter:card\" content=\"summary_large_image\" \/>\n<meta name=\"twitter:label1\" content=\"Escrit per\" \/>\n\t<meta name=\"twitter:data1\" content=\"turismegarrigues\" \/>\n\t<meta name=\"twitter:label2\" content=\"Temps estimat de lectura\" \/>\n\t<meta name=\"twitter:data2\" content=\"1 minut\" \/>\n<script type=\"application\/ld+json\" class=\"yoast-schema-graph\">{\"@context\":\"https:\/\/schema.org\",\"@graph\":[{\"@type\":\"WebPage\",\"@id\":\"https:\/\/www.turismegarrigues.com\/blog\/5a-fira-oleotextil-a-lespluga-calba\/\",\"url\":\"https:\/\/www.turismegarrigues.com\/blog\/5a-fira-oleotextil-a-lespluga-calba\/\",\"name\":\"5a Fira Oleot\u00e8xtil a l\u2019Espluga Calba - Turisme de les Garrigues\",\"isPartOf\":{\"@id\":\"https:\/\/www.turismegarrigues.com\/blog\/#website\"},\"primaryImageOfPage\":{\"@id\":\"https:\/\/www.turismegarrigues.com\/blog\/5a-fira-oleotextil-a-lespluga-calba\/#primaryimage\"},\"image\":{\"@id\":\"https:\/\/www.turismegarrigues.com\/blog\/5a-fira-oleotextil-a-lespluga-calba\/#primaryimage\"},\"thumbnailUrl\":\"https:\/\/www.turismegarrigues.com\/blog\/wp-content\/uploads\/Captura-de-pantalla-2018-12-04-a-las-11.40.46.png\",\"datePublished\":\"2018-12-04T11:00:00+00:00\",\"dateModified\":\"2018-12-04T11:13:46+00:00\",\"author\":{\"@id\":\"https:\/\/www.turismegarrigues.com\/blog\/#\/schema\/person\/7ada9dce6475184bb0c0a652f29c9653\"},\"breadcrumb\":{\"@id\":\"https:\/\/www.turismegarrigues.com\/blog\/5a-fira-oleotextil-a-lespluga-calba\/#breadcrumb\"},\"inLanguage\":\"ca\",\"potentialAction\":[{\"@type\":\"ReadAction\",\"target\":[\"https:\/\/www.turismegarrigues.com\/blog\/5a-fira-oleotextil-a-lespluga-calba\/\"]}]},{\"@type\":\"ImageObject\",\"inLanguage\":\"ca\",\"@id\":\"https:\/\/www.turismegarrigues.com\/blog\/5a-fira-oleotextil-a-lespluga-calba\/#primaryimage\",\"url\":\"https:\/\/www.turismegarrigues.com\/blog\/wp-content\/uploads\/Captura-de-pantalla-2018-12-04-a-las-11.40.46.png\",\"contentUrl\":\"https:\/\/www.turismegarrigues.com\/blog\/wp-content\/uploads\/Captura-de-pantalla-2018-12-04-a-las-11.40.46.png\",\"width\":1016,\"height\":704},{\"@type\":\"BreadcrumbList\",\"@id\":\"https:\/\/www.turismegarrigues.com\/blog\/5a-fira-oleotextil-a-lespluga-calba\/#breadcrumb\",\"itemListElement\":[{\"@type\":\"ListItem\",\"position\":1,\"name\":\"Inici\",\"item\":\"https:\/\/www.turismegarrigues.com\/blog\/\"},{\"@type\":\"ListItem\",\"position\":2,\"name\":\"5a Fira Oleot\u00e8xtil a l\u2019Espluga Calba\"}]},{\"@type\":\"WebSite\",\"@id\":\"https:\/\/www.turismegarrigues.com\/blog\/#website\",\"url\":\"https:\/\/www.turismegarrigues.com\/blog\/\",\"name\":\"Turisme de les Garrigues\",\"description\":\"Blog\",\"potentialAction\":[{\"@type\":\"SearchAction\",\"target\":{\"@type\":\"EntryPoint\",\"urlTemplate\":\"https:\/\/www.turismegarrigues.com\/blog\/?s={search_term_string}\"},\"query-input\":{\"@type\":\"PropertyValueSpecification\",\"valueRequired\":true,\"valueName\":\"search_term_string\"}}],\"inLanguage\":\"ca\"},{\"@type\":\"Person\",\"@id\":\"https:\/\/www.turismegarrigues.com\/blog\/#\/schema\/person\/7ada9dce6475184bb0c0a652f29c9653\",\"name\":\"turismegarrigues\",\"image\":{\"@type\":\"ImageObject\",\"inLanguage\":\"ca\",\"@id\":\"https:\/\/www.turismegarrigues.com\/blog\/#\/schema\/person\/image\/\",\"url\":\"https:\/\/secure.gravatar.com\/avatar\/2479dec683bf2f700ffae0009a0a72796d18201a99196df0e23b11ae9749e88e?s=96&d=mm&r=g\",\"contentUrl\":\"https:\/\/secure.gravatar.com\/avatar\/2479dec683bf2f700ffae0009a0a72796d18201a99196df0e23b11ae9749e88e?s=96&d=mm&r=g\",\"caption\":\"turismegarrigues\"},\"sameAs\":[\"http:\/\/www.turismegarrigues.com\/\"],\"url\":\"https:\/\/www.turismegarrigues.com\/blog\/author\/turismegarrigues\/\"}]}<\/script>\n<!-- \/ Yoast SEO plugin. -->","yoast_head_json":{"title":"5a Fira Oleot\u00e8xtil a l\u2019Espluga Calba - Turisme de les Garrigues","robots":{"index":"index","follow":"follow","max-snippet":"max-snippet:-1","max-image-preview":"max-image-preview:large","max-video-preview":"max-video-preview:-1"},"canonical":"https:\/\/www.turismegarrigues.com\/blog\/5a-fira-oleotextil-a-lespluga-calba\/","og_locale":"ca_ES","og_type":"article","og_title":"5a Fira Oleot\u00e8xtil a l\u2019Espluga Calba - Turisme de les Garrigues","og_description":"El pr\u00f2xim dissabte 8 de desembre tindr\u00e0 lloc la 5a Fira Oleot\u00e8xtil a l\u2019Espluga Calba! De 9.00 h a 11.00 h podreu gaudir a la Cooperativa Agr\u00e0ria d\u2019un esmorzar popular d\u2019entrepans de llonganissa a la brasa i pa torrat amb oli nou Spelunca. \u00a0De 10.00 h a 14.00 h a la mateixa cooperativa podreu veure ... Llegiu m\u00e9s","og_url":"https:\/\/www.turismegarrigues.com\/blog\/5a-fira-oleotextil-a-lespluga-calba\/","og_site_name":"Turisme de les Garrigues","article_published_time":"2018-12-04T11:00:00+00:00","article_modified_time":"2018-12-04T11:13:46+00:00","og_image":[{"width":1016,"height":704,"url":"https:\/\/www.turismegarrigues.com\/blog\/wp-content\/uploads\/Captura-de-pantalla-2018-12-04-a-las-11.40.46.png","type":"image\/png"}],"author":"turismegarrigues","twitter_card":"summary_large_image","twitter_misc":{"Escrit per":"turismegarrigues","Temps estimat de lectura":"1 minut"},"schema":{"@context":"https:\/\/schema.org","@graph":[{"@type":"WebPage","@id":"https:\/\/www.turismegarrigues.com\/blog\/5a-fira-oleotextil-a-lespluga-calba\/","url":"https:\/\/www.turismegarrigues.com\/blog\/5a-fira-oleotextil-a-lespluga-calba\/","name":"5a Fira Oleot\u00e8xtil a l\u2019Espluga Calba - Turisme de les Garrigues","isPartOf":{"@id":"https:\/\/www.turismegarrigues.com\/blog\/#website"},"primaryImageOfPage":{"@id":"https:\/\/www.turismegarrigues.com\/blog\/5a-fira-oleotextil-a-lespluga-calba\/#primaryimage"},"image":{"@id":"https:\/\/www.turismegarrigues.com\/blog\/5a-fira-oleotextil-a-lespluga-calba\/#primaryimage"},"thumbnailUrl":"https:\/\/www.turismegarrigues.com\/blog\/wp-content\/uploads\/Captura-de-pantalla-2018-12-04-a-las-11.40.46.png","datePublished":"2018-12-04T11:00:00+00:00","dateModified":"2018-12-04T11:13:46+00:00","author":{"@id":"https:\/\/www.turismegarrigues.com\/blog\/#\/schema\/person\/7ada9dce6475184bb0c0a652f29c9653"},"breadcrumb":{"@id":"https:\/\/www.turismegarrigues.com\/blog\/5a-fira-oleotextil-a-lespluga-calba\/#breadcrumb"},"inLanguage":"ca","potentialAction":[{"@type":"ReadAction","target":["https:\/\/www.turismegarrigues.com\/blog\/5a-fira-oleotextil-a-lespluga-calba\/"]}]},{"@type":"ImageObject","inLanguage":"ca","@id":"https:\/\/www.turismegarrigues.com\/blog\/5a-fira-oleotextil-a-lespluga-calba\/#primaryimage","url":"https:\/\/www.turismegarrigues.com\/blog\/wp-content\/uploads\/Captura-de-pantalla-2018-12-04-a-las-11.40.46.png","contentUrl":"https:\/\/www.turismegarrigues.com\/blog\/wp-content\/uploads\/Captura-de-pantalla-2018-12-04-a-las-11.40.46.png","width":1016,"height":704},{"@type":"BreadcrumbList","@id":"https:\/\/www.turismegarrigues.com\/blog\/5a-fira-oleotextil-a-lespluga-calba\/#breadcrumb","itemListElement":[{"@type":"ListItem","position":1,"name":"Inici","item":"https:\/\/www.turismegarrigues.com\/blog\/"},{"@type":"ListItem","position":2,"name":"5a Fira Oleot\u00e8xtil a l\u2019Espluga Calba"}]},{"@type":"WebSite","@id":"https:\/\/www.turismegarrigues.com\/blog\/#website","url":"https:\/\/www.turismegarrigues.com\/blog\/","name":"Turisme de les Garrigues","description":"Blog","potentialAction":[{"@type":"SearchAction","target":{"@type":"EntryPoint","urlTemplate":"https:\/\/www.turismegarrigues.com\/blog\/?s={search_term_string}"},"query-input":{"@type":"PropertyValueSpecification","valueRequired":true,"valueName":"search_term_string"}}],"inLanguage":"ca"},{"@type":"Person","@id":"https:\/\/www.turismegarrigues.com\/blog\/#\/schema\/person\/7ada9dce6475184bb0c0a652f29c9653","name":"turismegarrigues","image":{"@type":"ImageObject","inLanguage":"ca","@id":"https:\/\/www.turismegarrigues.com\/blog\/#\/schema\/person\/image\/","url":"https:\/\/secure.gravatar.com\/avatar\/2479dec683bf2f700ffae0009a0a72796d18201a99196df0e23b11ae9749e88e?s=96&d=mm&r=g","contentUrl":"https:\/\/secure.gravatar.com\/avatar\/2479dec683bf2f700ffae0009a0a72796d18201a99196df0e23b11ae9749e88e?s=96&d=mm&r=g","caption":"turismegarrigues"},"sameAs":["http:\/\/www.turismegarrigues.com\/"],"url":"https:\/\/www.turismegarrigues.com\/blog\/author\/turismegarrigues\/"}]}},"_links":{"self":[{"href":"https:\/\/www.turismegarrigues.com\/blog\/wp-json\/wp\/v2\/posts\/1514","targetHints":{"allow":["GET"]}}],"collection":[{"href":"https:\/\/www.turismegarrigues.com\/blog\/wp-json\/wp\/v2\/posts"}],"about":[{"href":"https:\/\/www.turismegarrigues.com\/blog\/wp-json\/wp\/v2\/types\/post"}],"author":[{"embeddable":true,"href":"https:\/\/www.turismegarrigues.com\/blog\/wp-json\/wp\/v2\/users\/2"}],"replies":[{"embeddable":true,"href":"https:\/\/www.turismegarrigues.com\/blog\/wp-json\/wp\/v2\/comments?post=1514"}],"version-history":[{"count":1,"href":"https:\/\/www.turismegarrigues.com\/blog\/wp-json\/wp\/v2\/posts\/1514\/revisions"}],"predecessor-version":[{"id":1517,"href":"https:\/\/www.turismegarrigues.com\/blog\/wp-json\/wp\/v2\/posts\/1514\/revisions\/1517"}],"wp:featuredmedia":[{"embeddable":true,"href":"https:\/\/www.turismegarrigues.com\/blog\/wp-json\/wp\/v2\/media\/1518"}],"wp:attachment":[{"href":"https:\/\/www.turismegarrigues.com\/blog\/wp-json\/wp\/v2\/media?parent=1514"}],"wp:term":[{"taxonomy":"category","embeddable":true,"href":"https:\/\/www.turismegarrigues.com\/blog\/wp-json\/wp\/v2\/categories?post=1514"},{"taxonomy":"post_tag","embeddable":true,"href":"https:\/\/www.turismegarrigues.com\/blog\/wp-json\/wp\/v2\/tags?post=1514"}],"curies":[{"name":"wp","href":"https:\/\/api.w.org\/{rel}","templated":true}]}}