{"id":1648,"date":"2019-03-11T20:18:47","date_gmt":"2019-03-11T19:18:47","guid":{"rendered":"https:\/\/www.turismegarrigues.com\/blog\/?p=1648"},"modified":"2019-03-11T20:18:47","modified_gmt":"2019-03-11T19:18:47","slug":"cooperativa-camp-la-fraternal-de-lalbages","status":"publish","type":"post","link":"https:\/\/www.turismegarrigues.com\/blog\/cooperativa-camp-la-fraternal-de-lalbages\/","title":{"rendered":"Cooperativa Camp La Fraternal de l&#8217;Albag\u00e9s"},"content":{"rendered":"<p><span style=\"font-weight: 400;\">Aquest any <\/span><b>La Fraternal de l&#8217;Albag\u00e9s<\/b><span style=\"font-weight: 400;\"> ubicada al municipi de l&#8217;Albag\u00e9s (Les Garrigues) fa 100 anys. Constitu\u00efda el 1919 per dotze socis fundadors, homes amb visi\u00f3 de futur i per aquella \u00e8poca, revolucionaris arriba a l\u2019any 2019 amb uns vuitanta socis i s\u00f2cies que aporten la seva producci\u00f3 d&#8217;olives i ametlles.<\/span><\/p>\n<p><span style=\"font-weight: 400;\">Des de la seva creaci\u00f3, la Cooperativa ha evolucionat i ha sofert grans canvis. Actualment <\/span><span style=\"font-weight: 400;\">t\u00e9 un mol\u00ed d&#8217;oli propi que elabora amb la marca <\/span><b>ALBA1919<\/b><span style=\"font-weight: 400;\"> en Producci\u00f3 Integrada, Producci\u00f3 Ecol\u00f2gica i Producci\u00f3 Convencional, inscrita a la Denominaci\u00f3 d&#8217;Origen Les Garrigues.<\/span><\/p>\n<p><img loading=\"lazy\" decoding=\"async\" class=\"alignnone size-full wp-image-1649\" src=\"https:\/\/www.turismegarrigues.com\/blog\/wp-content\/uploads\/IMG_20181008_121755.jpg\" alt=\"\" width=\"1024\" height=\"768\" srcset=\"https:\/\/www.turismegarrigues.com\/blog\/wp-content\/uploads\/IMG_20181008_121755.jpg 1024w, https:\/\/www.turismegarrigues.com\/blog\/wp-content\/uploads\/IMG_20181008_121755-300x225.jpg 300w, https:\/\/www.turismegarrigues.com\/blog\/wp-content\/uploads\/IMG_20181008_121755-768x576.jpg 768w\" sizes=\"auto, (max-width: 1024px) 100vw, 1024px\" \/><\/p>\n<p><span style=\"font-weight: 400;\">L&#8217;edifici original data de principis del segle XX. Durant els anys seixanta es va ampliar, constru\u00efnt una botiga com a Secci\u00f3 de Consum de la Cooperativa i posteriorment es va destinar uns recintes espec\u00edfics a envasadora i \u00a0agrobotiga.<\/span><\/p>\n<p><span style=\"font-weight: 400;\">Cada any, per l&#8217;inici de la temporada de collita celebren una Jornada de Portes Obertes per a clients i visitants, amb un esmorzar i visites guiades durant el mat\u00ed. A m\u00e9s, els visitants poden gaudir d\u2019un recorregut guiat per la cooperativa on rebran l\u2019explicaci\u00f3 detallada del proc\u00e9s d&#8217;elaboraci\u00f3 de l&#8217;oli, de les seves caracter\u00edstiques i propietats, a l&#8217;acabament de la qual poden tastar i valorar les particularitats de l&#8217;oli: maduresa, afruitat, picant, amarg, verd\u2026<\/span><\/p>\n<p><span style=\"font-weight: 400;\">Si et ve de gust, \u00e9s possible visitar la cooperativa seguint l\u2019explicaci\u00f3 detallada del proc\u00e9s d&#8217;elaboraci\u00f3 de l&#8217;oli, de les seves caracter\u00edstiques i propietats, a l&#8217;acabament de la qual poden tastar i valorar les particularitats de l&#8217;oli: maduresa, afruitat, picant, amarg, verd\u2026<\/span><\/p>\n<p><img loading=\"lazy\" decoding=\"async\" class=\"alignnone size-full wp-image-1651\" src=\"https:\/\/www.turismegarrigues.com\/blog\/wp-content\/uploads\/IMG_20181008_121450.jpg\" alt=\"\" width=\"1024\" height=\"768\" srcset=\"https:\/\/www.turismegarrigues.com\/blog\/wp-content\/uploads\/IMG_20181008_121450.jpg 1024w, https:\/\/www.turismegarrigues.com\/blog\/wp-content\/uploads\/IMG_20181008_121450-300x225.jpg 300w, https:\/\/www.turismegarrigues.com\/blog\/wp-content\/uploads\/IMG_20181008_121450-768x576.jpg 768w\" sizes=\"auto, (max-width: 1024px) 100vw, 1024px\" \/><\/p>\n<p><span style=\"font-weight: 400;\">I si vols descobrir altres racons de la poblaci\u00f3, et proposem visitar el Celler Clos Pons i en breu <\/span><span style=\"font-weight: 400;\">l\u2019embassament de L\u2019Albag\u00e9s.<\/span><\/p>\n<p><span style=\"font-weight: 400;\">Et convidem a fer una visita a la seva web per no perdre cap detall de tot el que pots trobar, a m\u00e9s, \u00e9s possible comprar oli verge extra a trav\u00e9s de la seva botiga online: <\/span><a href=\"https:\/\/alba1919.com\/\"><b>https:\/\/alba1919.com<\/b><\/a><\/p>\n<p>&nbsp;<\/p>\n","protected":false},"excerpt":{"rendered":"<p>Aquest any La Fraternal de l&#8217;Albag\u00e9s ubicada al municipi de l&#8217;Albag\u00e9s (Les Garrigues) fa 100 anys. Constitu\u00efda el 1919 per dotze socis fundadors, homes amb visi\u00f3 de futur i per aquella \u00e8poca, revolucionaris arriba a l\u2019any 2019 amb uns vuitanta socis i s\u00f2cies que aporten la seva producci\u00f3 d&#8217;olives i ametlles. Des de la seva &#8230; <a title=\"Cooperativa Camp La Fraternal de l&#8217;Albag\u00e9s\" class=\"read-more\" href=\"https:\/\/www.turismegarrigues.com\/blog\/cooperativa-camp-la-fraternal-de-lalbages\/\" aria-label=\"M\u00e9s informaci\u00f3 sobre Cooperativa Camp La Fraternal de l&#8217;Albag\u00e9s\">Llegiu m\u00e9s<\/a><\/p>\n","protected":false},"author":2,"featured_media":1653,"comment_status":"closed","ping_status":"closed","sticky":false,"template":"","format":"standard","meta":{"footnotes":""},"categories":[1],"tags":[],"class_list":["post-1648","post","type-post","status-publish","format-standard","has-post-thumbnail","hentry","category-turisme"],"yoast_head":"<!-- This site is optimized with the Yoast SEO plugin v24.4 - https:\/\/yoast.com\/wordpress\/plugins\/seo\/ -->\n<title>Cooperativa Camp La Fraternal de l&#039;Albag\u00e9s - Turisme de les Garrigues<\/title>\n<meta name=\"robots\" content=\"index, follow, max-snippet:-1, max-image-preview:large, max-video-preview:-1\" \/>\n<link rel=\"canonical\" href=\"https:\/\/www.turismegarrigues.com\/blog\/cooperativa-camp-la-fraternal-de-lalbages\/\" \/>\n<meta property=\"og:locale\" content=\"ca_ES\" \/>\n<meta property=\"og:type\" content=\"article\" \/>\n<meta property=\"og:title\" content=\"Cooperativa Camp La Fraternal de l&#039;Albag\u00e9s - Turisme de les Garrigues\" \/>\n<meta property=\"og:description\" content=\"Aquest any La Fraternal de l&#8217;Albag\u00e9s ubicada al municipi de l&#8217;Albag\u00e9s (Les Garrigues) fa 100 anys. Constitu\u00efda el 1919 per dotze socis fundadors, homes amb visi\u00f3 de futur i per aquella \u00e8poca, revolucionaris arriba a l\u2019any 2019 amb uns vuitanta socis i s\u00f2cies que aporten la seva producci\u00f3 d&#8217;olives i ametlles. Des de la seva ... Llegiu m\u00e9s\" \/>\n<meta property=\"og:url\" content=\"https:\/\/www.turismegarrigues.com\/blog\/cooperativa-camp-la-fraternal-de-lalbages\/\" \/>\n<meta property=\"og:site_name\" content=\"Turisme de les Garrigues\" \/>\n<meta property=\"article:published_time\" content=\"2019-03-11T19:18:47+00:00\" \/>\n<meta property=\"og:image\" content=\"https:\/\/www.turismegarrigues.com\/blog\/wp-content\/uploads\/Captura-de-pantalla-2019-03-11-a-las-20.17.49.png\" \/>\n\t<meta property=\"og:image:width\" content=\"948\" \/>\n\t<meta property=\"og:image:height\" content=\"710\" \/>\n\t<meta property=\"og:image:type\" content=\"image\/png\" \/>\n<meta name=\"author\" content=\"turismegarrigues\" \/>\n<meta name=\"twitter:card\" content=\"summary_large_image\" \/>\n<meta name=\"twitter:label1\" content=\"Escrit per\" \/>\n\t<meta name=\"twitter:data1\" content=\"turismegarrigues\" \/>\n\t<meta name=\"twitter:label2\" content=\"Temps estimat de lectura\" \/>\n\t<meta name=\"twitter:data2\" content=\"2 minuts\" \/>\n<script type=\"application\/ld+json\" class=\"yoast-schema-graph\">{\"@context\":\"https:\/\/schema.org\",\"@graph\":[{\"@type\":\"WebPage\",\"@id\":\"https:\/\/www.turismegarrigues.com\/blog\/cooperativa-camp-la-fraternal-de-lalbages\/\",\"url\":\"https:\/\/www.turismegarrigues.com\/blog\/cooperativa-camp-la-fraternal-de-lalbages\/\",\"name\":\"Cooperativa Camp La Fraternal de l'Albag\u00e9s - Turisme de les Garrigues\",\"isPartOf\":{\"@id\":\"https:\/\/www.turismegarrigues.com\/blog\/#website\"},\"primaryImageOfPage\":{\"@id\":\"https:\/\/www.turismegarrigues.com\/blog\/cooperativa-camp-la-fraternal-de-lalbages\/#primaryimage\"},\"image\":{\"@id\":\"https:\/\/www.turismegarrigues.com\/blog\/cooperativa-camp-la-fraternal-de-lalbages\/#primaryimage\"},\"thumbnailUrl\":\"https:\/\/www.turismegarrigues.com\/blog\/wp-content\/uploads\/Captura-de-pantalla-2019-03-11-a-las-20.17.49.png\",\"datePublished\":\"2019-03-11T19:18:47+00:00\",\"author\":{\"@id\":\"https:\/\/www.turismegarrigues.com\/blog\/#\/schema\/person\/7ada9dce6475184bb0c0a652f29c9653\"},\"breadcrumb\":{\"@id\":\"https:\/\/www.turismegarrigues.com\/blog\/cooperativa-camp-la-fraternal-de-lalbages\/#breadcrumb\"},\"inLanguage\":\"ca\",\"potentialAction\":[{\"@type\":\"ReadAction\",\"target\":[\"https:\/\/www.turismegarrigues.com\/blog\/cooperativa-camp-la-fraternal-de-lalbages\/\"]}]},{\"@type\":\"ImageObject\",\"inLanguage\":\"ca\",\"@id\":\"https:\/\/www.turismegarrigues.com\/blog\/cooperativa-camp-la-fraternal-de-lalbages\/#primaryimage\",\"url\":\"https:\/\/www.turismegarrigues.com\/blog\/wp-content\/uploads\/Captura-de-pantalla-2019-03-11-a-las-20.17.49.png\",\"contentUrl\":\"https:\/\/www.turismegarrigues.com\/blog\/wp-content\/uploads\/Captura-de-pantalla-2019-03-11-a-las-20.17.49.png\",\"width\":948,\"height\":710},{\"@type\":\"BreadcrumbList\",\"@id\":\"https:\/\/www.turismegarrigues.com\/blog\/cooperativa-camp-la-fraternal-de-lalbages\/#breadcrumb\",\"itemListElement\":[{\"@type\":\"ListItem\",\"position\":1,\"name\":\"Inici\",\"item\":\"https:\/\/www.turismegarrigues.com\/blog\/\"},{\"@type\":\"ListItem\",\"position\":2,\"name\":\"Cooperativa Camp La Fraternal de l&#8217;Albag\u00e9s\"}]},{\"@type\":\"WebSite\",\"@id\":\"https:\/\/www.turismegarrigues.com\/blog\/#website\",\"url\":\"https:\/\/www.turismegarrigues.com\/blog\/\",\"name\":\"Turisme de les Garrigues\",\"description\":\"Blog\",\"potentialAction\":[{\"@type\":\"SearchAction\",\"target\":{\"@type\":\"EntryPoint\",\"urlTemplate\":\"https:\/\/www.turismegarrigues.com\/blog\/?s={search_term_string}\"},\"query-input\":{\"@type\":\"PropertyValueSpecification\",\"valueRequired\":true,\"valueName\":\"search_term_string\"}}],\"inLanguage\":\"ca\"},{\"@type\":\"Person\",\"@id\":\"https:\/\/www.turismegarrigues.com\/blog\/#\/schema\/person\/7ada9dce6475184bb0c0a652f29c9653\",\"name\":\"turismegarrigues\",\"image\":{\"@type\":\"ImageObject\",\"inLanguage\":\"ca\",\"@id\":\"https:\/\/www.turismegarrigues.com\/blog\/#\/schema\/person\/image\/\",\"url\":\"https:\/\/secure.gravatar.com\/avatar\/2479dec683bf2f700ffae0009a0a72796d18201a99196df0e23b11ae9749e88e?s=96&d=mm&r=g\",\"contentUrl\":\"https:\/\/secure.gravatar.com\/avatar\/2479dec683bf2f700ffae0009a0a72796d18201a99196df0e23b11ae9749e88e?s=96&d=mm&r=g\",\"caption\":\"turismegarrigues\"},\"sameAs\":[\"http:\/\/www.turismegarrigues.com\/\"],\"url\":\"https:\/\/www.turismegarrigues.com\/blog\/author\/turismegarrigues\/\"}]}<\/script>\n<!-- \/ Yoast SEO plugin. -->","yoast_head_json":{"title":"Cooperativa Camp La Fraternal de l'Albag\u00e9s - Turisme de les Garrigues","robots":{"index":"index","follow":"follow","max-snippet":"max-snippet:-1","max-image-preview":"max-image-preview:large","max-video-preview":"max-video-preview:-1"},"canonical":"https:\/\/www.turismegarrigues.com\/blog\/cooperativa-camp-la-fraternal-de-lalbages\/","og_locale":"ca_ES","og_type":"article","og_title":"Cooperativa Camp La Fraternal de l'Albag\u00e9s - Turisme de les Garrigues","og_description":"Aquest any La Fraternal de l&#8217;Albag\u00e9s ubicada al municipi de l&#8217;Albag\u00e9s (Les Garrigues) fa 100 anys. Constitu\u00efda el 1919 per dotze socis fundadors, homes amb visi\u00f3 de futur i per aquella \u00e8poca, revolucionaris arriba a l\u2019any 2019 amb uns vuitanta socis i s\u00f2cies que aporten la seva producci\u00f3 d&#8217;olives i ametlles. Des de la seva ... Llegiu m\u00e9s","og_url":"https:\/\/www.turismegarrigues.com\/blog\/cooperativa-camp-la-fraternal-de-lalbages\/","og_site_name":"Turisme de les Garrigues","article_published_time":"2019-03-11T19:18:47+00:00","og_image":[{"width":948,"height":710,"url":"https:\/\/www.turismegarrigues.com\/blog\/wp-content\/uploads\/Captura-de-pantalla-2019-03-11-a-las-20.17.49.png","type":"image\/png"}],"author":"turismegarrigues","twitter_card":"summary_large_image","twitter_misc":{"Escrit per":"turismegarrigues","Temps estimat de lectura":"2 minuts"},"schema":{"@context":"https:\/\/schema.org","@graph":[{"@type":"WebPage","@id":"https:\/\/www.turismegarrigues.com\/blog\/cooperativa-camp-la-fraternal-de-lalbages\/","url":"https:\/\/www.turismegarrigues.com\/blog\/cooperativa-camp-la-fraternal-de-lalbages\/","name":"Cooperativa Camp La Fraternal de l'Albag\u00e9s - Turisme de les Garrigues","isPartOf":{"@id":"https:\/\/www.turismegarrigues.com\/blog\/#website"},"primaryImageOfPage":{"@id":"https:\/\/www.turismegarrigues.com\/blog\/cooperativa-camp-la-fraternal-de-lalbages\/#primaryimage"},"image":{"@id":"https:\/\/www.turismegarrigues.com\/blog\/cooperativa-camp-la-fraternal-de-lalbages\/#primaryimage"},"thumbnailUrl":"https:\/\/www.turismegarrigues.com\/blog\/wp-content\/uploads\/Captura-de-pantalla-2019-03-11-a-las-20.17.49.png","datePublished":"2019-03-11T19:18:47+00:00","author":{"@id":"https:\/\/www.turismegarrigues.com\/blog\/#\/schema\/person\/7ada9dce6475184bb0c0a652f29c9653"},"breadcrumb":{"@id":"https:\/\/www.turismegarrigues.com\/blog\/cooperativa-camp-la-fraternal-de-lalbages\/#breadcrumb"},"inLanguage":"ca","potentialAction":[{"@type":"ReadAction","target":["https:\/\/www.turismegarrigues.com\/blog\/cooperativa-camp-la-fraternal-de-lalbages\/"]}]},{"@type":"ImageObject","inLanguage":"ca","@id":"https:\/\/www.turismegarrigues.com\/blog\/cooperativa-camp-la-fraternal-de-lalbages\/#primaryimage","url":"https:\/\/www.turismegarrigues.com\/blog\/wp-content\/uploads\/Captura-de-pantalla-2019-03-11-a-las-20.17.49.png","contentUrl":"https:\/\/www.turismegarrigues.com\/blog\/wp-content\/uploads\/Captura-de-pantalla-2019-03-11-a-las-20.17.49.png","width":948,"height":710},{"@type":"BreadcrumbList","@id":"https:\/\/www.turismegarrigues.com\/blog\/cooperativa-camp-la-fraternal-de-lalbages\/#breadcrumb","itemListElement":[{"@type":"ListItem","position":1,"name":"Inici","item":"https:\/\/www.turismegarrigues.com\/blog\/"},{"@type":"ListItem","position":2,"name":"Cooperativa Camp La Fraternal de l&#8217;Albag\u00e9s"}]},{"@type":"WebSite","@id":"https:\/\/www.turismegarrigues.com\/blog\/#website","url":"https:\/\/www.turismegarrigues.com\/blog\/","name":"Turisme de les Garrigues","description":"Blog","potentialAction":[{"@type":"SearchAction","target":{"@type":"EntryPoint","urlTemplate":"https:\/\/www.turismegarrigues.com\/blog\/?s={search_term_string}"},"query-input":{"@type":"PropertyValueSpecification","valueRequired":true,"valueName":"search_term_string"}}],"inLanguage":"ca"},{"@type":"Person","@id":"https:\/\/www.turismegarrigues.com\/blog\/#\/schema\/person\/7ada9dce6475184bb0c0a652f29c9653","name":"turismegarrigues","image":{"@type":"ImageObject","inLanguage":"ca","@id":"https:\/\/www.turismegarrigues.com\/blog\/#\/schema\/person\/image\/","url":"https:\/\/secure.gravatar.com\/avatar\/2479dec683bf2f700ffae0009a0a72796d18201a99196df0e23b11ae9749e88e?s=96&d=mm&r=g","contentUrl":"https:\/\/secure.gravatar.com\/avatar\/2479dec683bf2f700ffae0009a0a72796d18201a99196df0e23b11ae9749e88e?s=96&d=mm&r=g","caption":"turismegarrigues"},"sameAs":["http:\/\/www.turismegarrigues.com\/"],"url":"https:\/\/www.turismegarrigues.com\/blog\/author\/turismegarrigues\/"}]}},"_links":{"self":[{"href":"https:\/\/www.turismegarrigues.com\/blog\/wp-json\/wp\/v2\/posts\/1648","targetHints":{"allow":["GET"]}}],"collection":[{"href":"https:\/\/www.turismegarrigues.com\/blog\/wp-json\/wp\/v2\/posts"}],"about":[{"href":"https:\/\/www.turismegarrigues.com\/blog\/wp-json\/wp\/v2\/types\/post"}],"author":[{"embeddable":true,"href":"https:\/\/www.turismegarrigues.com\/blog\/wp-json\/wp\/v2\/users\/2"}],"replies":[{"embeddable":true,"href":"https:\/\/www.turismegarrigues.com\/blog\/wp-json\/wp\/v2\/comments?post=1648"}],"version-history":[{"count":1,"href":"https:\/\/www.turismegarrigues.com\/blog\/wp-json\/wp\/v2\/posts\/1648\/revisions"}],"predecessor-version":[{"id":1655,"href":"https:\/\/www.turismegarrigues.com\/blog\/wp-json\/wp\/v2\/posts\/1648\/revisions\/1655"}],"wp:featuredmedia":[{"embeddable":true,"href":"https:\/\/www.turismegarrigues.com\/blog\/wp-json\/wp\/v2\/media\/1653"}],"wp:attachment":[{"href":"https:\/\/www.turismegarrigues.com\/blog\/wp-json\/wp\/v2\/media?parent=1648"}],"wp:term":[{"taxonomy":"category","embeddable":true,"href":"https:\/\/www.turismegarrigues.com\/blog\/wp-json\/wp\/v2\/categories?post=1648"},{"taxonomy":"post_tag","embeddable":true,"href":"https:\/\/www.turismegarrigues.com\/blog\/wp-json\/wp\/v2\/tags?post=1648"}],"curies":[{"name":"wp","href":"https:\/\/api.w.org\/{rel}","templated":true}]}}