{"id":1657,"date":"2019-03-18T21:09:59","date_gmt":"2019-03-18T20:09:59","guid":{"rendered":"https:\/\/www.turismegarrigues.com\/blog\/?p=1657"},"modified":"2019-03-19T10:42:08","modified_gmt":"2019-03-19T09:42:08","slug":"lespai-macia-de-les-borges-blanques","status":"publish","type":"post","link":"https:\/\/www.turismegarrigues.com\/blog\/lespai-macia-de-les-borges-blanques\/","title":{"rendered":"L\u2019Espai Maci\u00e0 de les Borges Blanques"},"content":{"rendered":"<p><span style=\"font-weight: 400;\">Qui era Francesc Maci\u00e0? Per qu\u00e8 \u00e9s una figura imprescindible de la hist\u00f2ria de Catalunya? Quina relaci\u00f3 t\u00e9 amb les Garrigues i les Borges Blanques? <\/span><\/p>\n<p><span style=\"font-weight: 400;\">Per con\u00e8ixer a fons i d\u2019una manera amena la figura de <\/span><b>Francesc Maci\u00e0<\/b><span style=\"font-weight: 400;\">, el president de la Generalitat de Catalunya que va proclamar la Rep\u00fablica Catalana l\u2019any 1931, cal visitar l<\/span><b>\u2019Espai Maci\u00e0<\/b><span style=\"font-weight: 400;\">, ubicat al bell mig del centre hist\u00f2ric de les <\/span><b>Borges Blanques<\/b><span style=\"font-weight: 400;\">, capital de<\/span><b> les Garrigues<\/b><span style=\"font-weight: 400;\">.<\/span><\/p>\n<p><img loading=\"lazy\" decoding=\"async\" class=\"alignnone size-full wp-image-1658\" src=\"https:\/\/www.turismegarrigues.com\/blog\/wp-content\/uploads\/20160426_112023.jpg\" alt=\"\" width=\"1024\" height=\"742\" srcset=\"https:\/\/www.turismegarrigues.com\/blog\/wp-content\/uploads\/20160426_112023.jpg 1024w, https:\/\/www.turismegarrigues.com\/blog\/wp-content\/uploads\/20160426_112023-300x217.jpg 300w, https:\/\/www.turismegarrigues.com\/blog\/wp-content\/uploads\/20160426_112023-768x557.jpg 768w\" sizes=\"auto, (max-width: 1024px) 100vw, 1024px\" \/><\/p>\n<p><span style=\"font-weight: 400;\">En aquest espai tamb\u00e9 es tracten els detalls del rerefons hum\u00e0, ideol\u00f2gic, sociocultural i pol\u00edtic d\u2019un dels personatges m\u00e9s carism\u00e0tics del pa\u00eds, a m\u00e9s de profunditzar en els seus valors per construir una societat m\u00e9s justa: l\u2019honestedat, la fermesa, el di\u00e0leg, el dret a decidir, la llibertat, l\u2019esfor\u00e7, el comprom\u00eds, la terra i els somnis com a instrument per al progr\u00e9s i la just\u00edcia.<\/span><\/p>\n<p><img loading=\"lazy\" decoding=\"async\" class=\"alignnone size-full wp-image-1660\" src=\"https:\/\/www.turismegarrigues.com\/blog\/wp-content\/uploads\/20160426_111938.jpg\" alt=\"\" width=\"1024\" height=\"576\" srcset=\"https:\/\/www.turismegarrigues.com\/blog\/wp-content\/uploads\/20160426_111938.jpg 1024w, https:\/\/www.turismegarrigues.com\/blog\/wp-content\/uploads\/20160426_111938-300x169.jpg 300w, https:\/\/www.turismegarrigues.com\/blog\/wp-content\/uploads\/20160426_111938-768x432.jpg 768w\" sizes=\"auto, (max-width: 1024px) 100vw, 1024px\" \/><\/p>\n<p><span style=\"font-weight: 400;\">A m\u00e9s a m\u00e9s, aquest centre neix amb una clara vocaci\u00f3 d\u2019esdevenir un punt d\u2019aturada imprescindible del turisme que visiti les Borges Blanques o les terres de <\/span><b>Lleida<\/b><span style=\"font-weight: 400;\"> i, al mateix temps, punt de visita obligat\u00f2ria per tots aquells amants de la hist\u00f2ria del pa\u00eds. <\/span><\/p>\n<p><span style=\"font-weight: 400;\">Sempre es pot visitar l\u2019exposici\u00f3 permanent i, puntualment, organitzen altres activitats com les \u2018Jornades Republicanes\u2019 que se celebren a l\u2019abril on es fan presentacions, gimcanes, projeccions, actuacions musicals&#8230; a m\u00e9s a m\u00e9s d\u2019actes per a tota la fam\u00edlia sempre vinculats amb el valor de les llibertats del poble. <\/span><\/p>\n<p><span style=\"font-weight: 400;\">Us esperem a l\u2019Espai Maci\u00e0 per descobrir i escoltar la veu d\u2019un home que ens va ensenyar a ser dignes de la llibertat.<\/span><\/p>\n<p><span style=\"font-weight: 400;\">Despr\u00e9s de la visita, no oblideu de fer un passeig pel Parc del Terrall, visitar la Cooperativa de Sant Isidre per comprar Oli d\u2019Oliva Verge Extra i gaudir d\u2019un bon dinar al Restaurant Hostal Benet o a la Masia les Garrigues.<\/span><\/p>\n<p><b>Horari de visites Espai Maci\u00e0<\/b><\/p>\n<p><span style=\"font-weight: 400;\">Dimarts: mat\u00ed d\u201911h a 13h. <\/span><\/p>\n<p><span style=\"font-weight: 400;\">Dimecres i dijous: tarda de les 17h a 20h.<\/span><\/p>\n<p><span style=\"font-weight: 400;\">Divendres: mat\u00ed d\u201911h a 13h, tarda de les 17h a 20h.<\/span><\/p>\n<p><span style=\"font-weight: 400;\">Dissabte: mat\u00ed de les 10h a 14h, tarda de les 17h a 20h.<\/span><\/p>\n<p><span style=\"font-weight: 400;\">Diumenge: mat\u00ed de les 10h a 14h.<\/span><\/p>\n<p><i><span style=\"font-weight: 400;\">Per visites concertades fora de l\u2019horari oficial del centre, podeu trucar al tel\u00e8fon 973140874 o enviar un e-mail a info@espaimacia.cat.<\/span><\/i><\/p>\n<p><span style=\"font-weight: 400;\">Text de N\u00faria Pijuan, t\u00e8cnica en turisme de l\u2019Espai Maci\u00e0. <\/span><\/p>\n<p>&nbsp;<\/p>\n","protected":false},"excerpt":{"rendered":"<p>Qui era Francesc Maci\u00e0? Per qu\u00e8 \u00e9s una figura imprescindible de la hist\u00f2ria de Catalunya? Quina relaci\u00f3 t\u00e9 amb les Garrigues i les Borges Blanques? Per con\u00e8ixer a fons i d\u2019una manera amena la figura de Francesc Maci\u00e0, el president de la Generalitat de Catalunya que va proclamar la Rep\u00fablica Catalana l\u2019any 1931, cal visitar &#8230; <a title=\"L\u2019Espai Maci\u00e0 de les Borges Blanques\" class=\"read-more\" href=\"https:\/\/www.turismegarrigues.com\/blog\/lespai-macia-de-les-borges-blanques\/\" aria-label=\"M\u00e9s informaci\u00f3 sobre L\u2019Espai Maci\u00e0 de les Borges Blanques\">Llegiu m\u00e9s<\/a><\/p>\n","protected":false},"author":2,"featured_media":1662,"comment_status":"closed","ping_status":"closed","sticky":false,"template":"","format":"standard","meta":{"footnotes":""},"categories":[14],"tags":[],"class_list":["post-1657","post","type-post","status-publish","format-standard","has-post-thumbnail","hentry","category-actualitat"],"yoast_head":"<!-- This site is optimized with the Yoast SEO plugin v24.4 - https:\/\/yoast.com\/wordpress\/plugins\/seo\/ -->\n<title>L\u2019Espai Maci\u00e0 de les Borges Blanques - Turisme de les Garrigues<\/title>\n<meta name=\"robots\" content=\"index, follow, max-snippet:-1, max-image-preview:large, max-video-preview:-1\" \/>\n<link rel=\"canonical\" href=\"https:\/\/www.turismegarrigues.com\/blog\/lespai-macia-de-les-borges-blanques\/\" \/>\n<meta property=\"og:locale\" content=\"ca_ES\" \/>\n<meta property=\"og:type\" content=\"article\" \/>\n<meta property=\"og:title\" content=\"L\u2019Espai Maci\u00e0 de les Borges Blanques - Turisme de les Garrigues\" \/>\n<meta property=\"og:description\" content=\"Qui era Francesc Maci\u00e0? Per qu\u00e8 \u00e9s una figura imprescindible de la hist\u00f2ria de Catalunya? Quina relaci\u00f3 t\u00e9 amb les Garrigues i les Borges Blanques? Per con\u00e8ixer a fons i d\u2019una manera amena la figura de Francesc Maci\u00e0, el president de la Generalitat de Catalunya que va proclamar la Rep\u00fablica Catalana l\u2019any 1931, cal visitar ... Llegiu m\u00e9s\" \/>\n<meta property=\"og:url\" content=\"https:\/\/www.turismegarrigues.com\/blog\/lespai-macia-de-les-borges-blanques\/\" \/>\n<meta property=\"og:site_name\" content=\"Turisme de les Garrigues\" \/>\n<meta property=\"article:published_time\" content=\"2019-03-18T20:09:59+00:00\" \/>\n<meta property=\"article:modified_time\" content=\"2019-03-19T09:42:08+00:00\" \/>\n<meta property=\"og:image\" content=\"https:\/\/www.turismegarrigues.com\/blog\/wp-content\/uploads\/ESPAIMACIA.jpg\" \/>\n\t<meta property=\"og:image:width\" content=\"1024\" \/>\n\t<meta property=\"og:image:height\" content=\"576\" \/>\n\t<meta property=\"og:image:type\" content=\"image\/jpeg\" \/>\n<meta name=\"author\" content=\"turismegarrigues\" \/>\n<meta name=\"twitter:card\" content=\"summary_large_image\" \/>\n<meta name=\"twitter:label1\" content=\"Escrit per\" \/>\n\t<meta name=\"twitter:data1\" content=\"turismegarrigues\" \/>\n\t<meta name=\"twitter:label2\" content=\"Temps estimat de lectura\" \/>\n\t<meta name=\"twitter:data2\" content=\"2 minuts\" \/>\n<script type=\"application\/ld+json\" class=\"yoast-schema-graph\">{\"@context\":\"https:\/\/schema.org\",\"@graph\":[{\"@type\":\"WebPage\",\"@id\":\"https:\/\/www.turismegarrigues.com\/blog\/lespai-macia-de-les-borges-blanques\/\",\"url\":\"https:\/\/www.turismegarrigues.com\/blog\/lespai-macia-de-les-borges-blanques\/\",\"name\":\"L\u2019Espai Maci\u00e0 de les Borges Blanques - Turisme de les Garrigues\",\"isPartOf\":{\"@id\":\"https:\/\/www.turismegarrigues.com\/blog\/#website\"},\"primaryImageOfPage\":{\"@id\":\"https:\/\/www.turismegarrigues.com\/blog\/lespai-macia-de-les-borges-blanques\/#primaryimage\"},\"image\":{\"@id\":\"https:\/\/www.turismegarrigues.com\/blog\/lespai-macia-de-les-borges-blanques\/#primaryimage\"},\"thumbnailUrl\":\"https:\/\/www.turismegarrigues.com\/blog\/wp-content\/uploads\/ESPAIMACIA.jpg\",\"datePublished\":\"2019-03-18T20:09:59+00:00\",\"dateModified\":\"2019-03-19T09:42:08+00:00\",\"author\":{\"@id\":\"https:\/\/www.turismegarrigues.com\/blog\/#\/schema\/person\/7ada9dce6475184bb0c0a652f29c9653\"},\"breadcrumb\":{\"@id\":\"https:\/\/www.turismegarrigues.com\/blog\/lespai-macia-de-les-borges-blanques\/#breadcrumb\"},\"inLanguage\":\"ca\",\"potentialAction\":[{\"@type\":\"ReadAction\",\"target\":[\"https:\/\/www.turismegarrigues.com\/blog\/lespai-macia-de-les-borges-blanques\/\"]}]},{\"@type\":\"ImageObject\",\"inLanguage\":\"ca\",\"@id\":\"https:\/\/www.turismegarrigues.com\/blog\/lespai-macia-de-les-borges-blanques\/#primaryimage\",\"url\":\"https:\/\/www.turismegarrigues.com\/blog\/wp-content\/uploads\/ESPAIMACIA.jpg\",\"contentUrl\":\"https:\/\/www.turismegarrigues.com\/blog\/wp-content\/uploads\/ESPAIMACIA.jpg\",\"width\":1024,\"height\":576},{\"@type\":\"BreadcrumbList\",\"@id\":\"https:\/\/www.turismegarrigues.com\/blog\/lespai-macia-de-les-borges-blanques\/#breadcrumb\",\"itemListElement\":[{\"@type\":\"ListItem\",\"position\":1,\"name\":\"Inici\",\"item\":\"https:\/\/www.turismegarrigues.com\/blog\/\"},{\"@type\":\"ListItem\",\"position\":2,\"name\":\"L\u2019Espai Maci\u00e0 de les Borges Blanques\"}]},{\"@type\":\"WebSite\",\"@id\":\"https:\/\/www.turismegarrigues.com\/blog\/#website\",\"url\":\"https:\/\/www.turismegarrigues.com\/blog\/\",\"name\":\"Turisme de les Garrigues\",\"description\":\"Blog\",\"potentialAction\":[{\"@type\":\"SearchAction\",\"target\":{\"@type\":\"EntryPoint\",\"urlTemplate\":\"https:\/\/www.turismegarrigues.com\/blog\/?s={search_term_string}\"},\"query-input\":{\"@type\":\"PropertyValueSpecification\",\"valueRequired\":true,\"valueName\":\"search_term_string\"}}],\"inLanguage\":\"ca\"},{\"@type\":\"Person\",\"@id\":\"https:\/\/www.turismegarrigues.com\/blog\/#\/schema\/person\/7ada9dce6475184bb0c0a652f29c9653\",\"name\":\"turismegarrigues\",\"image\":{\"@type\":\"ImageObject\",\"inLanguage\":\"ca\",\"@id\":\"https:\/\/www.turismegarrigues.com\/blog\/#\/schema\/person\/image\/\",\"url\":\"https:\/\/secure.gravatar.com\/avatar\/2479dec683bf2f700ffae0009a0a72796d18201a99196df0e23b11ae9749e88e?s=96&d=mm&r=g\",\"contentUrl\":\"https:\/\/secure.gravatar.com\/avatar\/2479dec683bf2f700ffae0009a0a72796d18201a99196df0e23b11ae9749e88e?s=96&d=mm&r=g\",\"caption\":\"turismegarrigues\"},\"sameAs\":[\"http:\/\/www.turismegarrigues.com\/\"],\"url\":\"https:\/\/www.turismegarrigues.com\/blog\/author\/turismegarrigues\/\"}]}<\/script>\n<!-- \/ Yoast SEO plugin. -->","yoast_head_json":{"title":"L\u2019Espai Maci\u00e0 de les Borges Blanques - Turisme de les Garrigues","robots":{"index":"index","follow":"follow","max-snippet":"max-snippet:-1","max-image-preview":"max-image-preview:large","max-video-preview":"max-video-preview:-1"},"canonical":"https:\/\/www.turismegarrigues.com\/blog\/lespai-macia-de-les-borges-blanques\/","og_locale":"ca_ES","og_type":"article","og_title":"L\u2019Espai Maci\u00e0 de les Borges Blanques - Turisme de les Garrigues","og_description":"Qui era Francesc Maci\u00e0? Per qu\u00e8 \u00e9s una figura imprescindible de la hist\u00f2ria de Catalunya? Quina relaci\u00f3 t\u00e9 amb les Garrigues i les Borges Blanques? Per con\u00e8ixer a fons i d\u2019una manera amena la figura de Francesc Maci\u00e0, el president de la Generalitat de Catalunya que va proclamar la Rep\u00fablica Catalana l\u2019any 1931, cal visitar ... Llegiu m\u00e9s","og_url":"https:\/\/www.turismegarrigues.com\/blog\/lespai-macia-de-les-borges-blanques\/","og_site_name":"Turisme de les Garrigues","article_published_time":"2019-03-18T20:09:59+00:00","article_modified_time":"2019-03-19T09:42:08+00:00","og_image":[{"width":1024,"height":576,"url":"https:\/\/www.turismegarrigues.com\/blog\/wp-content\/uploads\/ESPAIMACIA.jpg","type":"image\/jpeg"}],"author":"turismegarrigues","twitter_card":"summary_large_image","twitter_misc":{"Escrit per":"turismegarrigues","Temps estimat de lectura":"2 minuts"},"schema":{"@context":"https:\/\/schema.org","@graph":[{"@type":"WebPage","@id":"https:\/\/www.turismegarrigues.com\/blog\/lespai-macia-de-les-borges-blanques\/","url":"https:\/\/www.turismegarrigues.com\/blog\/lespai-macia-de-les-borges-blanques\/","name":"L\u2019Espai Maci\u00e0 de les Borges Blanques - Turisme de les Garrigues","isPartOf":{"@id":"https:\/\/www.turismegarrigues.com\/blog\/#website"},"primaryImageOfPage":{"@id":"https:\/\/www.turismegarrigues.com\/blog\/lespai-macia-de-les-borges-blanques\/#primaryimage"},"image":{"@id":"https:\/\/www.turismegarrigues.com\/blog\/lespai-macia-de-les-borges-blanques\/#primaryimage"},"thumbnailUrl":"https:\/\/www.turismegarrigues.com\/blog\/wp-content\/uploads\/ESPAIMACIA.jpg","datePublished":"2019-03-18T20:09:59+00:00","dateModified":"2019-03-19T09:42:08+00:00","author":{"@id":"https:\/\/www.turismegarrigues.com\/blog\/#\/schema\/person\/7ada9dce6475184bb0c0a652f29c9653"},"breadcrumb":{"@id":"https:\/\/www.turismegarrigues.com\/blog\/lespai-macia-de-les-borges-blanques\/#breadcrumb"},"inLanguage":"ca","potentialAction":[{"@type":"ReadAction","target":["https:\/\/www.turismegarrigues.com\/blog\/lespai-macia-de-les-borges-blanques\/"]}]},{"@type":"ImageObject","inLanguage":"ca","@id":"https:\/\/www.turismegarrigues.com\/blog\/lespai-macia-de-les-borges-blanques\/#primaryimage","url":"https:\/\/www.turismegarrigues.com\/blog\/wp-content\/uploads\/ESPAIMACIA.jpg","contentUrl":"https:\/\/www.turismegarrigues.com\/blog\/wp-content\/uploads\/ESPAIMACIA.jpg","width":1024,"height":576},{"@type":"BreadcrumbList","@id":"https:\/\/www.turismegarrigues.com\/blog\/lespai-macia-de-les-borges-blanques\/#breadcrumb","itemListElement":[{"@type":"ListItem","position":1,"name":"Inici","item":"https:\/\/www.turismegarrigues.com\/blog\/"},{"@type":"ListItem","position":2,"name":"L\u2019Espai Maci\u00e0 de les Borges Blanques"}]},{"@type":"WebSite","@id":"https:\/\/www.turismegarrigues.com\/blog\/#website","url":"https:\/\/www.turismegarrigues.com\/blog\/","name":"Turisme de les Garrigues","description":"Blog","potentialAction":[{"@type":"SearchAction","target":{"@type":"EntryPoint","urlTemplate":"https:\/\/www.turismegarrigues.com\/blog\/?s={search_term_string}"},"query-input":{"@type":"PropertyValueSpecification","valueRequired":true,"valueName":"search_term_string"}}],"inLanguage":"ca"},{"@type":"Person","@id":"https:\/\/www.turismegarrigues.com\/blog\/#\/schema\/person\/7ada9dce6475184bb0c0a652f29c9653","name":"turismegarrigues","image":{"@type":"ImageObject","inLanguage":"ca","@id":"https:\/\/www.turismegarrigues.com\/blog\/#\/schema\/person\/image\/","url":"https:\/\/secure.gravatar.com\/avatar\/2479dec683bf2f700ffae0009a0a72796d18201a99196df0e23b11ae9749e88e?s=96&d=mm&r=g","contentUrl":"https:\/\/secure.gravatar.com\/avatar\/2479dec683bf2f700ffae0009a0a72796d18201a99196df0e23b11ae9749e88e?s=96&d=mm&r=g","caption":"turismegarrigues"},"sameAs":["http:\/\/www.turismegarrigues.com\/"],"url":"https:\/\/www.turismegarrigues.com\/blog\/author\/turismegarrigues\/"}]}},"_links":{"self":[{"href":"https:\/\/www.turismegarrigues.com\/blog\/wp-json\/wp\/v2\/posts\/1657","targetHints":{"allow":["GET"]}}],"collection":[{"href":"https:\/\/www.turismegarrigues.com\/blog\/wp-json\/wp\/v2\/posts"}],"about":[{"href":"https:\/\/www.turismegarrigues.com\/blog\/wp-json\/wp\/v2\/types\/post"}],"author":[{"embeddable":true,"href":"https:\/\/www.turismegarrigues.com\/blog\/wp-json\/wp\/v2\/users\/2"}],"replies":[{"embeddable":true,"href":"https:\/\/www.turismegarrigues.com\/blog\/wp-json\/wp\/v2\/comments?post=1657"}],"version-history":[{"count":2,"href":"https:\/\/www.turismegarrigues.com\/blog\/wp-json\/wp\/v2\/posts\/1657\/revisions"}],"predecessor-version":[{"id":1665,"href":"https:\/\/www.turismegarrigues.com\/blog\/wp-json\/wp\/v2\/posts\/1657\/revisions\/1665"}],"wp:featuredmedia":[{"embeddable":true,"href":"https:\/\/www.turismegarrigues.com\/blog\/wp-json\/wp\/v2\/media\/1662"}],"wp:attachment":[{"href":"https:\/\/www.turismegarrigues.com\/blog\/wp-json\/wp\/v2\/media?parent=1657"}],"wp:term":[{"taxonomy":"category","embeddable":true,"href":"https:\/\/www.turismegarrigues.com\/blog\/wp-json\/wp\/v2\/categories?post=1657"},{"taxonomy":"post_tag","embeddable":true,"href":"https:\/\/www.turismegarrigues.com\/blog\/wp-json\/wp\/v2\/tags?post=1657"}],"curies":[{"name":"wp","href":"https:\/\/api.w.org\/{rel}","templated":true}]}}