{"id":1793,"date":"2019-08-22T21:41:05","date_gmt":"2019-08-22T20:41:05","guid":{"rendered":"https:\/\/www.turismegarrigues.com\/blog\/?p=1793"},"modified":"2019-08-22T21:44:55","modified_gmt":"2019-08-22T20:44:55","slug":"ruta-dels-castells-de-les-garrigues","status":"publish","type":"post","link":"https:\/\/www.turismegarrigues.com\/blog\/ruta-dels-castells-de-les-garrigues\/","title":{"rendered":"Ruta dels castells de les Garrigues"},"content":{"rendered":"\n<p>Al territori de&nbsp;<strong>Les Garrigues<\/strong>hi ha cinc castells repartits pel seu territori. En aquest post et convidem a descobrir la ruta dels castells de la comarca.<\/p>\n\n\n\n<p>Comen\u00e7arem pel castell de l<strong>\u2019Albi<\/strong> datat l\u2019any 1176 en un conveni establert entre el rei Alfons el Cast i Guillem de Cervera on el rei li va encomanar diversos castells, entre els quals hi havia el \u201ccastrum de Albio\u201d. Es va construir en estil rom\u00e0nic i despr\u00e9s g\u00f2tic, tal com es pot veure en les restes del celler i la pres\u00f3. A partir del 1336 es va engrandir i es va convertir en un dels castells m\u00e9s sumptuosos de Catalunya. A finals del segle XVI es va transformar en un palau d\u2019estil renaixentista. Els primers barons o senyors propietaris del castell de l\u2019Albi van destacar sempre en la hist\u00f2ria de les terres catalanes com a militars, eclesi\u00e0stics i escriptors. Actualment pertany a l\u2019Ajuntament, que ha dut a terme una exhaustiva excavaci\u00f3 arqueol\u00f2gica i unes obres de consolidaci\u00f3 i restauraci\u00f3 per convertir-lo en espai cultural.<\/p>\n\n\n\n<p>No oblideu fer un passeig pel nucli antic de la poblaci\u00f3, el carrer del Call, la pla\u00e7a porxada, el carrer Major, l\u2019Esgl\u00e8sia de Santa Maria d\u2019estil renaixentista i fa\u00e7ana barroca, a m\u00e9s de les pintures rupestres de la Vall de la Coma i de la Balma dels Punts.&nbsp;<\/p>\n\n\n\n<p>A m\u00e9s, podreu fer una parada per dinar al Restaurant Ca la Margarida, on gaudireu de una cuina tradicional i d\u2019innovaci\u00f3, amb un men\u00fa diari, men\u00fa de cap de setmana i men\u00fas per a grups.<\/p>\n\n\n\n<p>Per continuar amb la ruta, us recomanem endinsar-vis al bell mig de l\u2019<strong>Espluga Calba<\/strong> on trobareu el majestu\u00f3s castell de pedra, que fou constru\u00eft entre els segles XIII i XIV, on hi havia una fortalesa musulmana. Destaca per la seva arquitectura t\u00edpica de l\u2019Orde de Sant Joan, que trobareu en altres construccions com el castell de Roda. Al castell podreu visitar l\u2019Aula Magna, antic punt de trobada de l\u2019Orde de Sant Joan de Jerusalem, el pati d\u2019armes, la sala de l\u2019Orde de Malta i una sala d\u2019exposicions.<\/p>\n\n\n\n<p>*Per poder fer la visita s\u2019ha de concertar cita pr\u00e8via.&nbsp;<\/p>\n\n\n\n<p>Si continueu passejant pel poble, podreu visitar l\u2019Esgl\u00e9sia parroquial del segle XVII, el mol\u00ed antic de la&nbsp;<strong>Cooperativa Espluguenca<\/strong>o passar-vos per la&nbsp;<strong>Cooperativa John-fil<\/strong>, que des de 1970 es dedica a la fabricaci\u00f3 de tot tipus de peces de g\u00e8nere de punt exterior per a dona i home.<\/p>\n\n\n\n<p>A uns quants kilometre trobareu el castell de&nbsp;<strong>la Floresta<\/strong>. La hist\u00f2ria d\u2019aquest s\u2019inici\u00e0a finals del segle XII. Va ser propietat dels comtes de Pallars, els ducs de Cardona i els ducs de Medinacelli. Els estils art\u00edstics del g\u00f2tic, renaixentista i barroc es troben reflectits en els seus finestrals, llars de foc i magn\u00edfics sostres teginats del segle XVI. A la porta de la torre destaca l\u2019escut de l\u2019\u00e0guila bic\u00e8fala dels comtes de Pallars, que van deixar-hi l\u2019empremta. A l\u2019interior podreu gaudir d\u2019una exposici\u00f3 de tapissos i pintures d\u2019<strong>Edith Schaar<\/strong>. El castell, a m\u00e9s, compta amb una part dedicada a allotjament.<\/p>\n\n\n\n<figure class=\"wp-block-image\"><img loading=\"lazy\" decoding=\"async\" width=\"1024\" height=\"577\" src=\"https:\/\/www.turismegarrigues.com\/blog\/wp-content\/uploads\/Castell-de-la-Floresta-2-1024x577.jpg\" alt=\"\" class=\"wp-image-1794\" srcset=\"https:\/\/www.turismegarrigues.com\/blog\/wp-content\/uploads\/Castell-de-la-Floresta-2.jpg 1024w, https:\/\/www.turismegarrigues.com\/blog\/wp-content\/uploads\/Castell-de-la-Floresta-2-300x169.jpg 300w, https:\/\/www.turismegarrigues.com\/blog\/wp-content\/uploads\/Castell-de-la-Floresta-2-768x433.jpg 768w\" sizes=\"auto, (max-width: 1024px) 100vw, 1024px\" \/><\/figure>\n\n\n\n<p>Us recomanem aprofitar la parada per veure el pou de gel, l\u2019Esgl\u00e9sia de Sant Blai, el Poblat dels Castellot, la Creu de la pla\u00e7a i la sala d\u2019exposicions de treballs de la pedra.&nbsp;<\/p>\n\n\n\n<p>Si avanceu en la ruta, arribareu a&nbsp;<strong>Arbeca<\/strong>. Trobareu el castell coronant el tur\u00f3 des d\u2019on podreu veure tota la plana d\u2019Urgell, les muntanyes del Montsec, la serra de Prades i la Serra de la Llena. Aquest comptava amb una estructura de planta quadrada, estava envoltat d\u2019un gran fossat com a element de defensa i presidit per la torre de l\u2019homenatge, a la part de ponent. Estava franquejat per quatre torres m\u00e9s: la de les Dames, la dels Vents, la del Porgador i una quarta de la qual es desconeix el nom.&nbsp;<\/p>\n\n\n\n<figure class=\"wp-block-image\"><img loading=\"lazy\" decoding=\"async\" width=\"1024\" height=\"683\" src=\"https:\/\/www.turismegarrigues.com\/blog\/wp-content\/uploads\/IMG_8585-1024x683.jpg\" alt=\"\" class=\"wp-image-1796\" srcset=\"https:\/\/www.turismegarrigues.com\/blog\/wp-content\/uploads\/IMG_8585.jpg 1024w, https:\/\/www.turismegarrigues.com\/blog\/wp-content\/uploads\/IMG_8585-300x200.jpg 300w, https:\/\/www.turismegarrigues.com\/blog\/wp-content\/uploads\/IMG_8585-768x512.jpg 768w\" sizes=\"auto, (max-width: 1024px) 100vw, 1024px\" \/><\/figure>\n\n\n\n<p>Des de l\u2019acabament de la Guerra Civil catalana contra Joan II fins a la Guerra dels Segadors, Arbeca \u00e9s resid\u00e8ncia ducal. Totes les propietats dels Ducs de Cardona passen a mans dels Medinaceli arran d\u2019un contracte matrimonial, fet pel qual, la Baronia d\u2019Arbeca passa a ser governada des de Castella. A mitjans del segle XIX, amb la desamortitzaci\u00f3, va ser venut.<\/p>\n\n\n\n<p>El podeu visitar els diumenges!<\/p>\n\n\n\n<p>Podeu aprofitar el pas per la poblaci\u00f3 per apropar-vos a la Fortalesa ib\u00e8rica dels Vilars d\u2019Arbeca, el mol\u00ed de l\u2019Argil\u00e9s, l\u2019Esgl\u00e9sia de Sant Jaume o la Col\u00b7lecci\u00f3 sobre la Guerra Civil.&nbsp;<\/p>\n\n\n\n<p>No oblideu entrar a la Cooperativa modernista i comprar oli d\u2019oliva verge extra!<\/p>\n\n\n\n<p>Finalitzarem la ruta per l\u2019<strong>Albag\u00e9s&nbsp;<\/strong>on trobareu un castell del qual no es coneixen gaire els seus or\u00edgens. \u00c9s probable que les restes corresponguin a una antiga torre de guaita \u00e0rab. L\u2019any 1119, el comte Ramon Berenguer III va donar a Guillem Dalmau de Cervera&nbsp;&nbsp;les dues terceres parts del terme de Castelldans, entre les quals hi hauria l\u2019Albag\u00e9s. Despr\u00e9s de la conquesta de Lleida l\u2019any 1149, el castell pass\u00e0 per diverses mans&nbsp;&nbsp;fins que el 1315 l\u2019abat de Poblet, Andreu de Timor, va comprar el castell i el lloc d\u2019Albag\u00e9s. Entre 1643 i 1647, enmig de la Guerra dels Segadors, el castell va ser saquejat i cremat. Entre el 1688 i el 1692, va ser restaurat per l\u2019abat Pere Virgili. Despr\u00e9s de la desamortitzaci\u00f3, el castell va passar per diverses mans privades fins que el 2010 es va cedir al consistori municipal.<\/p>\n\n\n\n<figure class=\"wp-block-image\"><img loading=\"lazy\" decoding=\"async\" width=\"1024\" height=\"768\" src=\"https:\/\/www.turismegarrigues.com\/blog\/wp-content\/uploads\/IMG_20150324_115032-1024x768.jpg\" alt=\"\" class=\"wp-image-1798\" srcset=\"https:\/\/www.turismegarrigues.com\/blog\/wp-content\/uploads\/IMG_20150324_115032.jpg 1024w, https:\/\/www.turismegarrigues.com\/blog\/wp-content\/uploads\/IMG_20150324_115032-300x225.jpg 300w, https:\/\/www.turismegarrigues.com\/blog\/wp-content\/uploads\/IMG_20150324_115032-768x576.jpg 768w\" sizes=\"auto, (max-width: 1024px) 100vw, 1024px\" \/><\/figure>\n\n\n\n<p>Despr\u00e9s de visitar el castell, us recomanem apropar-vos al Cogul i gaudir del conjunt de pintures rupestres.&nbsp;<\/p>\n","protected":false},"excerpt":{"rendered":"<p>Al territori de&nbsp;Les Garrigueshi ha cinc castells repartits pel seu territori. En aquest post et convidem a descobrir la ruta dels castells de la comarca. Comen\u00e7arem pel castell de l\u2019Albi datat l\u2019any 1176 en un conveni establert entre el rei Alfons el Cast i Guillem de Cervera on el rei li va encomanar diversos castells, &#8230; <a title=\"Ruta dels castells de les Garrigues\" class=\"read-more\" href=\"https:\/\/www.turismegarrigues.com\/blog\/ruta-dels-castells-de-les-garrigues\/\" aria-label=\"M\u00e9s informaci\u00f3 sobre Ruta dels castells de les Garrigues\">Llegiu m\u00e9s<\/a><\/p>\n","protected":false},"author":2,"featured_media":1802,"comment_status":"closed","ping_status":"closed","sticky":false,"template":"","format":"standard","meta":{"footnotes":""},"categories":[1],"tags":[33,36,30,31],"class_list":["post-1793","post","type-post","status-publish","format-standard","has-post-thumbnail","hentry","category-turisme","tag-castell-arbeca","tag-castell-espluga-calba","tag-castells","tag-ruta-castells-les-garrigues"],"yoast_head":"<!-- This site is optimized with the Yoast SEO plugin v24.4 - https:\/\/yoast.com\/wordpress\/plugins\/seo\/ -->\n<title>Ruta dels castells de les Garrigues - Turisme de les Garrigues<\/title>\n<meta name=\"robots\" content=\"index, follow, max-snippet:-1, max-image-preview:large, max-video-preview:-1\" \/>\n<link rel=\"canonical\" href=\"https:\/\/www.turismegarrigues.com\/blog\/ruta-dels-castells-de-les-garrigues\/\" \/>\n<meta property=\"og:locale\" content=\"ca_ES\" \/>\n<meta property=\"og:type\" content=\"article\" \/>\n<meta property=\"og:title\" content=\"Ruta dels castells de les Garrigues - Turisme de les Garrigues\" \/>\n<meta property=\"og:description\" content=\"Al territori de&nbsp;Les Garrigueshi ha cinc castells repartits pel seu territori. En aquest post et convidem a descobrir la ruta dels castells de la comarca. Comen\u00e7arem pel castell de l\u2019Albi datat l\u2019any 1176 en un conveni establert entre el rei Alfons el Cast i Guillem de Cervera on el rei li va encomanar diversos castells, ... Llegiu m\u00e9s\" \/>\n<meta property=\"og:url\" content=\"https:\/\/www.turismegarrigues.com\/blog\/ruta-dels-castells-de-les-garrigues\/\" \/>\n<meta property=\"og:site_name\" content=\"Turisme de les Garrigues\" \/>\n<meta property=\"article:published_time\" content=\"2019-08-22T20:41:05+00:00\" \/>\n<meta property=\"article:modified_time\" content=\"2019-08-22T20:44:55+00:00\" \/>\n<meta property=\"og:image\" content=\"https:\/\/www.turismegarrigues.com\/blog\/wp-content\/uploads\/CASTELL-FLORESTA-foto-Estitxu.jpg\" \/>\n\t<meta property=\"og:image:width\" content=\"1024\" \/>\n\t<meta property=\"og:image:height\" content=\"360\" \/>\n\t<meta property=\"og:image:type\" content=\"image\/jpeg\" \/>\n<meta name=\"author\" content=\"turismegarrigues\" \/>\n<meta name=\"twitter:card\" content=\"summary_large_image\" \/>\n<meta name=\"twitter:label1\" content=\"Escrit per\" \/>\n\t<meta name=\"twitter:data1\" content=\"turismegarrigues\" \/>\n\t<meta name=\"twitter:label2\" content=\"Temps estimat de lectura\" \/>\n\t<meta name=\"twitter:data2\" content=\"5 minuts\" \/>\n<script type=\"application\/ld+json\" class=\"yoast-schema-graph\">{\"@context\":\"https:\/\/schema.org\",\"@graph\":[{\"@type\":\"WebPage\",\"@id\":\"https:\/\/www.turismegarrigues.com\/blog\/ruta-dels-castells-de-les-garrigues\/\",\"url\":\"https:\/\/www.turismegarrigues.com\/blog\/ruta-dels-castells-de-les-garrigues\/\",\"name\":\"Ruta dels castells de les Garrigues - Turisme de les Garrigues\",\"isPartOf\":{\"@id\":\"https:\/\/www.turismegarrigues.com\/blog\/#website\"},\"primaryImageOfPage\":{\"@id\":\"https:\/\/www.turismegarrigues.com\/blog\/ruta-dels-castells-de-les-garrigues\/#primaryimage\"},\"image\":{\"@id\":\"https:\/\/www.turismegarrigues.com\/blog\/ruta-dels-castells-de-les-garrigues\/#primaryimage\"},\"thumbnailUrl\":\"https:\/\/www.turismegarrigues.com\/blog\/wp-content\/uploads\/CASTELL-FLORESTA-foto-Estitxu.jpg\",\"datePublished\":\"2019-08-22T20:41:05+00:00\",\"dateModified\":\"2019-08-22T20:44:55+00:00\",\"author\":{\"@id\":\"https:\/\/www.turismegarrigues.com\/blog\/#\/schema\/person\/7ada9dce6475184bb0c0a652f29c9653\"},\"breadcrumb\":{\"@id\":\"https:\/\/www.turismegarrigues.com\/blog\/ruta-dels-castells-de-les-garrigues\/#breadcrumb\"},\"inLanguage\":\"ca\",\"potentialAction\":[{\"@type\":\"ReadAction\",\"target\":[\"https:\/\/www.turismegarrigues.com\/blog\/ruta-dels-castells-de-les-garrigues\/\"]}]},{\"@type\":\"ImageObject\",\"inLanguage\":\"ca\",\"@id\":\"https:\/\/www.turismegarrigues.com\/blog\/ruta-dels-castells-de-les-garrigues\/#primaryimage\",\"url\":\"https:\/\/www.turismegarrigues.com\/blog\/wp-content\/uploads\/CASTELL-FLORESTA-foto-Estitxu.jpg\",\"contentUrl\":\"https:\/\/www.turismegarrigues.com\/blog\/wp-content\/uploads\/CASTELL-FLORESTA-foto-Estitxu.jpg\",\"width\":1024,\"height\":360},{\"@type\":\"BreadcrumbList\",\"@id\":\"https:\/\/www.turismegarrigues.com\/blog\/ruta-dels-castells-de-les-garrigues\/#breadcrumb\",\"itemListElement\":[{\"@type\":\"ListItem\",\"position\":1,\"name\":\"Inici\",\"item\":\"https:\/\/www.turismegarrigues.com\/blog\/\"},{\"@type\":\"ListItem\",\"position\":2,\"name\":\"Ruta dels castells de les Garrigues\"}]},{\"@type\":\"WebSite\",\"@id\":\"https:\/\/www.turismegarrigues.com\/blog\/#website\",\"url\":\"https:\/\/www.turismegarrigues.com\/blog\/\",\"name\":\"Turisme de les Garrigues\",\"description\":\"Blog\",\"potentialAction\":[{\"@type\":\"SearchAction\",\"target\":{\"@type\":\"EntryPoint\",\"urlTemplate\":\"https:\/\/www.turismegarrigues.com\/blog\/?s={search_term_string}\"},\"query-input\":{\"@type\":\"PropertyValueSpecification\",\"valueRequired\":true,\"valueName\":\"search_term_string\"}}],\"inLanguage\":\"ca\"},{\"@type\":\"Person\",\"@id\":\"https:\/\/www.turismegarrigues.com\/blog\/#\/schema\/person\/7ada9dce6475184bb0c0a652f29c9653\",\"name\":\"turismegarrigues\",\"image\":{\"@type\":\"ImageObject\",\"inLanguage\":\"ca\",\"@id\":\"https:\/\/www.turismegarrigues.com\/blog\/#\/schema\/person\/image\/\",\"url\":\"https:\/\/secure.gravatar.com\/avatar\/2479dec683bf2f700ffae0009a0a72796d18201a99196df0e23b11ae9749e88e?s=96&d=mm&r=g\",\"contentUrl\":\"https:\/\/secure.gravatar.com\/avatar\/2479dec683bf2f700ffae0009a0a72796d18201a99196df0e23b11ae9749e88e?s=96&d=mm&r=g\",\"caption\":\"turismegarrigues\"},\"sameAs\":[\"http:\/\/www.turismegarrigues.com\/\"],\"url\":\"https:\/\/www.turismegarrigues.com\/blog\/author\/turismegarrigues\/\"}]}<\/script>\n<!-- \/ Yoast SEO plugin. -->","yoast_head_json":{"title":"Ruta dels castells de les Garrigues - Turisme de les Garrigues","robots":{"index":"index","follow":"follow","max-snippet":"max-snippet:-1","max-image-preview":"max-image-preview:large","max-video-preview":"max-video-preview:-1"},"canonical":"https:\/\/www.turismegarrigues.com\/blog\/ruta-dels-castells-de-les-garrigues\/","og_locale":"ca_ES","og_type":"article","og_title":"Ruta dels castells de les Garrigues - Turisme de les Garrigues","og_description":"Al territori de&nbsp;Les Garrigueshi ha cinc castells repartits pel seu territori. En aquest post et convidem a descobrir la ruta dels castells de la comarca. Comen\u00e7arem pel castell de l\u2019Albi datat l\u2019any 1176 en un conveni establert entre el rei Alfons el Cast i Guillem de Cervera on el rei li va encomanar diversos castells, ... Llegiu m\u00e9s","og_url":"https:\/\/www.turismegarrigues.com\/blog\/ruta-dels-castells-de-les-garrigues\/","og_site_name":"Turisme de les Garrigues","article_published_time":"2019-08-22T20:41:05+00:00","article_modified_time":"2019-08-22T20:44:55+00:00","og_image":[{"width":1024,"height":360,"url":"https:\/\/www.turismegarrigues.com\/blog\/wp-content\/uploads\/CASTELL-FLORESTA-foto-Estitxu.jpg","type":"image\/jpeg"}],"author":"turismegarrigues","twitter_card":"summary_large_image","twitter_misc":{"Escrit per":"turismegarrigues","Temps estimat de lectura":"5 minuts"},"schema":{"@context":"https:\/\/schema.org","@graph":[{"@type":"WebPage","@id":"https:\/\/www.turismegarrigues.com\/blog\/ruta-dels-castells-de-les-garrigues\/","url":"https:\/\/www.turismegarrigues.com\/blog\/ruta-dels-castells-de-les-garrigues\/","name":"Ruta dels castells de les Garrigues - Turisme de les Garrigues","isPartOf":{"@id":"https:\/\/www.turismegarrigues.com\/blog\/#website"},"primaryImageOfPage":{"@id":"https:\/\/www.turismegarrigues.com\/blog\/ruta-dels-castells-de-les-garrigues\/#primaryimage"},"image":{"@id":"https:\/\/www.turismegarrigues.com\/blog\/ruta-dels-castells-de-les-garrigues\/#primaryimage"},"thumbnailUrl":"https:\/\/www.turismegarrigues.com\/blog\/wp-content\/uploads\/CASTELL-FLORESTA-foto-Estitxu.jpg","datePublished":"2019-08-22T20:41:05+00:00","dateModified":"2019-08-22T20:44:55+00:00","author":{"@id":"https:\/\/www.turismegarrigues.com\/blog\/#\/schema\/person\/7ada9dce6475184bb0c0a652f29c9653"},"breadcrumb":{"@id":"https:\/\/www.turismegarrigues.com\/blog\/ruta-dels-castells-de-les-garrigues\/#breadcrumb"},"inLanguage":"ca","potentialAction":[{"@type":"ReadAction","target":["https:\/\/www.turismegarrigues.com\/blog\/ruta-dels-castells-de-les-garrigues\/"]}]},{"@type":"ImageObject","inLanguage":"ca","@id":"https:\/\/www.turismegarrigues.com\/blog\/ruta-dels-castells-de-les-garrigues\/#primaryimage","url":"https:\/\/www.turismegarrigues.com\/blog\/wp-content\/uploads\/CASTELL-FLORESTA-foto-Estitxu.jpg","contentUrl":"https:\/\/www.turismegarrigues.com\/blog\/wp-content\/uploads\/CASTELL-FLORESTA-foto-Estitxu.jpg","width":1024,"height":360},{"@type":"BreadcrumbList","@id":"https:\/\/www.turismegarrigues.com\/blog\/ruta-dels-castells-de-les-garrigues\/#breadcrumb","itemListElement":[{"@type":"ListItem","position":1,"name":"Inici","item":"https:\/\/www.turismegarrigues.com\/blog\/"},{"@type":"ListItem","position":2,"name":"Ruta dels castells de les Garrigues"}]},{"@type":"WebSite","@id":"https:\/\/www.turismegarrigues.com\/blog\/#website","url":"https:\/\/www.turismegarrigues.com\/blog\/","name":"Turisme de les Garrigues","description":"Blog","potentialAction":[{"@type":"SearchAction","target":{"@type":"EntryPoint","urlTemplate":"https:\/\/www.turismegarrigues.com\/blog\/?s={search_term_string}"},"query-input":{"@type":"PropertyValueSpecification","valueRequired":true,"valueName":"search_term_string"}}],"inLanguage":"ca"},{"@type":"Person","@id":"https:\/\/www.turismegarrigues.com\/blog\/#\/schema\/person\/7ada9dce6475184bb0c0a652f29c9653","name":"turismegarrigues","image":{"@type":"ImageObject","inLanguage":"ca","@id":"https:\/\/www.turismegarrigues.com\/blog\/#\/schema\/person\/image\/","url":"https:\/\/secure.gravatar.com\/avatar\/2479dec683bf2f700ffae0009a0a72796d18201a99196df0e23b11ae9749e88e?s=96&d=mm&r=g","contentUrl":"https:\/\/secure.gravatar.com\/avatar\/2479dec683bf2f700ffae0009a0a72796d18201a99196df0e23b11ae9749e88e?s=96&d=mm&r=g","caption":"turismegarrigues"},"sameAs":["http:\/\/www.turismegarrigues.com\/"],"url":"https:\/\/www.turismegarrigues.com\/blog\/author\/turismegarrigues\/"}]}},"_links":{"self":[{"href":"https:\/\/www.turismegarrigues.com\/blog\/wp-json\/wp\/v2\/posts\/1793","targetHints":{"allow":["GET"]}}],"collection":[{"href":"https:\/\/www.turismegarrigues.com\/blog\/wp-json\/wp\/v2\/posts"}],"about":[{"href":"https:\/\/www.turismegarrigues.com\/blog\/wp-json\/wp\/v2\/types\/post"}],"author":[{"embeddable":true,"href":"https:\/\/www.turismegarrigues.com\/blog\/wp-json\/wp\/v2\/users\/2"}],"replies":[{"embeddable":true,"href":"https:\/\/www.turismegarrigues.com\/blog\/wp-json\/wp\/v2\/comments?post=1793"}],"version-history":[{"count":2,"href":"https:\/\/www.turismegarrigues.com\/blog\/wp-json\/wp\/v2\/posts\/1793\/revisions"}],"predecessor-version":[{"id":1804,"href":"https:\/\/www.turismegarrigues.com\/blog\/wp-json\/wp\/v2\/posts\/1793\/revisions\/1804"}],"wp:featuredmedia":[{"embeddable":true,"href":"https:\/\/www.turismegarrigues.com\/blog\/wp-json\/wp\/v2\/media\/1802"}],"wp:attachment":[{"href":"https:\/\/www.turismegarrigues.com\/blog\/wp-json\/wp\/v2\/media?parent=1793"}],"wp:term":[{"taxonomy":"category","embeddable":true,"href":"https:\/\/www.turismegarrigues.com\/blog\/wp-json\/wp\/v2\/categories?post=1793"},{"taxonomy":"post_tag","embeddable":true,"href":"https:\/\/www.turismegarrigues.com\/blog\/wp-json\/wp\/v2\/tags?post=1793"}],"curies":[{"name":"wp","href":"https:\/\/api.w.org\/{rel}","templated":true}]}}