{"id":197,"date":"2017-08-02T13:46:18","date_gmt":"2017-08-02T12:46:18","guid":{"rendered":"http:\/\/www.turismegarrigues.com\/blog\/?p=197\/"},"modified":"2018-09-14T06:03:17","modified_gmt":"2018-09-14T05:03:17","slug":"agost-musical-garrigues","status":"publish","type":"post","link":"https:\/\/www.turismegarrigues.com\/blog\/agost-musical-garrigues\/","title":{"rendered":"Agost musical a Les Garrigues"},"content":{"rendered":"<p>Al llarg del mes d\u2019agost continua el <a href=\"http:\/\/garriguitar.com\/\"><b>Garrigues Guitar Festival \u201cMemorial Emili Pujol\u201d<\/b><\/a><b>, <\/b>un Festival a trav\u00e9s del qual es difon la figura d\u2019<b>Emili Pujol<\/b>, coneguda en tots els cercles guitarr\u00edstics i musicals del m\u00f3n, mitjan\u00e7ant concerts repartits per espais culturals de <b>Les Garrigues<\/b>: esgl\u00e9sies, castells, cellers, etc.<\/p>\n<p>Encara sou a temps de gaudir d\u2019uns quants concerts durant aquest estiu.<\/p>\n<p>El pr\u00f2xim <b>5 d\u2019agost<\/b> a <b>l\u2019Esgl\u00e9sia de Sant Miquel de Granyena de Les Garrigues<\/b> podreu gaudir de la dualitat art\u00edstica entre m\u00fasica cl\u00e0ssica i popular de la m\u00e0 del guitarrista cub\u00e0 <b>Josu\u00e9 Fonseca<\/b>.<\/p>\n<p><img loading=\"lazy\" decoding=\"async\" class=\"alignnone wp-image-198 size-full\" src=\"http:\/\/www.turismegarrigues.com\/blog\/wp-content\/uploads\/20170805_72n.jpg\" alt=\"\" width=\"1024\" height=\"582\" srcset=\"https:\/\/www.turismegarrigues.com\/blog\/wp-content\/uploads\/20170805_72n.jpg 1024w, https:\/\/www.turismegarrigues.com\/blog\/wp-content\/uploads\/20170805_72n-300x171.jpg 300w, https:\/\/www.turismegarrigues.com\/blog\/wp-content\/uploads\/20170805_72n-768x437.jpg 768w\" sizes=\"auto, (max-width: 1024px) 100vw, 1024px\" \/><\/p>\n<p>Ens endinsar\u00e0 en un viatge entre els cl\u00e0ssics de Bach i Aguado, passant pels arranjaments rom\u00e0ntics de T\u00e0rrega fins a arribar als populars catalans. Us esperem a partir de les 20h. El cost de l\u2019entrada s\u00f3n 5 \u20ac (concert + tast).<\/p>\n<p>Inspirada en arrels folkl\u00f2riques llatinoamericanes, ens visitar\u00e0 el pr\u00f2xim <b>12 d\u2019agost, <\/b>a l\u2019<b>Esgl\u00e8sia de Sant Blai de<\/b> <b>La Floresta,<\/b> el grup <b>En clave de son<\/b>.<\/p>\n<p><img loading=\"lazy\" decoding=\"async\" class=\"alignnone size-full wp-image-199\" src=\"http:\/\/www.turismegarrigues.com\/blog\/wp-content\/uploads\/20170812_72n.jpg\" alt=\"\" width=\"1024\" height=\"582\" srcset=\"https:\/\/www.turismegarrigues.com\/blog\/wp-content\/uploads\/20170812_72n.jpg 1024w, https:\/\/www.turismegarrigues.com\/blog\/wp-content\/uploads\/20170812_72n-300x171.jpg 300w, https:\/\/www.turismegarrigues.com\/blog\/wp-content\/uploads\/20170812_72n-768x437.jpg 768w\" sizes=\"auto, (max-width: 1024px) 100vw, 1024px\" \/><\/p>\n<p>Interpreten amb instruments cl\u00e0ssics com la guitarra cl\u00e0ssica i el viol\u00ed, amb instruments aut\u00f2ctons com el guitarr\u00f3n, la jarana, flautes i gran varietat de percussions. A partir de les 21 h, preu per socis 2\u20ac\/no socis 4\u20ac, inclou: visita, tast i concert.<\/p>\n<p>Dins del programa d\u2019actes de <b>Festa Major d\u2019Arbec<\/b>a, el pr\u00f2xim <b>13 d\u2019agost a la Sala Rep\u00fablica d\u2019Arbeca<\/b> podreu gaudir del <b>Trio Desconcierto,<\/b> que tra\u00e7aran un recorregut ple d\u2019amor per la dansa amb tonades xilenes, tangos argentins, valsos europeus i m\u00fasica del carib. Entrada lliure a partir de les 12.30 h.<\/p>\n<p><img loading=\"lazy\" decoding=\"async\" class=\"alignnone size-full wp-image-200\" src=\"http:\/\/www.turismegarrigues.com\/blog\/wp-content\/uploads\/20170813_72n.jpg\" alt=\"\" width=\"1024\" height=\"582\" srcset=\"https:\/\/www.turismegarrigues.com\/blog\/wp-content\/uploads\/20170813_72n.jpg 1024w, https:\/\/www.turismegarrigues.com\/blog\/wp-content\/uploads\/20170813_72n-300x171.jpg 300w, https:\/\/www.turismegarrigues.com\/blog\/wp-content\/uploads\/20170813_72n-768x437.jpg 768w\" sizes=\"auto, (max-width: 1024px) 100vw, 1024px\" \/><\/p>\n<p>&nbsp;<\/p>\n<p>Podreu seguir el dilluns 14 d\u2019agost amb <b>Liv Duet al Castell de l\u2019Espluga Calba. Irene Labrador (violoncel) i Izan Rubio (guitarra)<\/b> et transportaran a profunds sons de delicadesa t\u00edmbrica per obres populars, tradicionals i contempor\u00e0nies brasileres, catalanes, espanyoles i argentines.<\/p>\n<p><img loading=\"lazy\" decoding=\"async\" class=\"alignnone size-full wp-image-201\" src=\"http:\/\/www.turismegarrigues.com\/blog\/wp-content\/uploads\/20170814_72n.jpg\" alt=\"\" width=\"1024\" height=\"582\" srcset=\"https:\/\/www.turismegarrigues.com\/blog\/wp-content\/uploads\/20170814_72n.jpg 1024w, https:\/\/www.turismegarrigues.com\/blog\/wp-content\/uploads\/20170814_72n-300x171.jpg 300w, https:\/\/www.turismegarrigues.com\/blog\/wp-content\/uploads\/20170814_72n-768x437.jpg 768w\" sizes=\"auto, (max-width: 1024px) 100vw, 1024px\" \/><\/p>\n<p>Entrada lliure a partir de les 22.30h.<\/p>\n<p>Seguirem amb l\u2019actuaci\u00f3 de <b>Maltinski-Belotti<\/b>, duet compost per l\u2019israeli\u00e0 Leor Maltinski (viol\u00ed) i l\u2019itali\u00e0 Giuliano Belotti (guitarra) <b>el 19 d\u2019agost al Centre d\u2019Interpretaci\u00f3 de les Pintures Rupestres d\u2019El Cogul.<\/b><\/p>\n<p><img loading=\"lazy\" decoding=\"async\" class=\"alignnone size-full wp-image-202\" src=\"http:\/\/www.turismegarrigues.com\/blog\/wp-content\/uploads\/20170819_72n.jpg\" alt=\"\" width=\"1024\" height=\"582\" srcset=\"https:\/\/www.turismegarrigues.com\/blog\/wp-content\/uploads\/20170819_72n.jpg 1024w, https:\/\/www.turismegarrigues.com\/blog\/wp-content\/uploads\/20170819_72n-300x171.jpg 300w, https:\/\/www.turismegarrigues.com\/blog\/wp-content\/uploads\/20170819_72n-768x437.jpg 768w\" sizes=\"auto, (max-width: 1024px) 100vw, 1024px\" \/><\/p>\n<p>Interpretaran un repertori de literatura musical amb obres de grans compositors com B\u00e1rtok, Falla, Sarasate i Alb\u00e9niz, entre d\u2019altres. Entrada lliure.<\/p>\n<p>Tancarem el <a href=\"http:\/\/garriguitar.com\/\"><b>Garrigues Guitar Festival <\/b><\/a>amb un concert a la <a href=\"http:\/\/www.vinyaelsvilars.cat\/?lang=es\"><b>Vinya els Vilars d\u2019Arbeca<\/b><\/a> el <b>26 d\u2019agost<\/b> amb <b>Pyrophorus Guitar Duo<\/b>.<\/p>\n<p><img loading=\"lazy\" decoding=\"async\" class=\"alignnone size-full wp-image-203\" src=\"http:\/\/www.turismegarrigues.com\/blog\/wp-content\/uploads\/20170826_72n.jpg\" alt=\"\" width=\"1024\" height=\"582\" srcset=\"https:\/\/www.turismegarrigues.com\/blog\/wp-content\/uploads\/20170826_72n.jpg 1024w, https:\/\/www.turismegarrigues.com\/blog\/wp-content\/uploads\/20170826_72n-300x171.jpg 300w, https:\/\/www.turismegarrigues.com\/blog\/wp-content\/uploads\/20170826_72n-768x437.jpg 768w\" sizes=\"auto, (max-width: 1024px) 100vw, 1024px\" \/><\/p>\n<p>Els guitarristes cubans Al\u00ed Arango i Josu\u00e9 Fonseca il\u00b7luminen les barreres entre el cl\u00e0ssic i el popular, explotant la fusi\u00f3 entre m\u00fasica popular cubana, jazz i m\u00fasica contempor\u00e0nia.<\/p>\n<p>Visita, tast i concert: 5 \u20ac.<\/p>\n<p>Esperem veure-us! <\/p>\n","protected":false},"excerpt":{"rendered":"<p>Al llarg del mes d\u2019agost continua el Garrigues Guitar Festival \u201cMemorial Emili Pujol\u201d, un Festival a trav\u00e9s del qual es difon la figura d\u2019Emili Pujol, coneguda en tots els cercles guitarr\u00edstics i musicals del m\u00f3n, mitjan\u00e7ant concerts repartits per espais culturals de Les Garrigues: esgl\u00e9sies, castells, cellers, etc. Encara sou a temps de gaudir d\u2019uns &#8230; <a title=\"Agost musical a Les Garrigues\" class=\"read-more\" href=\"https:\/\/www.turismegarrigues.com\/blog\/agost-musical-garrigues\/\" aria-label=\"M\u00e9s informaci\u00f3 sobre Agost musical a Les Garrigues\">Llegiu m\u00e9s<\/a><\/p>\n","protected":false},"author":2,"featured_media":204,"comment_status":"closed","ping_status":"closed","sticky":false,"template":"","format":"standard","meta":{"footnotes":""},"categories":[14],"tags":[],"class_list":["post-197","post","type-post","status-publish","format-standard","has-post-thumbnail","hentry","category-actualitat"],"yoast_head":"<!-- This site is optimized with the Yoast SEO plugin v24.4 - https:\/\/yoast.com\/wordpress\/plugins\/seo\/ -->\n<title>Agost musical a Les Garrigues - Turisme de les Garrigues<\/title>\n<meta name=\"description\" content=\"Durant el mes d&#039;agost continua el Garrigues Guitar Festival per diferents pobles de la comarca.\" \/>\n<meta name=\"robots\" content=\"index, follow, max-snippet:-1, max-image-preview:large, max-video-preview:-1\" \/>\n<link rel=\"canonical\" href=\"https:\/\/www.turismegarrigues.com\/blog\/agost-musical-garrigues\/\" \/>\n<meta property=\"og:locale\" content=\"ca_ES\" \/>\n<meta property=\"og:type\" content=\"article\" \/>\n<meta property=\"og:title\" content=\"Agost musical a Les Garrigues - Turisme de les Garrigues\" \/>\n<meta property=\"og:description\" content=\"Durant el mes d&#039;agost continua el Garrigues Guitar Festival per diferents pobles de la comarca.\" \/>\n<meta property=\"og:url\" content=\"https:\/\/www.turismegarrigues.com\/blog\/agost-musical-garrigues\/\" \/>\n<meta property=\"og:site_name\" content=\"Turisme de les Garrigues\" \/>\n<meta property=\"article:published_time\" content=\"2017-08-02T12:46:18+00:00\" \/>\n<meta property=\"article:modified_time\" content=\"2018-09-14T05:03:17+00:00\" \/>\n<meta property=\"og:image\" content=\"https:\/\/www.turismegarrigues.com\/blog\/wp-content\/uploads\/principal_72n.jpg\" \/>\n\t<meta property=\"og:image:width\" content=\"1024\" \/>\n\t<meta property=\"og:image:height\" content=\"582\" \/>\n\t<meta property=\"og:image:type\" content=\"image\/jpeg\" \/>\n<meta name=\"author\" content=\"turismegarrigues\" \/>\n<meta name=\"twitter:card\" content=\"summary_large_image\" \/>\n<meta name=\"twitter:label1\" content=\"Escrit per\" \/>\n\t<meta name=\"twitter:data1\" content=\"turismegarrigues\" \/>\n\t<meta name=\"twitter:label2\" content=\"Temps estimat de lectura\" \/>\n\t<meta name=\"twitter:data2\" content=\"2 minuts\" \/>\n<script type=\"application\/ld+json\" class=\"yoast-schema-graph\">{\"@context\":\"https:\/\/schema.org\",\"@graph\":[{\"@type\":\"WebPage\",\"@id\":\"https:\/\/www.turismegarrigues.com\/blog\/agost-musical-garrigues\/\",\"url\":\"https:\/\/www.turismegarrigues.com\/blog\/agost-musical-garrigues\/\",\"name\":\"Agost musical a Les Garrigues - Turisme de les Garrigues\",\"isPartOf\":{\"@id\":\"https:\/\/www.turismegarrigues.com\/blog\/#website\"},\"primaryImageOfPage\":{\"@id\":\"https:\/\/www.turismegarrigues.com\/blog\/agost-musical-garrigues\/#primaryimage\"},\"image\":{\"@id\":\"https:\/\/www.turismegarrigues.com\/blog\/agost-musical-garrigues\/#primaryimage\"},\"thumbnailUrl\":\"https:\/\/www.turismegarrigues.com\/blog\/wp-content\/uploads\/principal_72n.jpg\",\"datePublished\":\"2017-08-02T12:46:18+00:00\",\"dateModified\":\"2018-09-14T05:03:17+00:00\",\"author\":{\"@id\":\"https:\/\/www.turismegarrigues.com\/blog\/#\/schema\/person\/7ada9dce6475184bb0c0a652f29c9653\"},\"description\":\"Durant el mes d'agost continua el Garrigues Guitar Festival per diferents pobles de la comarca.\",\"breadcrumb\":{\"@id\":\"https:\/\/www.turismegarrigues.com\/blog\/agost-musical-garrigues\/#breadcrumb\"},\"inLanguage\":\"ca\",\"potentialAction\":[{\"@type\":\"ReadAction\",\"target\":[\"https:\/\/www.turismegarrigues.com\/blog\/agost-musical-garrigues\/\"]}]},{\"@type\":\"ImageObject\",\"inLanguage\":\"ca\",\"@id\":\"https:\/\/www.turismegarrigues.com\/blog\/agost-musical-garrigues\/#primaryimage\",\"url\":\"https:\/\/www.turismegarrigues.com\/blog\/wp-content\/uploads\/principal_72n.jpg\",\"contentUrl\":\"https:\/\/www.turismegarrigues.com\/blog\/wp-content\/uploads\/principal_72n.jpg\",\"width\":1024,\"height\":582},{\"@type\":\"BreadcrumbList\",\"@id\":\"https:\/\/www.turismegarrigues.com\/blog\/agost-musical-garrigues\/#breadcrumb\",\"itemListElement\":[{\"@type\":\"ListItem\",\"position\":1,\"name\":\"Inici\",\"item\":\"https:\/\/www.turismegarrigues.com\/blog\/\"},{\"@type\":\"ListItem\",\"position\":2,\"name\":\"Agost musical a Les Garrigues\"}]},{\"@type\":\"WebSite\",\"@id\":\"https:\/\/www.turismegarrigues.com\/blog\/#website\",\"url\":\"https:\/\/www.turismegarrigues.com\/blog\/\",\"name\":\"Turisme de les Garrigues\",\"description\":\"Blog\",\"potentialAction\":[{\"@type\":\"SearchAction\",\"target\":{\"@type\":\"EntryPoint\",\"urlTemplate\":\"https:\/\/www.turismegarrigues.com\/blog\/?s={search_term_string}\"},\"query-input\":{\"@type\":\"PropertyValueSpecification\",\"valueRequired\":true,\"valueName\":\"search_term_string\"}}],\"inLanguage\":\"ca\"},{\"@type\":\"Person\",\"@id\":\"https:\/\/www.turismegarrigues.com\/blog\/#\/schema\/person\/7ada9dce6475184bb0c0a652f29c9653\",\"name\":\"turismegarrigues\",\"image\":{\"@type\":\"ImageObject\",\"inLanguage\":\"ca\",\"@id\":\"https:\/\/www.turismegarrigues.com\/blog\/#\/schema\/person\/image\/\",\"url\":\"https:\/\/secure.gravatar.com\/avatar\/2479dec683bf2f700ffae0009a0a72796d18201a99196df0e23b11ae9749e88e?s=96&d=mm&r=g\",\"contentUrl\":\"https:\/\/secure.gravatar.com\/avatar\/2479dec683bf2f700ffae0009a0a72796d18201a99196df0e23b11ae9749e88e?s=96&d=mm&r=g\",\"caption\":\"turismegarrigues\"},\"sameAs\":[\"http:\/\/www.turismegarrigues.com\/\"],\"url\":\"https:\/\/www.turismegarrigues.com\/blog\/author\/turismegarrigues\/\"}]}<\/script>\n<!-- \/ Yoast SEO plugin. -->","yoast_head_json":{"title":"Agost musical a Les Garrigues - Turisme de les Garrigues","description":"Durant el mes d'agost continua el Garrigues Guitar Festival per diferents pobles de la comarca.","robots":{"index":"index","follow":"follow","max-snippet":"max-snippet:-1","max-image-preview":"max-image-preview:large","max-video-preview":"max-video-preview:-1"},"canonical":"https:\/\/www.turismegarrigues.com\/blog\/agost-musical-garrigues\/","og_locale":"ca_ES","og_type":"article","og_title":"Agost musical a Les Garrigues - Turisme de les Garrigues","og_description":"Durant el mes d'agost continua el Garrigues Guitar Festival per diferents pobles de la comarca.","og_url":"https:\/\/www.turismegarrigues.com\/blog\/agost-musical-garrigues\/","og_site_name":"Turisme de les Garrigues","article_published_time":"2017-08-02T12:46:18+00:00","article_modified_time":"2018-09-14T05:03:17+00:00","og_image":[{"width":1024,"height":582,"url":"https:\/\/www.turismegarrigues.com\/blog\/wp-content\/uploads\/principal_72n.jpg","type":"image\/jpeg"}],"author":"turismegarrigues","twitter_card":"summary_large_image","twitter_misc":{"Escrit per":"turismegarrigues","Temps estimat de lectura":"2 minuts"},"schema":{"@context":"https:\/\/schema.org","@graph":[{"@type":"WebPage","@id":"https:\/\/www.turismegarrigues.com\/blog\/agost-musical-garrigues\/","url":"https:\/\/www.turismegarrigues.com\/blog\/agost-musical-garrigues\/","name":"Agost musical a Les Garrigues - Turisme de les Garrigues","isPartOf":{"@id":"https:\/\/www.turismegarrigues.com\/blog\/#website"},"primaryImageOfPage":{"@id":"https:\/\/www.turismegarrigues.com\/blog\/agost-musical-garrigues\/#primaryimage"},"image":{"@id":"https:\/\/www.turismegarrigues.com\/blog\/agost-musical-garrigues\/#primaryimage"},"thumbnailUrl":"https:\/\/www.turismegarrigues.com\/blog\/wp-content\/uploads\/principal_72n.jpg","datePublished":"2017-08-02T12:46:18+00:00","dateModified":"2018-09-14T05:03:17+00:00","author":{"@id":"https:\/\/www.turismegarrigues.com\/blog\/#\/schema\/person\/7ada9dce6475184bb0c0a652f29c9653"},"description":"Durant el mes d'agost continua el Garrigues Guitar Festival per diferents pobles de la comarca.","breadcrumb":{"@id":"https:\/\/www.turismegarrigues.com\/blog\/agost-musical-garrigues\/#breadcrumb"},"inLanguage":"ca","potentialAction":[{"@type":"ReadAction","target":["https:\/\/www.turismegarrigues.com\/blog\/agost-musical-garrigues\/"]}]},{"@type":"ImageObject","inLanguage":"ca","@id":"https:\/\/www.turismegarrigues.com\/blog\/agost-musical-garrigues\/#primaryimage","url":"https:\/\/www.turismegarrigues.com\/blog\/wp-content\/uploads\/principal_72n.jpg","contentUrl":"https:\/\/www.turismegarrigues.com\/blog\/wp-content\/uploads\/principal_72n.jpg","width":1024,"height":582},{"@type":"BreadcrumbList","@id":"https:\/\/www.turismegarrigues.com\/blog\/agost-musical-garrigues\/#breadcrumb","itemListElement":[{"@type":"ListItem","position":1,"name":"Inici","item":"https:\/\/www.turismegarrigues.com\/blog\/"},{"@type":"ListItem","position":2,"name":"Agost musical a Les Garrigues"}]},{"@type":"WebSite","@id":"https:\/\/www.turismegarrigues.com\/blog\/#website","url":"https:\/\/www.turismegarrigues.com\/blog\/","name":"Turisme de les Garrigues","description":"Blog","potentialAction":[{"@type":"SearchAction","target":{"@type":"EntryPoint","urlTemplate":"https:\/\/www.turismegarrigues.com\/blog\/?s={search_term_string}"},"query-input":{"@type":"PropertyValueSpecification","valueRequired":true,"valueName":"search_term_string"}}],"inLanguage":"ca"},{"@type":"Person","@id":"https:\/\/www.turismegarrigues.com\/blog\/#\/schema\/person\/7ada9dce6475184bb0c0a652f29c9653","name":"turismegarrigues","image":{"@type":"ImageObject","inLanguage":"ca","@id":"https:\/\/www.turismegarrigues.com\/blog\/#\/schema\/person\/image\/","url":"https:\/\/secure.gravatar.com\/avatar\/2479dec683bf2f700ffae0009a0a72796d18201a99196df0e23b11ae9749e88e?s=96&d=mm&r=g","contentUrl":"https:\/\/secure.gravatar.com\/avatar\/2479dec683bf2f700ffae0009a0a72796d18201a99196df0e23b11ae9749e88e?s=96&d=mm&r=g","caption":"turismegarrigues"},"sameAs":["http:\/\/www.turismegarrigues.com\/"],"url":"https:\/\/www.turismegarrigues.com\/blog\/author\/turismegarrigues\/"}]}},"_links":{"self":[{"href":"https:\/\/www.turismegarrigues.com\/blog\/wp-json\/wp\/v2\/posts\/197","targetHints":{"allow":["GET"]}}],"collection":[{"href":"https:\/\/www.turismegarrigues.com\/blog\/wp-json\/wp\/v2\/posts"}],"about":[{"href":"https:\/\/www.turismegarrigues.com\/blog\/wp-json\/wp\/v2\/types\/post"}],"author":[{"embeddable":true,"href":"https:\/\/www.turismegarrigues.com\/blog\/wp-json\/wp\/v2\/users\/2"}],"replies":[{"embeddable":true,"href":"https:\/\/www.turismegarrigues.com\/blog\/wp-json\/wp\/v2\/comments?post=197"}],"version-history":[{"count":5,"href":"https:\/\/www.turismegarrigues.com\/blog\/wp-json\/wp\/v2\/posts\/197\/revisions"}],"predecessor-version":[{"id":1313,"href":"https:\/\/www.turismegarrigues.com\/blog\/wp-json\/wp\/v2\/posts\/197\/revisions\/1313"}],"wp:featuredmedia":[{"embeddable":true,"href":"https:\/\/www.turismegarrigues.com\/blog\/wp-json\/wp\/v2\/media\/204"}],"wp:attachment":[{"href":"https:\/\/www.turismegarrigues.com\/blog\/wp-json\/wp\/v2\/media?parent=197"}],"wp:term":[{"taxonomy":"category","embeddable":true,"href":"https:\/\/www.turismegarrigues.com\/blog\/wp-json\/wp\/v2\/categories?post=197"},{"taxonomy":"post_tag","embeddable":true,"href":"https:\/\/www.turismegarrigues.com\/blog\/wp-json\/wp\/v2\/tags?post=197"}],"curies":[{"name":"wp","href":"https:\/\/api.w.org\/{rel}","templated":true}]}}