{"id":1993,"date":"2020-01-23T14:14:43","date_gmt":"2020-01-23T13:14:43","guid":{"rendered":"https:\/\/www.turismegarrigues.com\/blog\/?p=1993"},"modified":"2020-01-23T14:14:45","modified_gmt":"2020-01-23T13:14:45","slug":"7-propostes-per-descobrir-arbeca","status":"publish","type":"post","link":"https:\/\/www.turismegarrigues.com\/blog\/7-propostes-per-descobrir-arbeca\/","title":{"rendered":"7 propostes per descobrir Arbeca"},"content":{"rendered":"\n<p>La vila d&#8217;<strong>Arbeca<\/strong>, situada a la comarca de les Garrigues, neix al peu d&#8217;un tur\u00f3 de 357 m d&#8217;altitud i creix al seu voltant. \u00a0Al cim d\u2019aquest s&#8217;hi troben les restes de l&#8217;antic i poder\u00f3s <strong>Castell dels Ducs de Cardona<\/strong>, que t\u00e9 el seu origen en una fortalesa \u00e0rab conquerida cap a la meitat del segle XII. La poblaci\u00f3 s&#8217;an\u00e0 construint arrecerant-se al seu entorn.<\/p>\n\n\n\n<p>Per tal de gaudir al m\u00e0xim d\u2019aquest poble de les Garrigues et proposem 2 experi\u00e8ncies que formen part del <a href=\"http:\/\/www.turismegarrigues.com\/publicacions\/cateleg-24-experiencies-oleoturistiques.pdf\"><strong>Cat\u00e0leg d\u2019experi\u00e8ncies oleotur\u00edstiques de les Garrigues i el Segri\u00e0 Sec<\/strong><\/a><strong>:<\/strong><\/p>\n\n\n\n<p>1- <strong>Fer una visita sucada amb oli. <\/strong>Iniciar\u00e0s la visita a l\u2019Espai Martinell, un edifici modernista que compleix funcions d\u2019agrobotiga i oficina de turisme. Us oferiran un tast guiat d\u2019olis i una visita a les antigues premses de la Cooperativa d\u2019Arbeca. Gaudireu d\u2019un tast en un got blau perqu\u00e8 pogueu degustar i apreciar els matisos que t\u00e9 el seu oli monovarietal d\u2019arbequina. Seguidament, acompanyareu aquest tast amb pa, xocolata i sal. <\/p>\n\n\n\n<figure class=\"wp-block-image\"><img loading=\"lazy\" decoding=\"async\" width=\"1024\" height=\"681\" src=\"https:\/\/www.turismegarrigues.com\/blog\/wp-content\/uploads\/Captura-de-pantalla-2020-01-23-a-las-13.26.48-1024x681.png\" alt=\"\" class=\"wp-image-1994\" srcset=\"https:\/\/www.turismegarrigues.com\/blog\/wp-content\/uploads\/Captura-de-pantalla-2020-01-23-a-las-13.26.48.png 1024w, https:\/\/www.turismegarrigues.com\/blog\/wp-content\/uploads\/Captura-de-pantalla-2020-01-23-a-las-13.26.48-300x200.png 300w, https:\/\/www.turismegarrigues.com\/blog\/wp-content\/uploads\/Captura-de-pantalla-2020-01-23-a-las-13.26.48-768x511.png 768w\" sizes=\"auto, (max-width: 1024px) 100vw, 1024px\" \/><\/figure>\n\n\n\n<p>A m\u00e9s, coneixereu el proc\u00e9s d\u2019elaboraci\u00f3 de l\u2019oli i tot el que hi ha darrera de cada ampolla: tot un treball i milers d\u2019anys de tradici\u00f3. Descobrireu que a trav\u00e9s d\u2019una ampolla d\u2019oli hi ha un paisatge garriguenc amb les seves construccions de pedra seca, el territori, el clima i l\u2019ess\u00e8ncia de les oliveres arbequines. <\/p>\n\n\n\n<p> L\u2019activitat que t\u00e9 una durada d\u20191h i 15 minuts, es realitza durant tot l\u2019any en catal\u00e0, castell\u00e0 i angl\u00e8s, est\u00e0 destinada a grups de     m\u00e0xim 20 persones i s\u2019ha de fer reserva pr\u00e8via. \u00c9s accessible per a persones amb mobilitat redu\u00efda. El preu \u00e9s de 5\u20ac adults i 3\u20ac infants de 9 a 12 anys (s\u2019admet el pagament amb targeta de cr\u00e8dit). Disposen de botiga pr\u00f2pia on venen productes locals i de proximitat.<\/p>\n\n\n\n<p>2- <strong>Descobrir el vi entre vinyes i oliveres. <\/strong>Us convidaran fer una visita guiada, tastar i jutjar els vins de la <strong>Vinya els Vilars<\/strong> i el seu oli. Gaudireu del seu entorn i del celler, els quals transpiren naturalitat i senzillesa. <\/p>\n\n\n\n<figure class=\"wp-block-image\"><img loading=\"lazy\" decoding=\"async\" width=\"1024\" height=\"679\" src=\"https:\/\/www.turismegarrigues.com\/blog\/wp-content\/uploads\/Captura-de-pantalla-2020-01-23-a-las-13.27.10-1024x679.png\" alt=\"\" class=\"wp-image-1996\" srcset=\"https:\/\/www.turismegarrigues.com\/blog\/wp-content\/uploads\/Captura-de-pantalla-2020-01-23-a-las-13.27.10.png 1024w, https:\/\/www.turismegarrigues.com\/blog\/wp-content\/uploads\/Captura-de-pantalla-2020-01-23-a-las-13.27.10-300x199.png 300w, https:\/\/www.turismegarrigues.com\/blog\/wp-content\/uploads\/Captura-de-pantalla-2020-01-23-a-las-13.27.10-768x509.png 768w\" sizes=\"auto, (max-width: 1024px) 100vw, 1024px\" \/><\/figure>\n\n\n\n<p>L\u2019activitat que t\u00e9 una durada d\u20191h i 30 minuts, es realitza durant tot l\u2019any en catal\u00e0, castell\u00e0 i angl\u00e8s, est\u00e0 destinada a m\u00ednim 2 persones i s\u2019ha de fer reserva pr\u00e8via. \u00c9s accessible per a persones amb mobilitat redu\u00efda. El preu \u00e9s de 10\u20ac s\u2019admet el pagament amb targeta de cr\u00e8dit). Disposen de botiga pr\u00f2pia on venen productes locals.<\/p>\n\n\n\n<p>Per complementar les experi\u00e8ncies, us proposem altres activitats:<\/p>\n\n\n\n<p>3- <strong>Visitar les restes del Castell. <\/strong>T\u00e9 el seu origen en una fortalesa \u00e0rab conquerida cap a la meitat del segle XII. Al segle XVIII la propietat del castell \u00e9s a mans del duc de Medinaceli. Ja al segle XX, al bell mig del recinte historicart\u00edstic, format per les restes de muralla del castell i part d&#8217;una de les seves torres, s&#8217;hi constru\u00ed l&#8217;escola i el seu entorn s&#8217;ha cobert de vegetaci\u00f3.<\/p>\n\n\n\n<figure class=\"wp-block-image\"><img loading=\"lazy\" decoding=\"async\" width=\"1024\" height=\"675\" src=\"https:\/\/www.turismegarrigues.com\/blog\/wp-content\/uploads\/Captura-de-pantalla-2020-01-23-a-las-13.44.50-1024x675.png\" alt=\"\" class=\"wp-image-1998\" srcset=\"https:\/\/www.turismegarrigues.com\/blog\/wp-content\/uploads\/Captura-de-pantalla-2020-01-23-a-las-13.44.50.png 1024w, https:\/\/www.turismegarrigues.com\/blog\/wp-content\/uploads\/Captura-de-pantalla-2020-01-23-a-las-13.44.50-300x198.png 300w, https:\/\/www.turismegarrigues.com\/blog\/wp-content\/uploads\/Captura-de-pantalla-2020-01-23-a-las-13.44.50-768x506.png 768w\" sizes=\"auto, (max-width: 1024px) 100vw, 1024px\" \/><\/figure>\n\n\n\n<p>Es poden realitzar visites guiades al casc antic i al Castell els diumenges i festius a les 12 h. Punt de trobada a l&#8217;oficina de turisme d&#8217;Arbeca\u00a0<\/p>\n\n\n\n<p>Preu: 5\u20ac i 2\u20ac per a grups. Tel\u00e8fons d&#8217;informaci\u00f3: 973 16 00 08 (Ajuntament) i 973 16 01 82 (Agrobotiga-Oficina de turisme).<\/p>\n\n\n\n<p>4- <strong>Con\u00e8ixer la Fortalesa dels Vilars. <\/strong>Una particularitat que distingeix els Vilars de molts poblats contemporanis \u00e9s l&#8217;empla\u00e7ament en un lloc planer, prescindint aix\u00ed de qualsevol defensa enlairada; aquest fet \u00e9s explicable per una intensa explotaci\u00f3 agr\u00e0ria del terreny immediat. Aquest jaciment mostra un dels m\u00e9s interessants sistemes de defensa de l&#8217;Edat de Ferro.<\/p>\n\n\n\n<figure class=\"wp-block-image\"><img loading=\"lazy\" decoding=\"async\" width=\"1024\" height=\"678\" src=\"https:\/\/www.turismegarrigues.com\/blog\/wp-content\/uploads\/VILARS-AIRE-1-1024x678.jpg\" alt=\"\" class=\"wp-image-2006\" srcset=\"https:\/\/www.turismegarrigues.com\/blog\/wp-content\/uploads\/VILARS-AIRE-1.jpg 1024w, https:\/\/www.turismegarrigues.com\/blog\/wp-content\/uploads\/VILARS-AIRE-1-300x199.jpg 300w, https:\/\/www.turismegarrigues.com\/blog\/wp-content\/uploads\/VILARS-AIRE-1-768x509.jpg 768w\" sizes=\"auto, (max-width: 1024px) 100vw, 1024px\" \/><\/figure>\n\n\n\n<p>Tel.&nbsp; 973 160 182 (Oficina de Turisme &#8211; Espai C\u00e8sar Martinell)&nbsp; \/ 973 160 008 (Ajuntament)<br>Podeu fer<strong> <\/strong>visites els dissabtes, diumenges i festius de 10 h a 14 h. La visita guiada \u00e9s a les 12 h.<\/p>\n\n\n\n<p>5- <strong>Contemplar les vistes des de l\u2019Ermita de Santa Caterina<\/strong>. Tot i que actualment nom\u00e9s queda de l&#8217;antiga Ermita un petit recinte amb una portalada de pedra, restes de parets, la llanterna i els peus de pedra per posar les creus quan es feia el viacrucis per Setmana Santa, les vistes valen la pena.<\/p>\n\n\n\n<figure class=\"wp-block-image\"><img loading=\"lazy\" decoding=\"async\" width=\"1024\" height=\"768\" src=\"https:\/\/www.turismegarrigues.com\/blog\/wp-content\/uploads\/Santa-Caterina-1024x768.jpg\" alt=\"\" class=\"wp-image-2002\" srcset=\"https:\/\/www.turismegarrigues.com\/blog\/wp-content\/uploads\/Santa-Caterina.jpg 1024w, https:\/\/www.turismegarrigues.com\/blog\/wp-content\/uploads\/Santa-Caterina-300x225.jpg 300w, https:\/\/www.turismegarrigues.com\/blog\/wp-content\/uploads\/Santa-Caterina-768x576.jpg 768w\" sizes=\"auto, (max-width: 1024px) 100vw, 1024px\" \/><\/figure>\n\n\n\n<p>6- <strong>Perdre\u2019s pels carrers i places<\/strong> del poble on hi trobareu porxos, fa\u00e7anes de pedra i escuts her\u00e0ldics, i racons po\u00e8tics de regust medieval, com la cru\u00eflla porxada de la pla\u00e7a de l&#8217;Esgl\u00e9sia amb el carrer de Sant Feliu, o b\u00e9 els porxos de l&#8217;Esparter i del Duc de la pla\u00e7a Major.<\/p>\n\n\n\n<figure class=\"wp-block-image\"><img loading=\"lazy\" decoding=\"async\" width=\"1024\" height=\"575\" src=\"https:\/\/www.turismegarrigues.com\/blog\/wp-content\/uploads\/Captura-de-pantalla-2020-01-23-a-las-14.07.11-1024x575.png\" alt=\"\" class=\"wp-image-2004\" srcset=\"https:\/\/www.turismegarrigues.com\/blog\/wp-content\/uploads\/Captura-de-pantalla-2020-01-23-a-las-14.07.11.png 1024w, https:\/\/www.turismegarrigues.com\/blog\/wp-content\/uploads\/Captura-de-pantalla-2020-01-23-a-las-14.07.11-300x168.png 300w, https:\/\/www.turismegarrigues.com\/blog\/wp-content\/uploads\/Captura-de-pantalla-2020-01-23-a-las-14.07.11-768x431.png 768w\" sizes=\"auto, (max-width: 1024px) 100vw, 1024px\" \/><\/figure>\n\n\n\n<p>7- <strong>Recarregar energia en un dels bars o restaurant<\/strong>s on podreu gaudir de productes de proximitat i cuina tradicional com La Placeta, el Nano\u2019s Bar o el Bar Joventut.<\/p>\n\n\n\n<p><a href=\"http:\/\/www.turismegarrigues.com\/publicacions\/cateleg-24-experiencies-oleoturistiques.pdf\">Aqu\u00ed<\/a> trobareu el cat\u00e0leg amb 24 experi\u00e8ncies oleotur\u00edstiques per descobrir les Garrigues i el Segri\u00e0 Sec.<\/p>\n\n\n\n<p><\/p>\n","protected":false},"excerpt":{"rendered":"<p>La vila d&#8217;Arbeca, situada a la comarca de les Garrigues, neix al peu d&#8217;un tur\u00f3 de 357 m d&#8217;altitud i creix al seu voltant. \u00a0Al cim d\u2019aquest s&#8217;hi troben les restes de l&#8217;antic i poder\u00f3s Castell dels Ducs de Cardona, que t\u00e9 el seu origen en una fortalesa \u00e0rab conquerida cap a la meitat del &#8230; <a title=\"7 propostes per descobrir Arbeca\" class=\"read-more\" href=\"https:\/\/www.turismegarrigues.com\/blog\/7-propostes-per-descobrir-arbeca\/\" aria-label=\"M\u00e9s informaci\u00f3 sobre 7 propostes per descobrir Arbeca\">Llegiu m\u00e9s<\/a><\/p>\n","protected":false},"author":2,"featured_media":2008,"comment_status":"closed","ping_status":"closed","sticky":false,"template":"","format":"standard","meta":{"footnotes":""},"categories":[1],"tags":[],"class_list":["post-1993","post","type-post","status-publish","format-standard","has-post-thumbnail","hentry","category-turisme"],"yoast_head":"<!-- This site is optimized with the Yoast SEO plugin v24.4 - https:\/\/yoast.com\/wordpress\/plugins\/seo\/ -->\n<title>7 propostes per descobrir Arbeca - Turisme de les Garrigues<\/title>\n<meta name=\"robots\" content=\"index, follow, max-snippet:-1, max-image-preview:large, max-video-preview:-1\" \/>\n<link rel=\"canonical\" href=\"https:\/\/www.turismegarrigues.com\/blog\/7-propostes-per-descobrir-arbeca\/\" \/>\n<meta property=\"og:locale\" content=\"ca_ES\" \/>\n<meta property=\"og:type\" content=\"article\" \/>\n<meta property=\"og:title\" content=\"7 propostes per descobrir Arbeca - Turisme de les Garrigues\" \/>\n<meta property=\"og:description\" content=\"La vila d&#8217;Arbeca, situada a la comarca de les Garrigues, neix al peu d&#8217;un tur\u00f3 de 357 m d&#8217;altitud i creix al seu voltant. \u00a0Al cim d\u2019aquest s&#8217;hi troben les restes de l&#8217;antic i poder\u00f3s Castell dels Ducs de Cardona, que t\u00e9 el seu origen en una fortalesa \u00e0rab conquerida cap a la meitat del ... Llegiu m\u00e9s\" \/>\n<meta property=\"og:url\" content=\"https:\/\/www.turismegarrigues.com\/blog\/7-propostes-per-descobrir-arbeca\/\" \/>\n<meta property=\"og:site_name\" content=\"Turisme de les Garrigues\" \/>\n<meta property=\"article:published_time\" content=\"2020-01-23T13:14:43+00:00\" \/>\n<meta property=\"article:modified_time\" content=\"2020-01-23T13:14:45+00:00\" \/>\n<meta property=\"og:image\" content=\"https:\/\/www.turismegarrigues.com\/blog\/wp-content\/uploads\/Captura-de-pantalla-2020-01-23-a-las-14.13.02.png\" \/>\n\t<meta property=\"og:image:width\" content=\"1024\" \/>\n\t<meta property=\"og:image:height\" content=\"659\" \/>\n\t<meta property=\"og:image:type\" content=\"image\/png\" \/>\n<meta name=\"author\" content=\"turismegarrigues\" \/>\n<meta name=\"twitter:card\" content=\"summary_large_image\" \/>\n<meta name=\"twitter:label1\" content=\"Escrit per\" \/>\n\t<meta name=\"twitter:data1\" content=\"turismegarrigues\" \/>\n\t<meta name=\"twitter:label2\" content=\"Temps estimat de lectura\" \/>\n\t<meta name=\"twitter:data2\" content=\"4 minuts\" \/>\n<script type=\"application\/ld+json\" class=\"yoast-schema-graph\">{\"@context\":\"https:\/\/schema.org\",\"@graph\":[{\"@type\":\"WebPage\",\"@id\":\"https:\/\/www.turismegarrigues.com\/blog\/7-propostes-per-descobrir-arbeca\/\",\"url\":\"https:\/\/www.turismegarrigues.com\/blog\/7-propostes-per-descobrir-arbeca\/\",\"name\":\"7 propostes per descobrir Arbeca - Turisme de les Garrigues\",\"isPartOf\":{\"@id\":\"https:\/\/www.turismegarrigues.com\/blog\/#website\"},\"primaryImageOfPage\":{\"@id\":\"https:\/\/www.turismegarrigues.com\/blog\/7-propostes-per-descobrir-arbeca\/#primaryimage\"},\"image\":{\"@id\":\"https:\/\/www.turismegarrigues.com\/blog\/7-propostes-per-descobrir-arbeca\/#primaryimage\"},\"thumbnailUrl\":\"https:\/\/www.turismegarrigues.com\/blog\/wp-content\/uploads\/Captura-de-pantalla-2020-01-23-a-las-14.13.02.png\",\"datePublished\":\"2020-01-23T13:14:43+00:00\",\"dateModified\":\"2020-01-23T13:14:45+00:00\",\"author\":{\"@id\":\"https:\/\/www.turismegarrigues.com\/blog\/#\/schema\/person\/7ada9dce6475184bb0c0a652f29c9653\"},\"breadcrumb\":{\"@id\":\"https:\/\/www.turismegarrigues.com\/blog\/7-propostes-per-descobrir-arbeca\/#breadcrumb\"},\"inLanguage\":\"ca\",\"potentialAction\":[{\"@type\":\"ReadAction\",\"target\":[\"https:\/\/www.turismegarrigues.com\/blog\/7-propostes-per-descobrir-arbeca\/\"]}]},{\"@type\":\"ImageObject\",\"inLanguage\":\"ca\",\"@id\":\"https:\/\/www.turismegarrigues.com\/blog\/7-propostes-per-descobrir-arbeca\/#primaryimage\",\"url\":\"https:\/\/www.turismegarrigues.com\/blog\/wp-content\/uploads\/Captura-de-pantalla-2020-01-23-a-las-14.13.02.png\",\"contentUrl\":\"https:\/\/www.turismegarrigues.com\/blog\/wp-content\/uploads\/Captura-de-pantalla-2020-01-23-a-las-14.13.02.png\",\"width\":1024,\"height\":659},{\"@type\":\"BreadcrumbList\",\"@id\":\"https:\/\/www.turismegarrigues.com\/blog\/7-propostes-per-descobrir-arbeca\/#breadcrumb\",\"itemListElement\":[{\"@type\":\"ListItem\",\"position\":1,\"name\":\"Inici\",\"item\":\"https:\/\/www.turismegarrigues.com\/blog\/\"},{\"@type\":\"ListItem\",\"position\":2,\"name\":\"7 propostes per descobrir Arbeca\"}]},{\"@type\":\"WebSite\",\"@id\":\"https:\/\/www.turismegarrigues.com\/blog\/#website\",\"url\":\"https:\/\/www.turismegarrigues.com\/blog\/\",\"name\":\"Turisme de les Garrigues\",\"description\":\"Blog\",\"potentialAction\":[{\"@type\":\"SearchAction\",\"target\":{\"@type\":\"EntryPoint\",\"urlTemplate\":\"https:\/\/www.turismegarrigues.com\/blog\/?s={search_term_string}\"},\"query-input\":{\"@type\":\"PropertyValueSpecification\",\"valueRequired\":true,\"valueName\":\"search_term_string\"}}],\"inLanguage\":\"ca\"},{\"@type\":\"Person\",\"@id\":\"https:\/\/www.turismegarrigues.com\/blog\/#\/schema\/person\/7ada9dce6475184bb0c0a652f29c9653\",\"name\":\"turismegarrigues\",\"image\":{\"@type\":\"ImageObject\",\"inLanguage\":\"ca\",\"@id\":\"https:\/\/www.turismegarrigues.com\/blog\/#\/schema\/person\/image\/\",\"url\":\"https:\/\/secure.gravatar.com\/avatar\/2479dec683bf2f700ffae0009a0a72796d18201a99196df0e23b11ae9749e88e?s=96&d=mm&r=g\",\"contentUrl\":\"https:\/\/secure.gravatar.com\/avatar\/2479dec683bf2f700ffae0009a0a72796d18201a99196df0e23b11ae9749e88e?s=96&d=mm&r=g\",\"caption\":\"turismegarrigues\"},\"sameAs\":[\"http:\/\/www.turismegarrigues.com\/\"],\"url\":\"https:\/\/www.turismegarrigues.com\/blog\/author\/turismegarrigues\/\"}]}<\/script>\n<!-- \/ Yoast SEO plugin. -->","yoast_head_json":{"title":"7 propostes per descobrir Arbeca - Turisme de les Garrigues","robots":{"index":"index","follow":"follow","max-snippet":"max-snippet:-1","max-image-preview":"max-image-preview:large","max-video-preview":"max-video-preview:-1"},"canonical":"https:\/\/www.turismegarrigues.com\/blog\/7-propostes-per-descobrir-arbeca\/","og_locale":"ca_ES","og_type":"article","og_title":"7 propostes per descobrir Arbeca - Turisme de les Garrigues","og_description":"La vila d&#8217;Arbeca, situada a la comarca de les Garrigues, neix al peu d&#8217;un tur\u00f3 de 357 m d&#8217;altitud i creix al seu voltant. \u00a0Al cim d\u2019aquest s&#8217;hi troben les restes de l&#8217;antic i poder\u00f3s Castell dels Ducs de Cardona, que t\u00e9 el seu origen en una fortalesa \u00e0rab conquerida cap a la meitat del ... Llegiu m\u00e9s","og_url":"https:\/\/www.turismegarrigues.com\/blog\/7-propostes-per-descobrir-arbeca\/","og_site_name":"Turisme de les Garrigues","article_published_time":"2020-01-23T13:14:43+00:00","article_modified_time":"2020-01-23T13:14:45+00:00","og_image":[{"width":1024,"height":659,"url":"https:\/\/www.turismegarrigues.com\/blog\/wp-content\/uploads\/Captura-de-pantalla-2020-01-23-a-las-14.13.02.png","type":"image\/png"}],"author":"turismegarrigues","twitter_card":"summary_large_image","twitter_misc":{"Escrit per":"turismegarrigues","Temps estimat de lectura":"4 minuts"},"schema":{"@context":"https:\/\/schema.org","@graph":[{"@type":"WebPage","@id":"https:\/\/www.turismegarrigues.com\/blog\/7-propostes-per-descobrir-arbeca\/","url":"https:\/\/www.turismegarrigues.com\/blog\/7-propostes-per-descobrir-arbeca\/","name":"7 propostes per descobrir Arbeca - Turisme de les Garrigues","isPartOf":{"@id":"https:\/\/www.turismegarrigues.com\/blog\/#website"},"primaryImageOfPage":{"@id":"https:\/\/www.turismegarrigues.com\/blog\/7-propostes-per-descobrir-arbeca\/#primaryimage"},"image":{"@id":"https:\/\/www.turismegarrigues.com\/blog\/7-propostes-per-descobrir-arbeca\/#primaryimage"},"thumbnailUrl":"https:\/\/www.turismegarrigues.com\/blog\/wp-content\/uploads\/Captura-de-pantalla-2020-01-23-a-las-14.13.02.png","datePublished":"2020-01-23T13:14:43+00:00","dateModified":"2020-01-23T13:14:45+00:00","author":{"@id":"https:\/\/www.turismegarrigues.com\/blog\/#\/schema\/person\/7ada9dce6475184bb0c0a652f29c9653"},"breadcrumb":{"@id":"https:\/\/www.turismegarrigues.com\/blog\/7-propostes-per-descobrir-arbeca\/#breadcrumb"},"inLanguage":"ca","potentialAction":[{"@type":"ReadAction","target":["https:\/\/www.turismegarrigues.com\/blog\/7-propostes-per-descobrir-arbeca\/"]}]},{"@type":"ImageObject","inLanguage":"ca","@id":"https:\/\/www.turismegarrigues.com\/blog\/7-propostes-per-descobrir-arbeca\/#primaryimage","url":"https:\/\/www.turismegarrigues.com\/blog\/wp-content\/uploads\/Captura-de-pantalla-2020-01-23-a-las-14.13.02.png","contentUrl":"https:\/\/www.turismegarrigues.com\/blog\/wp-content\/uploads\/Captura-de-pantalla-2020-01-23-a-las-14.13.02.png","width":1024,"height":659},{"@type":"BreadcrumbList","@id":"https:\/\/www.turismegarrigues.com\/blog\/7-propostes-per-descobrir-arbeca\/#breadcrumb","itemListElement":[{"@type":"ListItem","position":1,"name":"Inici","item":"https:\/\/www.turismegarrigues.com\/blog\/"},{"@type":"ListItem","position":2,"name":"7 propostes per descobrir Arbeca"}]},{"@type":"WebSite","@id":"https:\/\/www.turismegarrigues.com\/blog\/#website","url":"https:\/\/www.turismegarrigues.com\/blog\/","name":"Turisme de les Garrigues","description":"Blog","potentialAction":[{"@type":"SearchAction","target":{"@type":"EntryPoint","urlTemplate":"https:\/\/www.turismegarrigues.com\/blog\/?s={search_term_string}"},"query-input":{"@type":"PropertyValueSpecification","valueRequired":true,"valueName":"search_term_string"}}],"inLanguage":"ca"},{"@type":"Person","@id":"https:\/\/www.turismegarrigues.com\/blog\/#\/schema\/person\/7ada9dce6475184bb0c0a652f29c9653","name":"turismegarrigues","image":{"@type":"ImageObject","inLanguage":"ca","@id":"https:\/\/www.turismegarrigues.com\/blog\/#\/schema\/person\/image\/","url":"https:\/\/secure.gravatar.com\/avatar\/2479dec683bf2f700ffae0009a0a72796d18201a99196df0e23b11ae9749e88e?s=96&d=mm&r=g","contentUrl":"https:\/\/secure.gravatar.com\/avatar\/2479dec683bf2f700ffae0009a0a72796d18201a99196df0e23b11ae9749e88e?s=96&d=mm&r=g","caption":"turismegarrigues"},"sameAs":["http:\/\/www.turismegarrigues.com\/"],"url":"https:\/\/www.turismegarrigues.com\/blog\/author\/turismegarrigues\/"}]}},"_links":{"self":[{"href":"https:\/\/www.turismegarrigues.com\/blog\/wp-json\/wp\/v2\/posts\/1993","targetHints":{"allow":["GET"]}}],"collection":[{"href":"https:\/\/www.turismegarrigues.com\/blog\/wp-json\/wp\/v2\/posts"}],"about":[{"href":"https:\/\/www.turismegarrigues.com\/blog\/wp-json\/wp\/v2\/types\/post"}],"author":[{"embeddable":true,"href":"https:\/\/www.turismegarrigues.com\/blog\/wp-json\/wp\/v2\/users\/2"}],"replies":[{"embeddable":true,"href":"https:\/\/www.turismegarrigues.com\/blog\/wp-json\/wp\/v2\/comments?post=1993"}],"version-history":[{"count":1,"href":"https:\/\/www.turismegarrigues.com\/blog\/wp-json\/wp\/v2\/posts\/1993\/revisions"}],"predecessor-version":[{"id":2010,"href":"https:\/\/www.turismegarrigues.com\/blog\/wp-json\/wp\/v2\/posts\/1993\/revisions\/2010"}],"wp:featuredmedia":[{"embeddable":true,"href":"https:\/\/www.turismegarrigues.com\/blog\/wp-json\/wp\/v2\/media\/2008"}],"wp:attachment":[{"href":"https:\/\/www.turismegarrigues.com\/blog\/wp-json\/wp\/v2\/media?parent=1993"}],"wp:term":[{"taxonomy":"category","embeddable":true,"href":"https:\/\/www.turismegarrigues.com\/blog\/wp-json\/wp\/v2\/categories?post=1993"},{"taxonomy":"post_tag","embeddable":true,"href":"https:\/\/www.turismegarrigues.com\/blog\/wp-json\/wp\/v2\/tags?post=1993"}],"curies":[{"name":"wp","href":"https:\/\/api.w.org\/{rel}","templated":true}]}}