{"id":2391,"date":"2020-12-30T15:29:34","date_gmt":"2020-12-30T14:29:34","guid":{"rendered":"https:\/\/www.turismegarrigues.com\/blog\/?p=2391"},"modified":"2020-12-30T15:32:17","modified_gmt":"2020-12-30T14:32:17","slug":"nova-ruta-de-6-km-apta-per-a-tots-els-publics-a-fulleda","status":"publish","type":"post","link":"https:\/\/www.turismegarrigues.com\/blog\/nova-ruta-de-6-km-apta-per-a-tots-els-publics-a-fulleda\/","title":{"rendered":"Nova ruta de 6 km apta per a tots els p\u00fablics a Fulleda"},"content":{"rendered":"\n<p>Fulleda\u00a0Turisme Actiu segueix ampliant la xarxa de senders i camins! Aquesta vegada presenta una nova ruta de 6 km  per a tots els p\u00fablics.<\/p>\n\n\n\n<p><strong>Amb  motiu de la descoberta d&#8217;aquest cam\u00ed de ferradura i de la neteja i adequaci\u00f3&nbsp;de la Font d&#8217;en Sol\u00e0,&nbsp;<\/strong>presenten aquest recorregut apte per fer-lo caminant i amb fam\u00edlia. Aquest recorregut amb uns 160 metres de desnivell positiu acumulat no \u00e9s apte per fer-lo amb carrets ni tampoc vehicles de rodes, ja que hi ha algunes pujades que nom\u00e9s els usuaris experts podrien assolir.<\/p>\n\n\n\n<p>Un recorregut molt distret i singular que podria ser definit com un aut\u00e8ntic&nbsp;<strong>bany de bosc, <\/strong>ja que 5 dels seus 6 quil\u00f2metres passen pel mig del bosc.&nbsp;<\/p>\n\n\n\n<p>Us animem a descobrir-lo de manera gratu\u00efta i autoguiada com ho s\u00f3n totes les rutes de&nbsp;Fulleda&nbsp;Turisme Actiu -&gt;&nbsp;<a href=\"https:\/\/click.mlsend.com\/link\/c\/YT0xNTc3MzU0Mjg3NjExMTIyNjM4JmM9cThjMSZlPTE0NzA0ODczJmI9NDgwMjU2ODc2JmQ9bzByNGo4Yg==.Oo5SaCclDtHk_Kby3u2dRkkHC0Us1APCcVupa9gOS_k\" target=\"_blank\" rel=\"noreferrer noopener\">RUTA 6 KM FTA<\/a><\/p>\n\n\n\n<figure class=\"wp-block-image size-large\"><img loading=\"lazy\" decoding=\"async\" width=\"1024\" height=\"591\" src=\"https:\/\/www.turismegarrigues.com\/blog\/wp-content\/uploads\/unnamed-2-2.jpg\" alt=\"\" class=\"wp-image-2392\" srcset=\"https:\/\/www.turismegarrigues.com\/blog\/wp-content\/uploads\/unnamed-2-2.jpg 1024w, https:\/\/www.turismegarrigues.com\/blog\/wp-content\/uploads\/unnamed-2-2-300x173.jpg 300w, https:\/\/www.turismegarrigues.com\/blog\/wp-content\/uploads\/unnamed-2-2-768x443.jpg 768w\" sizes=\"auto, (max-width: 1024px) 100vw, 1024px\" \/><\/figure>\n\n\n\n<p>Una oportunitat perfecta per descobrir una part de les fonts, els camins, les carrerades, els camins de ferradura i les valls que formen el terme de Fulleda.<\/p>\n","protected":false},"excerpt":{"rendered":"<p>Fulleda\u00a0Turisme Actiu segueix ampliant la xarxa de senders i camins! Aquesta vegada presenta una nova ruta de 6 km per a tots els p\u00fablics. Amb motiu de la descoberta d&#8217;aquest cam\u00ed de ferradura i de la neteja i adequaci\u00f3&nbsp;de la Font d&#8217;en Sol\u00e0,&nbsp;presenten aquest recorregut apte per fer-lo caminant i amb fam\u00edlia. Aquest recorregut amb &#8230; <a title=\"Nova ruta de 6 km apta per a tots els p\u00fablics a Fulleda\" class=\"read-more\" href=\"https:\/\/www.turismegarrigues.com\/blog\/nova-ruta-de-6-km-apta-per-a-tots-els-publics-a-fulleda\/\" aria-label=\"M\u00e9s informaci\u00f3 sobre Nova ruta de 6 km apta per a tots els p\u00fablics a Fulleda\">Llegiu m\u00e9s<\/a><\/p>\n","protected":false},"author":2,"featured_media":2394,"comment_status":"closed","ping_status":"closed","sticky":false,"template":"","format":"standard","meta":{"footnotes":""},"categories":[1],"tags":[],"class_list":["post-2391","post","type-post","status-publish","format-standard","has-post-thumbnail","hentry","category-turisme"],"yoast_head":"<!-- This site is optimized with the Yoast SEO plugin v24.4 - https:\/\/yoast.com\/wordpress\/plugins\/seo\/ -->\n<title>Nova ruta de 6 km apta per a tots els p\u00fablics a Fulleda - Turisme de les Garrigues<\/title>\n<meta name=\"robots\" content=\"index, follow, max-snippet:-1, max-image-preview:large, max-video-preview:-1\" \/>\n<link rel=\"canonical\" href=\"https:\/\/www.turismegarrigues.com\/blog\/nova-ruta-de-6-km-apta-per-a-tots-els-publics-a-fulleda\/\" \/>\n<meta property=\"og:locale\" content=\"ca_ES\" \/>\n<meta property=\"og:type\" content=\"article\" \/>\n<meta property=\"og:title\" content=\"Nova ruta de 6 km apta per a tots els p\u00fablics a Fulleda - Turisme de les Garrigues\" \/>\n<meta property=\"og:description\" content=\"Fulleda\u00a0Turisme Actiu segueix ampliant la xarxa de senders i camins! Aquesta vegada presenta una nova ruta de 6 km per a tots els p\u00fablics. Amb motiu de la descoberta d&#8217;aquest cam\u00ed de ferradura i de la neteja i adequaci\u00f3&nbsp;de la Font d&#8217;en Sol\u00e0,&nbsp;presenten aquest recorregut apte per fer-lo caminant i amb fam\u00edlia. Aquest recorregut amb ... Llegiu m\u00e9s\" \/>\n<meta property=\"og:url\" content=\"https:\/\/www.turismegarrigues.com\/blog\/nova-ruta-de-6-km-apta-per-a-tots-els-publics-a-fulleda\/\" \/>\n<meta property=\"og:site_name\" content=\"Turisme de les Garrigues\" \/>\n<meta property=\"article:published_time\" content=\"2020-12-30T14:29:34+00:00\" \/>\n<meta property=\"article:modified_time\" content=\"2020-12-30T14:32:17+00:00\" \/>\n<meta property=\"og:image\" content=\"https:\/\/www.turismegarrigues.com\/blog\/wp-content\/uploads\/unnamed-3-1.jpg\" \/>\n\t<meta property=\"og:image:width\" content=\"1024\" \/>\n\t<meta property=\"og:image:height\" content=\"768\" \/>\n\t<meta property=\"og:image:type\" content=\"image\/jpeg\" \/>\n<meta name=\"author\" content=\"turismegarrigues\" \/>\n<meta name=\"twitter:card\" content=\"summary_large_image\" \/>\n<meta name=\"twitter:label1\" content=\"Escrit per\" \/>\n\t<meta name=\"twitter:data1\" content=\"turismegarrigues\" \/>\n\t<meta name=\"twitter:label2\" content=\"Temps estimat de lectura\" \/>\n\t<meta name=\"twitter:data2\" content=\"1 minut\" \/>\n<script type=\"application\/ld+json\" class=\"yoast-schema-graph\">{\"@context\":\"https:\/\/schema.org\",\"@graph\":[{\"@type\":\"WebPage\",\"@id\":\"https:\/\/www.turismegarrigues.com\/blog\/nova-ruta-de-6-km-apta-per-a-tots-els-publics-a-fulleda\/\",\"url\":\"https:\/\/www.turismegarrigues.com\/blog\/nova-ruta-de-6-km-apta-per-a-tots-els-publics-a-fulleda\/\",\"name\":\"Nova ruta de 6 km apta per a tots els p\u00fablics a Fulleda - Turisme de les Garrigues\",\"isPartOf\":{\"@id\":\"https:\/\/www.turismegarrigues.com\/blog\/#website\"},\"primaryImageOfPage\":{\"@id\":\"https:\/\/www.turismegarrigues.com\/blog\/nova-ruta-de-6-km-apta-per-a-tots-els-publics-a-fulleda\/#primaryimage\"},\"image\":{\"@id\":\"https:\/\/www.turismegarrigues.com\/blog\/nova-ruta-de-6-km-apta-per-a-tots-els-publics-a-fulleda\/#primaryimage\"},\"thumbnailUrl\":\"https:\/\/www.turismegarrigues.com\/blog\/wp-content\/uploads\/unnamed-3-1.jpg\",\"datePublished\":\"2020-12-30T14:29:34+00:00\",\"dateModified\":\"2020-12-30T14:32:17+00:00\",\"author\":{\"@id\":\"https:\/\/www.turismegarrigues.com\/blog\/#\/schema\/person\/7ada9dce6475184bb0c0a652f29c9653\"},\"breadcrumb\":{\"@id\":\"https:\/\/www.turismegarrigues.com\/blog\/nova-ruta-de-6-km-apta-per-a-tots-els-publics-a-fulleda\/#breadcrumb\"},\"inLanguage\":\"ca\",\"potentialAction\":[{\"@type\":\"ReadAction\",\"target\":[\"https:\/\/www.turismegarrigues.com\/blog\/nova-ruta-de-6-km-apta-per-a-tots-els-publics-a-fulleda\/\"]}]},{\"@type\":\"ImageObject\",\"inLanguage\":\"ca\",\"@id\":\"https:\/\/www.turismegarrigues.com\/blog\/nova-ruta-de-6-km-apta-per-a-tots-els-publics-a-fulleda\/#primaryimage\",\"url\":\"https:\/\/www.turismegarrigues.com\/blog\/wp-content\/uploads\/unnamed-3-1.jpg\",\"contentUrl\":\"https:\/\/www.turismegarrigues.com\/blog\/wp-content\/uploads\/unnamed-3-1.jpg\",\"width\":1024,\"height\":768},{\"@type\":\"BreadcrumbList\",\"@id\":\"https:\/\/www.turismegarrigues.com\/blog\/nova-ruta-de-6-km-apta-per-a-tots-els-publics-a-fulleda\/#breadcrumb\",\"itemListElement\":[{\"@type\":\"ListItem\",\"position\":1,\"name\":\"Inici\",\"item\":\"https:\/\/www.turismegarrigues.com\/blog\/\"},{\"@type\":\"ListItem\",\"position\":2,\"name\":\"Nova ruta de 6 km apta per a tots els p\u00fablics a Fulleda\"}]},{\"@type\":\"WebSite\",\"@id\":\"https:\/\/www.turismegarrigues.com\/blog\/#website\",\"url\":\"https:\/\/www.turismegarrigues.com\/blog\/\",\"name\":\"Turisme de les Garrigues\",\"description\":\"Blog\",\"potentialAction\":[{\"@type\":\"SearchAction\",\"target\":{\"@type\":\"EntryPoint\",\"urlTemplate\":\"https:\/\/www.turismegarrigues.com\/blog\/?s={search_term_string}\"},\"query-input\":{\"@type\":\"PropertyValueSpecification\",\"valueRequired\":true,\"valueName\":\"search_term_string\"}}],\"inLanguage\":\"ca\"},{\"@type\":\"Person\",\"@id\":\"https:\/\/www.turismegarrigues.com\/blog\/#\/schema\/person\/7ada9dce6475184bb0c0a652f29c9653\",\"name\":\"turismegarrigues\",\"image\":{\"@type\":\"ImageObject\",\"inLanguage\":\"ca\",\"@id\":\"https:\/\/www.turismegarrigues.com\/blog\/#\/schema\/person\/image\/\",\"url\":\"https:\/\/secure.gravatar.com\/avatar\/2479dec683bf2f700ffae0009a0a72796d18201a99196df0e23b11ae9749e88e?s=96&d=mm&r=g\",\"contentUrl\":\"https:\/\/secure.gravatar.com\/avatar\/2479dec683bf2f700ffae0009a0a72796d18201a99196df0e23b11ae9749e88e?s=96&d=mm&r=g\",\"caption\":\"turismegarrigues\"},\"sameAs\":[\"http:\/\/www.turismegarrigues.com\/\"],\"url\":\"https:\/\/www.turismegarrigues.com\/blog\/author\/turismegarrigues\/\"}]}<\/script>\n<!-- \/ Yoast SEO plugin. -->","yoast_head_json":{"title":"Nova ruta de 6 km apta per a tots els p\u00fablics a Fulleda - Turisme de les Garrigues","robots":{"index":"index","follow":"follow","max-snippet":"max-snippet:-1","max-image-preview":"max-image-preview:large","max-video-preview":"max-video-preview:-1"},"canonical":"https:\/\/www.turismegarrigues.com\/blog\/nova-ruta-de-6-km-apta-per-a-tots-els-publics-a-fulleda\/","og_locale":"ca_ES","og_type":"article","og_title":"Nova ruta de 6 km apta per a tots els p\u00fablics a Fulleda - Turisme de les Garrigues","og_description":"Fulleda\u00a0Turisme Actiu segueix ampliant la xarxa de senders i camins! Aquesta vegada presenta una nova ruta de 6 km per a tots els p\u00fablics. Amb motiu de la descoberta d&#8217;aquest cam\u00ed de ferradura i de la neteja i adequaci\u00f3&nbsp;de la Font d&#8217;en Sol\u00e0,&nbsp;presenten aquest recorregut apte per fer-lo caminant i amb fam\u00edlia. Aquest recorregut amb ... Llegiu m\u00e9s","og_url":"https:\/\/www.turismegarrigues.com\/blog\/nova-ruta-de-6-km-apta-per-a-tots-els-publics-a-fulleda\/","og_site_name":"Turisme de les Garrigues","article_published_time":"2020-12-30T14:29:34+00:00","article_modified_time":"2020-12-30T14:32:17+00:00","og_image":[{"width":1024,"height":768,"url":"https:\/\/www.turismegarrigues.com\/blog\/wp-content\/uploads\/unnamed-3-1.jpg","type":"image\/jpeg"}],"author":"turismegarrigues","twitter_card":"summary_large_image","twitter_misc":{"Escrit per":"turismegarrigues","Temps estimat de lectura":"1 minut"},"schema":{"@context":"https:\/\/schema.org","@graph":[{"@type":"WebPage","@id":"https:\/\/www.turismegarrigues.com\/blog\/nova-ruta-de-6-km-apta-per-a-tots-els-publics-a-fulleda\/","url":"https:\/\/www.turismegarrigues.com\/blog\/nova-ruta-de-6-km-apta-per-a-tots-els-publics-a-fulleda\/","name":"Nova ruta de 6 km apta per a tots els p\u00fablics a Fulleda - Turisme de les Garrigues","isPartOf":{"@id":"https:\/\/www.turismegarrigues.com\/blog\/#website"},"primaryImageOfPage":{"@id":"https:\/\/www.turismegarrigues.com\/blog\/nova-ruta-de-6-km-apta-per-a-tots-els-publics-a-fulleda\/#primaryimage"},"image":{"@id":"https:\/\/www.turismegarrigues.com\/blog\/nova-ruta-de-6-km-apta-per-a-tots-els-publics-a-fulleda\/#primaryimage"},"thumbnailUrl":"https:\/\/www.turismegarrigues.com\/blog\/wp-content\/uploads\/unnamed-3-1.jpg","datePublished":"2020-12-30T14:29:34+00:00","dateModified":"2020-12-30T14:32:17+00:00","author":{"@id":"https:\/\/www.turismegarrigues.com\/blog\/#\/schema\/person\/7ada9dce6475184bb0c0a652f29c9653"},"breadcrumb":{"@id":"https:\/\/www.turismegarrigues.com\/blog\/nova-ruta-de-6-km-apta-per-a-tots-els-publics-a-fulleda\/#breadcrumb"},"inLanguage":"ca","potentialAction":[{"@type":"ReadAction","target":["https:\/\/www.turismegarrigues.com\/blog\/nova-ruta-de-6-km-apta-per-a-tots-els-publics-a-fulleda\/"]}]},{"@type":"ImageObject","inLanguage":"ca","@id":"https:\/\/www.turismegarrigues.com\/blog\/nova-ruta-de-6-km-apta-per-a-tots-els-publics-a-fulleda\/#primaryimage","url":"https:\/\/www.turismegarrigues.com\/blog\/wp-content\/uploads\/unnamed-3-1.jpg","contentUrl":"https:\/\/www.turismegarrigues.com\/blog\/wp-content\/uploads\/unnamed-3-1.jpg","width":1024,"height":768},{"@type":"BreadcrumbList","@id":"https:\/\/www.turismegarrigues.com\/blog\/nova-ruta-de-6-km-apta-per-a-tots-els-publics-a-fulleda\/#breadcrumb","itemListElement":[{"@type":"ListItem","position":1,"name":"Inici","item":"https:\/\/www.turismegarrigues.com\/blog\/"},{"@type":"ListItem","position":2,"name":"Nova ruta de 6 km apta per a tots els p\u00fablics a Fulleda"}]},{"@type":"WebSite","@id":"https:\/\/www.turismegarrigues.com\/blog\/#website","url":"https:\/\/www.turismegarrigues.com\/blog\/","name":"Turisme de les Garrigues","description":"Blog","potentialAction":[{"@type":"SearchAction","target":{"@type":"EntryPoint","urlTemplate":"https:\/\/www.turismegarrigues.com\/blog\/?s={search_term_string}"},"query-input":{"@type":"PropertyValueSpecification","valueRequired":true,"valueName":"search_term_string"}}],"inLanguage":"ca"},{"@type":"Person","@id":"https:\/\/www.turismegarrigues.com\/blog\/#\/schema\/person\/7ada9dce6475184bb0c0a652f29c9653","name":"turismegarrigues","image":{"@type":"ImageObject","inLanguage":"ca","@id":"https:\/\/www.turismegarrigues.com\/blog\/#\/schema\/person\/image\/","url":"https:\/\/secure.gravatar.com\/avatar\/2479dec683bf2f700ffae0009a0a72796d18201a99196df0e23b11ae9749e88e?s=96&d=mm&r=g","contentUrl":"https:\/\/secure.gravatar.com\/avatar\/2479dec683bf2f700ffae0009a0a72796d18201a99196df0e23b11ae9749e88e?s=96&d=mm&r=g","caption":"turismegarrigues"},"sameAs":["http:\/\/www.turismegarrigues.com\/"],"url":"https:\/\/www.turismegarrigues.com\/blog\/author\/turismegarrigues\/"}]}},"_links":{"self":[{"href":"https:\/\/www.turismegarrigues.com\/blog\/wp-json\/wp\/v2\/posts\/2391","targetHints":{"allow":["GET"]}}],"collection":[{"href":"https:\/\/www.turismegarrigues.com\/blog\/wp-json\/wp\/v2\/posts"}],"about":[{"href":"https:\/\/www.turismegarrigues.com\/blog\/wp-json\/wp\/v2\/types\/post"}],"author":[{"embeddable":true,"href":"https:\/\/www.turismegarrigues.com\/blog\/wp-json\/wp\/v2\/users\/2"}],"replies":[{"embeddable":true,"href":"https:\/\/www.turismegarrigues.com\/blog\/wp-json\/wp\/v2\/comments?post=2391"}],"version-history":[{"count":2,"href":"https:\/\/www.turismegarrigues.com\/blog\/wp-json\/wp\/v2\/posts\/2391\/revisions"}],"predecessor-version":[{"id":2397,"href":"https:\/\/www.turismegarrigues.com\/blog\/wp-json\/wp\/v2\/posts\/2391\/revisions\/2397"}],"wp:featuredmedia":[{"embeddable":true,"href":"https:\/\/www.turismegarrigues.com\/blog\/wp-json\/wp\/v2\/media\/2394"}],"wp:attachment":[{"href":"https:\/\/www.turismegarrigues.com\/blog\/wp-json\/wp\/v2\/media?parent=2391"}],"wp:term":[{"taxonomy":"category","embeddable":true,"href":"https:\/\/www.turismegarrigues.com\/blog\/wp-json\/wp\/v2\/categories?post=2391"},{"taxonomy":"post_tag","embeddable":true,"href":"https:\/\/www.turismegarrigues.com\/blog\/wp-json\/wp\/v2\/tags?post=2391"}],"curies":[{"name":"wp","href":"https:\/\/api.w.org\/{rel}","templated":true}]}}