{"id":2405,"date":"2021-03-27T13:10:19","date_gmt":"2021-03-27T12:10:19","guid":{"rendered":"https:\/\/www.turismegarrigues.com\/blog\/?p=2405"},"modified":"2021-03-27T13:11:46","modified_gmt":"2021-03-27T12:11:46","slug":"4-propostes-per-gaudir-de-les-garrigues-aquesta-setmana-santa","status":"publish","type":"post","link":"https:\/\/www.turismegarrigues.com\/blog\/4-propostes-per-gaudir-de-les-garrigues-aquesta-setmana-santa\/","title":{"rendered":"4 propostes per gaudir de les Garrigues aquesta Setmana Santa"},"content":{"rendered":"\n<p>Aquesta Setmana Santa ser\u00e0 diferent del que est\u00e0vem acostumats a viure a causa de les restriccions de la Covid-19. Per tal que la podeu gaudir al m\u00e0xim, us proposem 4 activitats que podreu fer en fam\u00edlia per con\u00e8ixer la comarca de les Garrigues.&nbsp;<\/p>\n\n\n\n<p><strong>1. Viatjar al passat al Conjunt rupestre del Cogul&nbsp;<\/strong><\/p>\n\n\n\n<p>A un quil\u00f2metre del Cogul en direcci\u00f3 a l&#8217;Albag\u00e9s, hi ha les pintures rupestres de la Roca dels Moros, declarades Patrimoni Mundial per la UNESCO. S\u00f3n un exemple de l&#8217;art rupestre llevant\u00ed, amb 45 figures, entre les quals hi ha imatges humanes, diversos animals i tamb\u00e9 inscripcions de l&#8217;alfabet ib\u00e8ric i llat\u00ed. La Roca dels Moros forma part de la Ruta de l&#8217;Art Rupestre, que t\u00e9 per objectiu difondre els principals conjunts d&#8217;art rupestre de les nostres terres.<\/p>\n\n\n\n<p>Horaris de Setmana Santa:<\/p>\n\n\n\n<p>Dilluns tancat<\/p>\n\n\n\n<p>Dimarts i dimecres tancat (excepte pr\u00e8via reserva)&nbsp;<\/p>\n\n\n\n<p>De dijous a dissabte de 10 h a 14 h&nbsp; \/&nbsp; 16 h a 19 h<\/p>\n\n\n\n<p>Diumenge de 10 h a 15h<\/p>\n\n\n\n<p>Dilluns Mona 10 h a 15 h<\/p>\n\n\n\n<p>La taquilla es tanca 30 minuts abans<\/p>\n\n\n\n<p><em>Tel\u00e8fon per a reservar. 672 445 990 \/ <\/em><a href=\"mailto:reservescogul.acdpc@gencat.cat\"><em>reservescogul.acdpc@gencat.cat<\/em><\/a><\/p>\n\n\n\n<figure class=\"wp-block-image\"><img decoding=\"async\" src=\"https:\/\/lh5.googleusercontent.com\/BcP3iiXtLtyqvPY59whJAG3LR5o2Ln3KjGT5ITyM6PB0_YR0MEqEpSgd_TbkYz2xPj75GyF_KqAFJtZk2Ho9swG4OenkxGpU1ja5mvk5MneIWq1VYoQgxlnHtOFB5V26bs6WbfM1\" alt=\"\"\/><\/figure>\n\n\n\n<p><strong>2.Passejar pels Vilars d\u2019Arbeca<\/strong><\/p>\n\n\n\n<p>Una particularitat que distingeix els Vilars de molts poblats contemporanis \u00e9s l&#8217;empla\u00e7ament en un lloc planer, prescindint aix\u00ed de qualsevol defensa enlairada; aquest fet \u00e9s explicable per una intensa explotaci\u00f3 agr\u00e0ria del terreny immediat. Aquest jaciment mostra un dels m\u00e9s interessants sistemes de defensa de l&#8217;Edat de Ferro.<\/p>\n\n\n\n<p>Web: &nbsp;www.vilars.cat\/ turisme@arbeca.cat<\/p>\n\n\n\n<p>Horaris de Setmana Santa:<\/p>\n\n\n\n<p>Divendres, dissabte i diumenge obert de 10 h a 14 h<\/p>\n\n\n\n<p>(A les 12 h visita guiada)<\/p>\n\n\n\n<p>Tamb\u00e9 \u00e9s poden fer visites pel nucli antic del poble (pr\u00e8via reserva)<\/p>\n\n\n\n<p>Tel\u00e8fon per a reservar: &nbsp;973 160 182 (Oficina de Turisme &#8211; Espai C\u00e8sar Martinell)<\/p>\n\n\n\n<figure class=\"wp-block-image\"><img decoding=\"async\" src=\"https:\/\/lh5.googleusercontent.com\/uMQemBS88n3lCEizSFGjYFXXzW1D95t9if3481c-w0HMLJrkDkti7udMRk1423BUtUyu_smitUhc2vhWVGNDE86hCvZms0gGkd2zZxuyXnzj0NxlMOtR8XaiSByTBfCoKZ6hSmrg\" alt=\"\"\/><\/figure>\n\n\n\n<p><strong>3. Descobrir la figura de Francesc Maci\u00e0 a les Borges Blanques<\/strong><\/p>\n\n\n\n<p>L\u2019Espai Maci\u00e0 \u00e9s el centre d\u2019interpretaci\u00f3 de la figura de Francesc Maci\u00e0 ubicat a les Borges Blanques. A l\u2019Espai Maci\u00e0 es mostra, comparteix, recupera, preserva i difon el patrimoni documental, gr\u00e0fic, audiovisual i sentimental lligat a aquest personatge. Aquest centre es va obrir el 14 d&#8217;abril de 2011 coincidint amb el 80\u00e8 aniversari de la proclamaci\u00f3 de la Rep\u00fablica Catalana. Tamb\u00e9 s\u2019organitzen activitats puntuals, confer\u00e8ncies, debats i actes. El visitant podr\u00e0 con\u00e8ixer la comarca de les Garrigues, el vincle de Francesc Maci\u00e0 amb aquesta comarca, la seva gent i els seus productes de qualitat.<\/p>\n\n\n\n<p>Horaris de Setmana Santa:<\/p>\n\n\n\n<p>Dimarts de 11 h a 13 h<\/p>\n\n\n\n<p>Dimecres de 17 h a 20 h<\/p>\n\n\n\n<p>Dijous de 17 h a 20 h<\/p>\n\n\n\n<p>Divendres, dissabte i diumenge tancat (excepte reserves pr\u00e8vies)&nbsp;&nbsp;<\/p>\n\n\n\n<p>Tel\u00e8fon per a reservar 973 14 08 74 &nbsp; &nbsp; &nbsp; &nbsp; \/ info@espaimacia.cat<\/p>\n\n\n\n<p>Pla\u00e7a Ramon Arques, 5 Les Borges Blanques&nbsp;<\/p>\n\n\n\n<p><a href=\"http:\/\/www.espaimacia.cat\/\">www.espaimacia.cat<\/a><\/p>\n\n\n\n<figure class=\"wp-block-image\"><img decoding=\"async\" src=\"https:\/\/lh6.googleusercontent.com\/GvyDzGURk1wZS7v_T-x58DkDlhhVYFT1Vhosvcj0HDMZrRsuGBpf2FbvDadss4ivenV3MqYT3Bo5_OnZvWEeuVY4W865tyxys83Fn7LrfgDZglYA_f3bsl4P9YFridOTSndRaepv\" alt=\"\"\/><\/figure>\n\n\n\n<p><strong>4. Gaudir de l\u2019oli d\u2019oliva a La Granadella<\/strong><\/p>\n\n\n\n<p>El<strong> Centre de la Cultura de l\u2019Oli de Catalunya de la Granadella <\/strong>agrupa, ordena i ofereix una s\u00e8rie d&#8217;accions, adre\u00e7ades a diferents p\u00fablics, totes elles tenen l&#8217;oli d&#8217;oliva com a punt de connexi\u00f3.<\/p>\n\n\n\n<p>http:\/\/www.culturadeloli.cat\/ccoc\/<\/p>\n\n\n\n<p>Horaris de Setmana Santa:<\/p>\n\n\n\n<p>Dissabte: de 10 h a 14 h i de 16 h a 18 h&nbsp;<\/p>\n\n\n\n<p>Tel. 973 094101<\/p>\n\n\n\n<p><strong>Museu de l\u2019Oli:&nbsp;<\/strong><\/p>\n\n\n\n<p>De dimarts a divendres de les 10 h a les 13 h i de les 15 h a les 19 h<\/p>\n\n\n\n<p>Dissabtes de les 10 h a les 14 h i de les 16 h a les 19 h.<\/p>\n\n\n\n<p>Diumenge Pasqua i dilluns mona tancat<\/p>\n\n\n\n<p><strong><em>El Museu de l&#8217;Oli est\u00e0 obert per a visites lliures en aquest horari, per a visites guiades cal trucar amb una setmana d&#8217;antelaci\u00f3.&nbsp;<\/em><\/strong><\/p>\n\n\n\n<p>Tel. 973 133 012 \/ info@culturadeloli.cat<\/p>\n\n\n\n<p>M\u00e9s informaci\u00f3 a: <a href=\"http:\/\/www.turismegarrigues.com\/\">www.turismegarrigues.com<\/a><\/p>\n\n\n\n<figure class=\"wp-block-image\"><img decoding=\"async\" src=\"https:\/\/lh5.googleusercontent.com\/ffJPTUVDLwqb9lfSv2CdCvGj99ntQ5nKSyH2hLUiQeAPl8yp3gTbgbgua-S-UBt7ZRHX9oAVJQh86N5QEcQOnimLGKv5NtXod8Rhr3Fk9ev1P2BxCaUt3h7qi0pAvYEpI0GcyWWn\" alt=\"\"\/><\/figure>\n\n\n\n<p>A m\u00e9s a m\u00e9s d&#8217;aquestes visites podeu visitar amb reserva pr\u00e8via altres espais de la comarca:<\/p>\n\n\n\n<p>PINTURES RUPESTRES DE LA VALL DE LA COMA I CASTELL DE L\u2019ALBI<\/p>\n\n\n\n<p>Tel. 973 175 004 (Ajuntament).<\/p>\n\n\n\n<p>CASTELL D&#8217;ARBECA<\/p>\n\n\n\n<p>Tel\u00e8fon : 973 160 182<\/p>\n\n\n\n<p>MUSEU DE CAL PAUET \u2013 LES BORGES BLANQUES<\/p>\n\n\n\n<p>Tel\u00e8fon: 619 972 250<\/p>\n\n\n\n<p>CAL GINERET \u2013 LES BORGES BLANQUES&nbsp;<\/p>\n\n\n\n<p>Visites a concertar al tel\u00e8fon de l&#8217;ajuntament 973 142 850.<\/p>\n\n\n\n<p>CASTELL DE L\u2019ESPLUGA CALBA<\/p>\n\n\n\n<p>Tel\u00e8fon : 973 15 60 05<\/p>\n\n\n\n<p>CASTELL DE LA FLORESTA I SALA D\u2019EXPOSICIONS DELS TREBALLS DE LA PEDRA&nbsp; &#8211; LA FLORESTA<\/p>\n\n\n\n<p>Tel\u00e8fon : 973 14 10 94 \/&nbsp; 659 29 45 42<\/p>\n\n\n\n<p>I no us oblideu de gaudir de les <a href=\"https:\/\/www.turismegarrigues.com\/ca\/quefer\/rutes\">rutes<\/a> i el paisatge de<strong> les Garrigues<\/strong>.<\/p>\n","protected":false},"excerpt":{"rendered":"<p>Aquesta Setmana Santa ser\u00e0 diferent del que est\u00e0vem acostumats a viure a causa de les restriccions de la Covid-19. Per tal que la podeu gaudir al m\u00e0xim, us proposem 4 activitats que podreu fer en fam\u00edlia per con\u00e8ixer la comarca de les Garrigues.&nbsp; 1. Viatjar al passat al Conjunt rupestre del Cogul&nbsp; A un quil\u00f2metre &#8230; <a title=\"4 propostes per gaudir de les Garrigues aquesta Setmana Santa\" class=\"read-more\" href=\"https:\/\/www.turismegarrigues.com\/blog\/4-propostes-per-gaudir-de-les-garrigues-aquesta-setmana-santa\/\" aria-label=\"M\u00e9s informaci\u00f3 sobre 4 propostes per gaudir de les Garrigues aquesta Setmana Santa\">Llegiu m\u00e9s<\/a><\/p>\n","protected":false},"author":2,"featured_media":2406,"comment_status":"closed","ping_status":"closed","sticky":false,"template":"","format":"standard","meta":{"footnotes":""},"categories":[1],"tags":[],"class_list":["post-2405","post","type-post","status-publish","format-standard","has-post-thumbnail","hentry","category-turisme"],"yoast_head":"<!-- This site is optimized with the Yoast SEO plugin v24.4 - https:\/\/yoast.com\/wordpress\/plugins\/seo\/ -->\n<title>4 propostes per gaudir de les Garrigues aquesta Setmana Santa - Turisme de les Garrigues<\/title>\n<meta name=\"robots\" content=\"index, follow, max-snippet:-1, max-image-preview:large, max-video-preview:-1\" \/>\n<link rel=\"canonical\" href=\"https:\/\/www.turismegarrigues.com\/blog\/4-propostes-per-gaudir-de-les-garrigues-aquesta-setmana-santa\/\" \/>\n<meta property=\"og:locale\" content=\"ca_ES\" \/>\n<meta property=\"og:type\" content=\"article\" \/>\n<meta property=\"og:title\" content=\"4 propostes per gaudir de les Garrigues aquesta Setmana Santa - Turisme de les Garrigues\" \/>\n<meta property=\"og:description\" content=\"Aquesta Setmana Santa ser\u00e0 diferent del que est\u00e0vem acostumats a viure a causa de les restriccions de la Covid-19. Per tal que la podeu gaudir al m\u00e0xim, us proposem 4 activitats que podreu fer en fam\u00edlia per con\u00e8ixer la comarca de les Garrigues.&nbsp; 1. Viatjar al passat al Conjunt rupestre del Cogul&nbsp; A un quil\u00f2metre ... Llegiu m\u00e9s\" \/>\n<meta property=\"og:url\" content=\"https:\/\/www.turismegarrigues.com\/blog\/4-propostes-per-gaudir-de-les-garrigues-aquesta-setmana-santa\/\" \/>\n<meta property=\"og:site_name\" content=\"Turisme de les Garrigues\" \/>\n<meta property=\"article:published_time\" content=\"2021-03-27T12:10:19+00:00\" \/>\n<meta property=\"article:modified_time\" content=\"2021-03-27T12:11:46+00:00\" \/>\n<meta property=\"og:image\" content=\"https:\/\/www.turismegarrigues.com\/blog\/wp-content\/uploads\/IMG_0188.jpg\" \/>\n\t<meta property=\"og:image:width\" content=\"1024\" \/>\n\t<meta property=\"og:image:height\" content=\"683\" \/>\n\t<meta property=\"og:image:type\" content=\"image\/jpeg\" \/>\n<meta name=\"author\" content=\"turismegarrigues\" \/>\n<meta name=\"twitter:card\" content=\"summary_large_image\" \/>\n<meta name=\"twitter:label1\" content=\"Escrit per\" \/>\n\t<meta name=\"twitter:data1\" content=\"turismegarrigues\" \/>\n\t<meta name=\"twitter:label2\" content=\"Temps estimat de lectura\" \/>\n\t<meta name=\"twitter:data2\" content=\"4 minuts\" \/>\n<script type=\"application\/ld+json\" class=\"yoast-schema-graph\">{\"@context\":\"https:\/\/schema.org\",\"@graph\":[{\"@type\":\"WebPage\",\"@id\":\"https:\/\/www.turismegarrigues.com\/blog\/4-propostes-per-gaudir-de-les-garrigues-aquesta-setmana-santa\/\",\"url\":\"https:\/\/www.turismegarrigues.com\/blog\/4-propostes-per-gaudir-de-les-garrigues-aquesta-setmana-santa\/\",\"name\":\"4 propostes per gaudir de les Garrigues aquesta Setmana Santa - Turisme de les Garrigues\",\"isPartOf\":{\"@id\":\"https:\/\/www.turismegarrigues.com\/blog\/#website\"},\"primaryImageOfPage\":{\"@id\":\"https:\/\/www.turismegarrigues.com\/blog\/4-propostes-per-gaudir-de-les-garrigues-aquesta-setmana-santa\/#primaryimage\"},\"image\":{\"@id\":\"https:\/\/www.turismegarrigues.com\/blog\/4-propostes-per-gaudir-de-les-garrigues-aquesta-setmana-santa\/#primaryimage\"},\"thumbnailUrl\":\"https:\/\/www.turismegarrigues.com\/blog\/wp-content\/uploads\/IMG_0188.jpg\",\"datePublished\":\"2021-03-27T12:10:19+00:00\",\"dateModified\":\"2021-03-27T12:11:46+00:00\",\"author\":{\"@id\":\"https:\/\/www.turismegarrigues.com\/blog\/#\/schema\/person\/7ada9dce6475184bb0c0a652f29c9653\"},\"breadcrumb\":{\"@id\":\"https:\/\/www.turismegarrigues.com\/blog\/4-propostes-per-gaudir-de-les-garrigues-aquesta-setmana-santa\/#breadcrumb\"},\"inLanguage\":\"ca\",\"potentialAction\":[{\"@type\":\"ReadAction\",\"target\":[\"https:\/\/www.turismegarrigues.com\/blog\/4-propostes-per-gaudir-de-les-garrigues-aquesta-setmana-santa\/\"]}]},{\"@type\":\"ImageObject\",\"inLanguage\":\"ca\",\"@id\":\"https:\/\/www.turismegarrigues.com\/blog\/4-propostes-per-gaudir-de-les-garrigues-aquesta-setmana-santa\/#primaryimage\",\"url\":\"https:\/\/www.turismegarrigues.com\/blog\/wp-content\/uploads\/IMG_0188.jpg\",\"contentUrl\":\"https:\/\/www.turismegarrigues.com\/blog\/wp-content\/uploads\/IMG_0188.jpg\",\"width\":1024,\"height\":683},{\"@type\":\"BreadcrumbList\",\"@id\":\"https:\/\/www.turismegarrigues.com\/blog\/4-propostes-per-gaudir-de-les-garrigues-aquesta-setmana-santa\/#breadcrumb\",\"itemListElement\":[{\"@type\":\"ListItem\",\"position\":1,\"name\":\"Inici\",\"item\":\"https:\/\/www.turismegarrigues.com\/blog\/\"},{\"@type\":\"ListItem\",\"position\":2,\"name\":\"4 propostes per gaudir de les Garrigues aquesta Setmana Santa\"}]},{\"@type\":\"WebSite\",\"@id\":\"https:\/\/www.turismegarrigues.com\/blog\/#website\",\"url\":\"https:\/\/www.turismegarrigues.com\/blog\/\",\"name\":\"Turisme de les Garrigues\",\"description\":\"Blog\",\"potentialAction\":[{\"@type\":\"SearchAction\",\"target\":{\"@type\":\"EntryPoint\",\"urlTemplate\":\"https:\/\/www.turismegarrigues.com\/blog\/?s={search_term_string}\"},\"query-input\":{\"@type\":\"PropertyValueSpecification\",\"valueRequired\":true,\"valueName\":\"search_term_string\"}}],\"inLanguage\":\"ca\"},{\"@type\":\"Person\",\"@id\":\"https:\/\/www.turismegarrigues.com\/blog\/#\/schema\/person\/7ada9dce6475184bb0c0a652f29c9653\",\"name\":\"turismegarrigues\",\"image\":{\"@type\":\"ImageObject\",\"inLanguage\":\"ca\",\"@id\":\"https:\/\/www.turismegarrigues.com\/blog\/#\/schema\/person\/image\/\",\"url\":\"https:\/\/secure.gravatar.com\/avatar\/2479dec683bf2f700ffae0009a0a72796d18201a99196df0e23b11ae9749e88e?s=96&d=mm&r=g\",\"contentUrl\":\"https:\/\/secure.gravatar.com\/avatar\/2479dec683bf2f700ffae0009a0a72796d18201a99196df0e23b11ae9749e88e?s=96&d=mm&r=g\",\"caption\":\"turismegarrigues\"},\"sameAs\":[\"http:\/\/www.turismegarrigues.com\/\"],\"url\":\"https:\/\/www.turismegarrigues.com\/blog\/author\/turismegarrigues\/\"}]}<\/script>\n<!-- \/ Yoast SEO plugin. -->","yoast_head_json":{"title":"4 propostes per gaudir de les Garrigues aquesta Setmana Santa - Turisme de les Garrigues","robots":{"index":"index","follow":"follow","max-snippet":"max-snippet:-1","max-image-preview":"max-image-preview:large","max-video-preview":"max-video-preview:-1"},"canonical":"https:\/\/www.turismegarrigues.com\/blog\/4-propostes-per-gaudir-de-les-garrigues-aquesta-setmana-santa\/","og_locale":"ca_ES","og_type":"article","og_title":"4 propostes per gaudir de les Garrigues aquesta Setmana Santa - Turisme de les Garrigues","og_description":"Aquesta Setmana Santa ser\u00e0 diferent del que est\u00e0vem acostumats a viure a causa de les restriccions de la Covid-19. Per tal que la podeu gaudir al m\u00e0xim, us proposem 4 activitats que podreu fer en fam\u00edlia per con\u00e8ixer la comarca de les Garrigues.&nbsp; 1. Viatjar al passat al Conjunt rupestre del Cogul&nbsp; A un quil\u00f2metre ... Llegiu m\u00e9s","og_url":"https:\/\/www.turismegarrigues.com\/blog\/4-propostes-per-gaudir-de-les-garrigues-aquesta-setmana-santa\/","og_site_name":"Turisme de les Garrigues","article_published_time":"2021-03-27T12:10:19+00:00","article_modified_time":"2021-03-27T12:11:46+00:00","og_image":[{"width":1024,"height":683,"url":"https:\/\/www.turismegarrigues.com\/blog\/wp-content\/uploads\/IMG_0188.jpg","type":"image\/jpeg"}],"author":"turismegarrigues","twitter_card":"summary_large_image","twitter_misc":{"Escrit per":"turismegarrigues","Temps estimat de lectura":"4 minuts"},"schema":{"@context":"https:\/\/schema.org","@graph":[{"@type":"WebPage","@id":"https:\/\/www.turismegarrigues.com\/blog\/4-propostes-per-gaudir-de-les-garrigues-aquesta-setmana-santa\/","url":"https:\/\/www.turismegarrigues.com\/blog\/4-propostes-per-gaudir-de-les-garrigues-aquesta-setmana-santa\/","name":"4 propostes per gaudir de les Garrigues aquesta Setmana Santa - Turisme de les Garrigues","isPartOf":{"@id":"https:\/\/www.turismegarrigues.com\/blog\/#website"},"primaryImageOfPage":{"@id":"https:\/\/www.turismegarrigues.com\/blog\/4-propostes-per-gaudir-de-les-garrigues-aquesta-setmana-santa\/#primaryimage"},"image":{"@id":"https:\/\/www.turismegarrigues.com\/blog\/4-propostes-per-gaudir-de-les-garrigues-aquesta-setmana-santa\/#primaryimage"},"thumbnailUrl":"https:\/\/www.turismegarrigues.com\/blog\/wp-content\/uploads\/IMG_0188.jpg","datePublished":"2021-03-27T12:10:19+00:00","dateModified":"2021-03-27T12:11:46+00:00","author":{"@id":"https:\/\/www.turismegarrigues.com\/blog\/#\/schema\/person\/7ada9dce6475184bb0c0a652f29c9653"},"breadcrumb":{"@id":"https:\/\/www.turismegarrigues.com\/blog\/4-propostes-per-gaudir-de-les-garrigues-aquesta-setmana-santa\/#breadcrumb"},"inLanguage":"ca","potentialAction":[{"@type":"ReadAction","target":["https:\/\/www.turismegarrigues.com\/blog\/4-propostes-per-gaudir-de-les-garrigues-aquesta-setmana-santa\/"]}]},{"@type":"ImageObject","inLanguage":"ca","@id":"https:\/\/www.turismegarrigues.com\/blog\/4-propostes-per-gaudir-de-les-garrigues-aquesta-setmana-santa\/#primaryimage","url":"https:\/\/www.turismegarrigues.com\/blog\/wp-content\/uploads\/IMG_0188.jpg","contentUrl":"https:\/\/www.turismegarrigues.com\/blog\/wp-content\/uploads\/IMG_0188.jpg","width":1024,"height":683},{"@type":"BreadcrumbList","@id":"https:\/\/www.turismegarrigues.com\/blog\/4-propostes-per-gaudir-de-les-garrigues-aquesta-setmana-santa\/#breadcrumb","itemListElement":[{"@type":"ListItem","position":1,"name":"Inici","item":"https:\/\/www.turismegarrigues.com\/blog\/"},{"@type":"ListItem","position":2,"name":"4 propostes per gaudir de les Garrigues aquesta Setmana Santa"}]},{"@type":"WebSite","@id":"https:\/\/www.turismegarrigues.com\/blog\/#website","url":"https:\/\/www.turismegarrigues.com\/blog\/","name":"Turisme de les Garrigues","description":"Blog","potentialAction":[{"@type":"SearchAction","target":{"@type":"EntryPoint","urlTemplate":"https:\/\/www.turismegarrigues.com\/blog\/?s={search_term_string}"},"query-input":{"@type":"PropertyValueSpecification","valueRequired":true,"valueName":"search_term_string"}}],"inLanguage":"ca"},{"@type":"Person","@id":"https:\/\/www.turismegarrigues.com\/blog\/#\/schema\/person\/7ada9dce6475184bb0c0a652f29c9653","name":"turismegarrigues","image":{"@type":"ImageObject","inLanguage":"ca","@id":"https:\/\/www.turismegarrigues.com\/blog\/#\/schema\/person\/image\/","url":"https:\/\/secure.gravatar.com\/avatar\/2479dec683bf2f700ffae0009a0a72796d18201a99196df0e23b11ae9749e88e?s=96&d=mm&r=g","contentUrl":"https:\/\/secure.gravatar.com\/avatar\/2479dec683bf2f700ffae0009a0a72796d18201a99196df0e23b11ae9749e88e?s=96&d=mm&r=g","caption":"turismegarrigues"},"sameAs":["http:\/\/www.turismegarrigues.com\/"],"url":"https:\/\/www.turismegarrigues.com\/blog\/author\/turismegarrigues\/"}]}},"_links":{"self":[{"href":"https:\/\/www.turismegarrigues.com\/blog\/wp-json\/wp\/v2\/posts\/2405","targetHints":{"allow":["GET"]}}],"collection":[{"href":"https:\/\/www.turismegarrigues.com\/blog\/wp-json\/wp\/v2\/posts"}],"about":[{"href":"https:\/\/www.turismegarrigues.com\/blog\/wp-json\/wp\/v2\/types\/post"}],"author":[{"embeddable":true,"href":"https:\/\/www.turismegarrigues.com\/blog\/wp-json\/wp\/v2\/users\/2"}],"replies":[{"embeddable":true,"href":"https:\/\/www.turismegarrigues.com\/blog\/wp-json\/wp\/v2\/comments?post=2405"}],"version-history":[{"count":2,"href":"https:\/\/www.turismegarrigues.com\/blog\/wp-json\/wp\/v2\/posts\/2405\/revisions"}],"predecessor-version":[{"id":2409,"href":"https:\/\/www.turismegarrigues.com\/blog\/wp-json\/wp\/v2\/posts\/2405\/revisions\/2409"}],"wp:featuredmedia":[{"embeddable":true,"href":"https:\/\/www.turismegarrigues.com\/blog\/wp-json\/wp\/v2\/media\/2406"}],"wp:attachment":[{"href":"https:\/\/www.turismegarrigues.com\/blog\/wp-json\/wp\/v2\/media?parent=2405"}],"wp:term":[{"taxonomy":"category","embeddable":true,"href":"https:\/\/www.turismegarrigues.com\/blog\/wp-json\/wp\/v2\/categories?post=2405"},{"taxonomy":"post_tag","embeddable":true,"href":"https:\/\/www.turismegarrigues.com\/blog\/wp-json\/wp\/v2\/tags?post=2405"}],"curies":[{"name":"wp","href":"https:\/\/api.w.org\/{rel}","templated":true}]}}