{"id":2410,"date":"2021-03-30T17:10:06","date_gmt":"2021-03-30T16:10:06","guid":{"rendered":"https:\/\/www.turismegarrigues.com\/blog\/?p=2410"},"modified":"2021-03-30T17:10:08","modified_gmt":"2021-03-30T16:10:08","slug":"una-app-per-coneixer-lespluga-calba-a-traves-de-bandolers-i-cavallers","status":"publish","type":"post","link":"https:\/\/www.turismegarrigues.com\/blog\/una-app-per-coneixer-lespluga-calba-a-traves-de-bandolers-i-cavallers\/","title":{"rendered":"Una app per con\u00e8ixer l\u2019Espluga Calba a trav\u00e9s de bandolers i cavallers"},"content":{"rendered":"\n<p>L\u2019Ajuntament de l\u2019Espluga Calba ha publicat recentment l\u2019aplicaci\u00f3 per m\u00f2bil \u201c<strong>Bandolers i Cavallers<\/strong>\u201d basada en tecnologies de realitat augmentada i geolocalitzaci\u00f3 que explica una vella hist\u00f2ria d\u2019una manera nova. Descobrireu personatges modelats en 3D que parlen d\u2019uns fets que van tenir relaci\u00f3 amb la poblaci\u00f3 durant&nbsp; la primera part del segle XVIII.<\/p>\n\n\n\n<p>D\u2019una banda coneixereu els nobles, membres de l\u2019Orde de Malta, que amb la complicitat de l\u2019Esgl\u00e9sia, es lucraven del treball dels pagesos. D\u2019altra banda tindreu els bandolers als qui podreu considerar el bra\u00e7 armat dels \u00abs\u00fabdits\u00bb. Declarats oficialment bandolers i sediciosos per part de l\u2019autoritat borb\u00f2nica eren en realitat lluitadors austriacistes amb llarga traject\u00f2ria d\u2019enfrontaments amb l\u2019ex\u00e8rcit de Felip V. Les tensions i lluites entre poderosos i oprimits han derivat massa sovint en esclats de viol\u00e8ncia que han marcat la vida quotidiana d\u2019aquest territori.<\/p>\n\n\n\n<figure class=\"wp-block-embed is-type-video is-provider-youtube wp-block-embed-youtube wp-embed-aspect-16-9 wp-has-aspect-ratio\"><div class=\"wp-block-embed__wrapper\">\n<iframe loading=\"lazy\" title=\"Bandolers i Cavallers\" width=\"1200\" height=\"675\" src=\"https:\/\/www.youtube.com\/embed\/yyMI0YngG7o?start=17&#038;feature=oembed\" frameborder=\"0\" allow=\"accelerometer; autoplay; clipboard-write; encrypted-media; gyroscope; picture-in-picture\" allowfullscreen><\/iframe>\n<\/div><\/figure>\n\n\n\n<p>Han recuperat els noms i cognoms d\u2019aquests personatges hist\u00f2rics i ells us acompanyaran pels carrers de la vila, us explicaran coses, us faran preguntes, us proposaran reptes i tamb\u00e9 joc a trav\u00e9s d\u2019una ruta geolocalitzada i gamificada amb realitat augmentada per l\u2019Espluga Calba.<\/p>\n\n\n\n<p>Pots descarregar-te l\u2019aplicaci\u00f3 en els seg\u00fcents enlla\u00e7os:<\/p>\n\n\n\n<p><a href=\"https:\/\/play.google.com\/store\/apps\/details?id=com.PlayYourVirtualWorld.Rutas2iXR\">Android<\/a><\/p>\n\n\n\n<p><a href=\"https:\/\/apps.apple.com\/es\/app\/2ixr\/id1539333540?l=ca\">Iphone<\/a><\/p>\n","protected":false},"excerpt":{"rendered":"<p>L\u2019Ajuntament de l\u2019Espluga Calba ha publicat recentment l\u2019aplicaci\u00f3 per m\u00f2bil \u201cBandolers i Cavallers\u201d basada en tecnologies de realitat augmentada i geolocalitzaci\u00f3 que explica una vella hist\u00f2ria d\u2019una manera nova. Descobrireu personatges modelats en 3D que parlen d\u2019uns fets que van tenir relaci\u00f3 amb la poblaci\u00f3 durant&nbsp; la primera part del segle XVIII. D\u2019una banda coneixereu &#8230; <a title=\"Una app per con\u00e8ixer l\u2019Espluga Calba a trav\u00e9s de bandolers i cavallers\" class=\"read-more\" href=\"https:\/\/www.turismegarrigues.com\/blog\/una-app-per-coneixer-lespluga-calba-a-traves-de-bandolers-i-cavallers\/\" aria-label=\"M\u00e9s informaci\u00f3 sobre Una app per con\u00e8ixer l\u2019Espluga Calba a trav\u00e9s de bandolers i cavallers\">Llegiu m\u00e9s<\/a><\/p>\n","protected":false},"author":2,"featured_media":2411,"comment_status":"closed","ping_status":"closed","sticky":false,"template":"","format":"standard","meta":{"footnotes":""},"categories":[1],"tags":[],"class_list":["post-2410","post","type-post","status-publish","format-standard","has-post-thumbnail","hentry","category-turisme"],"yoast_head":"<!-- This site is optimized with the Yoast SEO plugin v24.4 - https:\/\/yoast.com\/wordpress\/plugins\/seo\/ -->\n<title>Una app per con\u00e8ixer l\u2019Espluga Calba a trav\u00e9s de bandolers i cavallers - Turisme de les Garrigues<\/title>\n<meta name=\"robots\" content=\"index, follow, max-snippet:-1, max-image-preview:large, max-video-preview:-1\" \/>\n<link rel=\"canonical\" href=\"https:\/\/www.turismegarrigues.com\/blog\/una-app-per-coneixer-lespluga-calba-a-traves-de-bandolers-i-cavallers\/\" \/>\n<meta property=\"og:locale\" content=\"ca_ES\" \/>\n<meta property=\"og:type\" content=\"article\" \/>\n<meta property=\"og:title\" content=\"Una app per con\u00e8ixer l\u2019Espluga Calba a trav\u00e9s de bandolers i cavallers - Turisme de les Garrigues\" \/>\n<meta property=\"og:description\" content=\"L\u2019Ajuntament de l\u2019Espluga Calba ha publicat recentment l\u2019aplicaci\u00f3 per m\u00f2bil \u201cBandolers i Cavallers\u201d basada en tecnologies de realitat augmentada i geolocalitzaci\u00f3 que explica una vella hist\u00f2ria d\u2019una manera nova. Descobrireu personatges modelats en 3D que parlen d\u2019uns fets que van tenir relaci\u00f3 amb la poblaci\u00f3 durant&nbsp; la primera part del segle XVIII. D\u2019una banda coneixereu ... Llegiu m\u00e9s\" \/>\n<meta property=\"og:url\" content=\"https:\/\/www.turismegarrigues.com\/blog\/una-app-per-coneixer-lespluga-calba-a-traves-de-bandolers-i-cavallers\/\" \/>\n<meta property=\"og:site_name\" content=\"Turisme de les Garrigues\" \/>\n<meta property=\"article:published_time\" content=\"2021-03-30T16:10:06+00:00\" \/>\n<meta property=\"article:modified_time\" content=\"2021-03-30T16:10:08+00:00\" \/>\n<meta property=\"og:image\" content=\"https:\/\/www.turismegarrigues.com\/blog\/wp-content\/uploads\/ExZJ4F-WEAAmZmV.jpeg\" \/>\n\t<meta property=\"og:image:width\" content=\"1024\" \/>\n\t<meta property=\"og:image:height\" content=\"698\" \/>\n\t<meta property=\"og:image:type\" content=\"image\/jpeg\" \/>\n<meta name=\"author\" content=\"turismegarrigues\" \/>\n<meta name=\"twitter:card\" content=\"summary_large_image\" \/>\n<meta name=\"twitter:label1\" content=\"Escrit per\" \/>\n\t<meta name=\"twitter:data1\" content=\"turismegarrigues\" \/>\n\t<meta name=\"twitter:label2\" content=\"Temps estimat de lectura\" \/>\n\t<meta name=\"twitter:data2\" content=\"1 minut\" \/>\n<script type=\"application\/ld+json\" class=\"yoast-schema-graph\">{\"@context\":\"https:\/\/schema.org\",\"@graph\":[{\"@type\":\"WebPage\",\"@id\":\"https:\/\/www.turismegarrigues.com\/blog\/una-app-per-coneixer-lespluga-calba-a-traves-de-bandolers-i-cavallers\/\",\"url\":\"https:\/\/www.turismegarrigues.com\/blog\/una-app-per-coneixer-lespluga-calba-a-traves-de-bandolers-i-cavallers\/\",\"name\":\"Una app per con\u00e8ixer l\u2019Espluga Calba a trav\u00e9s de bandolers i cavallers - Turisme de les Garrigues\",\"isPartOf\":{\"@id\":\"https:\/\/www.turismegarrigues.com\/blog\/#website\"},\"primaryImageOfPage\":{\"@id\":\"https:\/\/www.turismegarrigues.com\/blog\/una-app-per-coneixer-lespluga-calba-a-traves-de-bandolers-i-cavallers\/#primaryimage\"},\"image\":{\"@id\":\"https:\/\/www.turismegarrigues.com\/blog\/una-app-per-coneixer-lespluga-calba-a-traves-de-bandolers-i-cavallers\/#primaryimage\"},\"thumbnailUrl\":\"https:\/\/www.turismegarrigues.com\/blog\/wp-content\/uploads\/ExZJ4F-WEAAmZmV.jpeg\",\"datePublished\":\"2021-03-30T16:10:06+00:00\",\"dateModified\":\"2021-03-30T16:10:08+00:00\",\"author\":{\"@id\":\"https:\/\/www.turismegarrigues.com\/blog\/#\/schema\/person\/7ada9dce6475184bb0c0a652f29c9653\"},\"breadcrumb\":{\"@id\":\"https:\/\/www.turismegarrigues.com\/blog\/una-app-per-coneixer-lespluga-calba-a-traves-de-bandolers-i-cavallers\/#breadcrumb\"},\"inLanguage\":\"ca\",\"potentialAction\":[{\"@type\":\"ReadAction\",\"target\":[\"https:\/\/www.turismegarrigues.com\/blog\/una-app-per-coneixer-lespluga-calba-a-traves-de-bandolers-i-cavallers\/\"]}]},{\"@type\":\"ImageObject\",\"inLanguage\":\"ca\",\"@id\":\"https:\/\/www.turismegarrigues.com\/blog\/una-app-per-coneixer-lespluga-calba-a-traves-de-bandolers-i-cavallers\/#primaryimage\",\"url\":\"https:\/\/www.turismegarrigues.com\/blog\/wp-content\/uploads\/ExZJ4F-WEAAmZmV.jpeg\",\"contentUrl\":\"https:\/\/www.turismegarrigues.com\/blog\/wp-content\/uploads\/ExZJ4F-WEAAmZmV.jpeg\",\"width\":1024,\"height\":698},{\"@type\":\"BreadcrumbList\",\"@id\":\"https:\/\/www.turismegarrigues.com\/blog\/una-app-per-coneixer-lespluga-calba-a-traves-de-bandolers-i-cavallers\/#breadcrumb\",\"itemListElement\":[{\"@type\":\"ListItem\",\"position\":1,\"name\":\"Inici\",\"item\":\"https:\/\/www.turismegarrigues.com\/blog\/\"},{\"@type\":\"ListItem\",\"position\":2,\"name\":\"Una app per con\u00e8ixer l\u2019Espluga Calba a trav\u00e9s de bandolers i cavallers\"}]},{\"@type\":\"WebSite\",\"@id\":\"https:\/\/www.turismegarrigues.com\/blog\/#website\",\"url\":\"https:\/\/www.turismegarrigues.com\/blog\/\",\"name\":\"Turisme de les Garrigues\",\"description\":\"Blog\",\"potentialAction\":[{\"@type\":\"SearchAction\",\"target\":{\"@type\":\"EntryPoint\",\"urlTemplate\":\"https:\/\/www.turismegarrigues.com\/blog\/?s={search_term_string}\"},\"query-input\":{\"@type\":\"PropertyValueSpecification\",\"valueRequired\":true,\"valueName\":\"search_term_string\"}}],\"inLanguage\":\"ca\"},{\"@type\":\"Person\",\"@id\":\"https:\/\/www.turismegarrigues.com\/blog\/#\/schema\/person\/7ada9dce6475184bb0c0a652f29c9653\",\"name\":\"turismegarrigues\",\"image\":{\"@type\":\"ImageObject\",\"inLanguage\":\"ca\",\"@id\":\"https:\/\/www.turismegarrigues.com\/blog\/#\/schema\/person\/image\/\",\"url\":\"https:\/\/secure.gravatar.com\/avatar\/2479dec683bf2f700ffae0009a0a72796d18201a99196df0e23b11ae9749e88e?s=96&d=mm&r=g\",\"contentUrl\":\"https:\/\/secure.gravatar.com\/avatar\/2479dec683bf2f700ffae0009a0a72796d18201a99196df0e23b11ae9749e88e?s=96&d=mm&r=g\",\"caption\":\"turismegarrigues\"},\"sameAs\":[\"http:\/\/www.turismegarrigues.com\/\"],\"url\":\"https:\/\/www.turismegarrigues.com\/blog\/author\/turismegarrigues\/\"}]}<\/script>\n<!-- \/ Yoast SEO plugin. -->","yoast_head_json":{"title":"Una app per con\u00e8ixer l\u2019Espluga Calba a trav\u00e9s de bandolers i cavallers - Turisme de les Garrigues","robots":{"index":"index","follow":"follow","max-snippet":"max-snippet:-1","max-image-preview":"max-image-preview:large","max-video-preview":"max-video-preview:-1"},"canonical":"https:\/\/www.turismegarrigues.com\/blog\/una-app-per-coneixer-lespluga-calba-a-traves-de-bandolers-i-cavallers\/","og_locale":"ca_ES","og_type":"article","og_title":"Una app per con\u00e8ixer l\u2019Espluga Calba a trav\u00e9s de bandolers i cavallers - Turisme de les Garrigues","og_description":"L\u2019Ajuntament de l\u2019Espluga Calba ha publicat recentment l\u2019aplicaci\u00f3 per m\u00f2bil \u201cBandolers i Cavallers\u201d basada en tecnologies de realitat augmentada i geolocalitzaci\u00f3 que explica una vella hist\u00f2ria d\u2019una manera nova. Descobrireu personatges modelats en 3D que parlen d\u2019uns fets que van tenir relaci\u00f3 amb la poblaci\u00f3 durant&nbsp; la primera part del segle XVIII. D\u2019una banda coneixereu ... Llegiu m\u00e9s","og_url":"https:\/\/www.turismegarrigues.com\/blog\/una-app-per-coneixer-lespluga-calba-a-traves-de-bandolers-i-cavallers\/","og_site_name":"Turisme de les Garrigues","article_published_time":"2021-03-30T16:10:06+00:00","article_modified_time":"2021-03-30T16:10:08+00:00","og_image":[{"width":1024,"height":698,"url":"https:\/\/www.turismegarrigues.com\/blog\/wp-content\/uploads\/ExZJ4F-WEAAmZmV.jpeg","type":"image\/jpeg"}],"author":"turismegarrigues","twitter_card":"summary_large_image","twitter_misc":{"Escrit per":"turismegarrigues","Temps estimat de lectura":"1 minut"},"schema":{"@context":"https:\/\/schema.org","@graph":[{"@type":"WebPage","@id":"https:\/\/www.turismegarrigues.com\/blog\/una-app-per-coneixer-lespluga-calba-a-traves-de-bandolers-i-cavallers\/","url":"https:\/\/www.turismegarrigues.com\/blog\/una-app-per-coneixer-lespluga-calba-a-traves-de-bandolers-i-cavallers\/","name":"Una app per con\u00e8ixer l\u2019Espluga Calba a trav\u00e9s de bandolers i cavallers - Turisme de les Garrigues","isPartOf":{"@id":"https:\/\/www.turismegarrigues.com\/blog\/#website"},"primaryImageOfPage":{"@id":"https:\/\/www.turismegarrigues.com\/blog\/una-app-per-coneixer-lespluga-calba-a-traves-de-bandolers-i-cavallers\/#primaryimage"},"image":{"@id":"https:\/\/www.turismegarrigues.com\/blog\/una-app-per-coneixer-lespluga-calba-a-traves-de-bandolers-i-cavallers\/#primaryimage"},"thumbnailUrl":"https:\/\/www.turismegarrigues.com\/blog\/wp-content\/uploads\/ExZJ4F-WEAAmZmV.jpeg","datePublished":"2021-03-30T16:10:06+00:00","dateModified":"2021-03-30T16:10:08+00:00","author":{"@id":"https:\/\/www.turismegarrigues.com\/blog\/#\/schema\/person\/7ada9dce6475184bb0c0a652f29c9653"},"breadcrumb":{"@id":"https:\/\/www.turismegarrigues.com\/blog\/una-app-per-coneixer-lespluga-calba-a-traves-de-bandolers-i-cavallers\/#breadcrumb"},"inLanguage":"ca","potentialAction":[{"@type":"ReadAction","target":["https:\/\/www.turismegarrigues.com\/blog\/una-app-per-coneixer-lespluga-calba-a-traves-de-bandolers-i-cavallers\/"]}]},{"@type":"ImageObject","inLanguage":"ca","@id":"https:\/\/www.turismegarrigues.com\/blog\/una-app-per-coneixer-lespluga-calba-a-traves-de-bandolers-i-cavallers\/#primaryimage","url":"https:\/\/www.turismegarrigues.com\/blog\/wp-content\/uploads\/ExZJ4F-WEAAmZmV.jpeg","contentUrl":"https:\/\/www.turismegarrigues.com\/blog\/wp-content\/uploads\/ExZJ4F-WEAAmZmV.jpeg","width":1024,"height":698},{"@type":"BreadcrumbList","@id":"https:\/\/www.turismegarrigues.com\/blog\/una-app-per-coneixer-lespluga-calba-a-traves-de-bandolers-i-cavallers\/#breadcrumb","itemListElement":[{"@type":"ListItem","position":1,"name":"Inici","item":"https:\/\/www.turismegarrigues.com\/blog\/"},{"@type":"ListItem","position":2,"name":"Una app per con\u00e8ixer l\u2019Espluga Calba a trav\u00e9s de bandolers i cavallers"}]},{"@type":"WebSite","@id":"https:\/\/www.turismegarrigues.com\/blog\/#website","url":"https:\/\/www.turismegarrigues.com\/blog\/","name":"Turisme de les Garrigues","description":"Blog","potentialAction":[{"@type":"SearchAction","target":{"@type":"EntryPoint","urlTemplate":"https:\/\/www.turismegarrigues.com\/blog\/?s={search_term_string}"},"query-input":{"@type":"PropertyValueSpecification","valueRequired":true,"valueName":"search_term_string"}}],"inLanguage":"ca"},{"@type":"Person","@id":"https:\/\/www.turismegarrigues.com\/blog\/#\/schema\/person\/7ada9dce6475184bb0c0a652f29c9653","name":"turismegarrigues","image":{"@type":"ImageObject","inLanguage":"ca","@id":"https:\/\/www.turismegarrigues.com\/blog\/#\/schema\/person\/image\/","url":"https:\/\/secure.gravatar.com\/avatar\/2479dec683bf2f700ffae0009a0a72796d18201a99196df0e23b11ae9749e88e?s=96&d=mm&r=g","contentUrl":"https:\/\/secure.gravatar.com\/avatar\/2479dec683bf2f700ffae0009a0a72796d18201a99196df0e23b11ae9749e88e?s=96&d=mm&r=g","caption":"turismegarrigues"},"sameAs":["http:\/\/www.turismegarrigues.com\/"],"url":"https:\/\/www.turismegarrigues.com\/blog\/author\/turismegarrigues\/"}]}},"_links":{"self":[{"href":"https:\/\/www.turismegarrigues.com\/blog\/wp-json\/wp\/v2\/posts\/2410","targetHints":{"allow":["GET"]}}],"collection":[{"href":"https:\/\/www.turismegarrigues.com\/blog\/wp-json\/wp\/v2\/posts"}],"about":[{"href":"https:\/\/www.turismegarrigues.com\/blog\/wp-json\/wp\/v2\/types\/post"}],"author":[{"embeddable":true,"href":"https:\/\/www.turismegarrigues.com\/blog\/wp-json\/wp\/v2\/users\/2"}],"replies":[{"embeddable":true,"href":"https:\/\/www.turismegarrigues.com\/blog\/wp-json\/wp\/v2\/comments?post=2410"}],"version-history":[{"count":1,"href":"https:\/\/www.turismegarrigues.com\/blog\/wp-json\/wp\/v2\/posts\/2410\/revisions"}],"predecessor-version":[{"id":2413,"href":"https:\/\/www.turismegarrigues.com\/blog\/wp-json\/wp\/v2\/posts\/2410\/revisions\/2413"}],"wp:featuredmedia":[{"embeddable":true,"href":"https:\/\/www.turismegarrigues.com\/blog\/wp-json\/wp\/v2\/media\/2411"}],"wp:attachment":[{"href":"https:\/\/www.turismegarrigues.com\/blog\/wp-json\/wp\/v2\/media?parent=2410"}],"wp:term":[{"taxonomy":"category","embeddable":true,"href":"https:\/\/www.turismegarrigues.com\/blog\/wp-json\/wp\/v2\/categories?post=2410"},{"taxonomy":"post_tag","embeddable":true,"href":"https:\/\/www.turismegarrigues.com\/blog\/wp-json\/wp\/v2\/tags?post=2410"}],"curies":[{"name":"wp","href":"https:\/\/api.w.org\/{rel}","templated":true}]}}