{"id":2509,"date":"2022-01-17T18:35:17","date_gmt":"2022-01-17T17:35:17","guid":{"rendered":"https:\/\/www.turismegarrigues.com\/blog\/?p=2509"},"modified":"2022-01-18T09:14:31","modified_gmt":"2022-01-18T08:14:31","slug":"3-cooperatives-modernistes-de-les-garrigues","status":"publish","type":"post","link":"https:\/\/www.turismegarrigues.com\/blog\/3-cooperatives-modernistes-de-les-garrigues\/","title":{"rendered":"3 cooperatives modernistes de les Garrigues"},"content":{"rendered":"\n<p>La comarca de les Garrigues \u00e9s coneguda pel seu oli d\u2019oliva verge extra, entre moltes altres coses. L\u2019oli elaborat amb olives arbequines a la nostra terra est\u00e0 acreditat entre un dels millors olis del m\u00f3n, a causa del seu baix grau d\u2019acidesa (0\u20192\u00ba ) i la majoria de pobles de la comarca en produeix a la cooperativa.<\/p>\n\n\n\n<p>La construcci\u00f3 o renovaci\u00f3 d\u2019algunes <strong>cooperatives<\/strong> a principis del segle XX coincideix amb l\u2019eclosi\u00f3 del modernisme, que impulsa des de la ciutat canvis t\u00e8cnics i art\u00edstics que es van comen\u00e7ar a aplicar en <strong>cellers i cooperatives d\u2019oli<\/strong>, com \u00e9s el cas d\u2019aquestes tres que hi ha a la comarca de <strong>les Garrigues<\/strong>:<\/p>\n\n\n\n<ol class=\"wp-block-list\"><li><strong><a href=\"https:\/\/www.agricolaalbi.es\/la-cooperativa\/\">COOPERATIVA AGR\u00cdCOLA DE L&#8217;ALBI<\/a><\/strong><\/li><\/ol>\n\n\n\n<p>La <strong>Cooperativa de l\u2019Albi<\/strong> va ser fundada el 1919. Actualment, amb el nom de <strong>Cooperativa Agr\u00edcola de l\u2019Albi<\/strong>, es dediquen a l\u2019elaboraci\u00f3 i envasat de l\u2019oli d\u2019oliva verge extra amb <strong>Denominaci\u00f3 d\u2019Origen Protegida Les Garrigues<\/strong>.<\/p>\n\n\n\n<p>Per a dur a terme aquesta activitat compten amb un nou mol\u00ed de dues fases instal\u00b7lat des de l\u2019any 1995. Fins aleshores, tamb\u00e9 va funcionar com a celler, tot i que en l\u2019actualitat el ra\u00efm produ\u00eft pels seus pagesos es ven directament a altres cellers.<\/p>\n\n\n\n<p>La construcci\u00f3 central de la cooperativa \u00e9s obra de l\u2019arquitecte <strong>C\u00e8sar Martinel<\/strong>l, deixeble de Gaud\u00ed. Es tracta d\u2019un edifici modernista de dues plantes de coberta amb dues aig\u00fces sobre estructura de fusta.<\/p>\n\n\n\n<figure class=\"wp-block-image size-full\"><img loading=\"lazy\" decoding=\"async\" width=\"1024\" height=\"520\" src=\"https:\/\/www.turismegarrigues.com\/blog\/wp-content\/uploads\/Cooperativa-Albi-Slide-Territori.jpg\" alt=\"\" class=\"wp-image-2513\" srcset=\"https:\/\/www.turismegarrigues.com\/blog\/wp-content\/uploads\/Cooperativa-Albi-Slide-Territori.jpg 1024w, https:\/\/www.turismegarrigues.com\/blog\/wp-content\/uploads\/Cooperativa-Albi-Slide-Territori-300x152.jpg 300w, https:\/\/www.turismegarrigues.com\/blog\/wp-content\/uploads\/Cooperativa-Albi-Slide-Territori-768x390.jpg 768w\" sizes=\"auto, (max-width: 1024px) 100vw, 1024px\" \/><\/figure>\n\n\n\n<p><br><\/p>\n\n\n\n<p><a href=\"https:\/\/www.arbequina.coop\/ca\/cooperativa-2\/la-nostra-cooperativa\/\"><strong>2. COOPERATIVA ARBEQUINA D\u2019ARBECA<\/strong><\/a><\/p>\n\n\n\n<p>L\u2019origen de la fundaci\u00f3 del<strong> Sindicat Agr\u00edcola l\u2019Oliva Arbequina <\/strong>es remunta a principis del segle XX quan els 10 antics molins d\u2019oli, propietat de particulars, que funcionaven a la vila amb velles premses de fusta, van quedar arraconats per in\u00fatils en apar\u00e8ixer les premses hidr\u00e0uliques mogudes per l\u2019energia el\u00e8ctrica.<\/p>\n\n\n\n<p>A principis de l\u2019any 1919 un grup de pagesos socis del <strong>Centre Uni\u00f3 Republicana<\/strong> van prendre la decisi\u00f3 de crear un <strong>Sindicat Cooperatiu<\/strong> per tal de poder molturar les seves produccions olivareres sense haver de dependre dels comerciants que proliferaven pel poble com a corredors dels nous molins que s\u2019havien instal\u00b7lat a les Borges Blanques recentment.<\/p>\n\n\n\n<p>Llavors es va comprar el solar, tenint en compte la seva ubicaci\u00f3 a peu de carretera i el desnivell del terreny. Es va encarregar el projecte de l\u2019edifici a l\u2019eminent arquitecte <strong>C\u00e8sar Martinell<\/strong> per la seva reconeguda fama com a autor de diverses cooperatives vin\u00edcoles, especialment a la prov\u00edncia de Tarragona.<\/p>\n\n\n\n<figure class=\"wp-block-image\"><img decoding=\"async\" src=\"https:\/\/lh4.googleusercontent.com\/PtpQMsuDynAqtRAPauVnVd9HDa2N0y8aOIHzFvpLLWFs73v0IC5YXL1rKpuiO-T645IDTGeJqVXrB2Mhz3NUeg027MnTW_JBdi3t_-Fa9I2D567AIeaRy3sIODdokO74YoSI5q8z\" alt=\"\"\/><\/figure>\n\n\n\n<p><a href=\"https:\/\/www.coopelsoleras.es\/\"><strong>3. COOPERATIVA AGR\u00cdCOLA DEL SOLER\u00c0S<\/strong><\/a><\/p>\n\n\n\n<p>L&#8217;edifici de la <strong>Cooperativa del Soler\u00e0s<\/strong> \u00e9s obra del genial arquitecte <strong>C\u00e8sar Martinell<\/strong>. \u00c9s un petit edifici de planta rectangular destinat \u00edntegrament a mol\u00ed d&#8217;oli i pensat per allotjar-hi sis premses.<\/p>\n\n\n\n<p>Es va aprofitar un canvi de rasant del terreny per aconseguir que la planta del soterrani fos accessible directament des del carrer, igual que la part superior, que \u00e9s accessible per la porta situada a la fa\u00e7ana principal.<\/p>\n\n\n\n<p>La distribuci\u00f3 de l&#8217;edifici es va dissenyar nom\u00e9s per dur-hi a terme la producci\u00f3 de l&#8217;oli. La planta superior era una \u00fanica sala destinada a rebre i a pesar les olives, despr\u00e9s passaven a la part inferior, on eren moltes, premsades i per decantaci\u00f3 se separava l&#8217;oli dels altres components de les olives; l&#8217;oli resultant s&#8217;emmagatzemava en dip\u00f2sits soterrats anomenats trulls o cups.<\/p>\n\n\n\n<p>Des de la seva construcci\u00f3 fins al dia d&#8217;avui la Cooperativa ha sofert nombrosos canvis estructurals per adaptar-la a les noves necessitats i formes de producci\u00f3. Aix\u00ed, per exemple, la planta superior actualment est\u00e0 dividida en m\u00faltiples sales que s\u00f3n ocupades per les oficines, per la botiga de la secci\u00f3 de consum, pel magatzem dels productes fitosanitaris, per les sitges, on s&#8217;emmagatzemen els cereals quan arriben del camp, etc.<\/p>\n\n\n\n<figure class=\"wp-block-image\"><img decoding=\"async\" src=\"https:\/\/lh4.googleusercontent.com\/1NxzLYJrDaiEca7fYId-SApLXNcPBGfofNbra0wyMpNNrs-YOSUGtNKtlVeRlWMF-xvRrs2iOyHNKyM6Cy3cgsTPjRJ0RETWUrIUma-_iPZ7tqtiip7BqiY9wN0vL4E0iz4633HG\" alt=\"\"\/><\/figure>\n\n\n\n<p>Us esperem a les Garrigues, on podreu gaudir del nostre oli i de l\u2019arquitectura de les nostres cooperatives.<\/p>\n","protected":false},"excerpt":{"rendered":"<p>La comarca de les Garrigues \u00e9s coneguda pel seu oli d\u2019oliva verge extra, entre moltes altres coses. L\u2019oli elaborat amb olives arbequines a la nostra terra est\u00e0 acreditat entre un dels millors olis del m\u00f3n, a causa del seu baix grau d\u2019acidesa (0\u20192\u00ba ) i la majoria de pobles de la comarca en produeix a &#8230; <a title=\"3 cooperatives modernistes de les Garrigues\" class=\"read-more\" href=\"https:\/\/www.turismegarrigues.com\/blog\/3-cooperatives-modernistes-de-les-garrigues\/\" aria-label=\"M\u00e9s informaci\u00f3 sobre 3 cooperatives modernistes de les Garrigues\">Llegiu m\u00e9s<\/a><\/p>\n","protected":false},"author":2,"featured_media":2510,"comment_status":"closed","ping_status":"closed","sticky":false,"template":"","format":"standard","meta":{"footnotes":""},"categories":[1],"tags":[68,69,38],"class_list":["post-2509","post","type-post","status-publish","format-standard","has-post-thumbnail","hentry","category-turisme","tag-cooperatives","tag-cooperatives-modernistes","tag-les-garrigues"],"yoast_head":"<!-- This site is optimized with the Yoast SEO plugin v24.4 - https:\/\/yoast.com\/wordpress\/plugins\/seo\/ -->\n<title>3 cooperatives modernistes de les Garrigues - Turisme de les Garrigues<\/title>\n<meta name=\"robots\" content=\"index, follow, max-snippet:-1, max-image-preview:large, max-video-preview:-1\" \/>\n<link rel=\"canonical\" href=\"https:\/\/www.turismegarrigues.com\/blog\/3-cooperatives-modernistes-de-les-garrigues\/\" \/>\n<meta property=\"og:locale\" content=\"ca_ES\" \/>\n<meta property=\"og:type\" content=\"article\" \/>\n<meta property=\"og:title\" content=\"3 cooperatives modernistes de les Garrigues - Turisme de les Garrigues\" \/>\n<meta property=\"og:description\" content=\"La comarca de les Garrigues \u00e9s coneguda pel seu oli d\u2019oliva verge extra, entre moltes altres coses. L\u2019oli elaborat amb olives arbequines a la nostra terra est\u00e0 acreditat entre un dels millors olis del m\u00f3n, a causa del seu baix grau d\u2019acidesa (0\u20192\u00ba ) i la majoria de pobles de la comarca en produeix a ... Llegiu m\u00e9s\" \/>\n<meta property=\"og:url\" content=\"https:\/\/www.turismegarrigues.com\/blog\/3-cooperatives-modernistes-de-les-garrigues\/\" \/>\n<meta property=\"og:site_name\" content=\"Turisme de les Garrigues\" \/>\n<meta property=\"article:published_time\" content=\"2022-01-17T17:35:17+00:00\" \/>\n<meta property=\"article:modified_time\" content=\"2022-01-18T08:14:31+00:00\" \/>\n<meta property=\"og:image\" content=\"https:\/\/www.turismegarrigues.com\/blog\/wp-content\/uploads\/CooperativaArbeca02.jpg\" \/>\n\t<meta property=\"og:image:width\" content=\"1024\" \/>\n\t<meta property=\"og:image:height\" content=\"768\" \/>\n\t<meta property=\"og:image:type\" content=\"image\/jpeg\" \/>\n<meta name=\"author\" content=\"turismegarrigues\" \/>\n<meta name=\"twitter:card\" content=\"summary_large_image\" \/>\n<meta name=\"twitter:label1\" content=\"Escrit per\" \/>\n\t<meta name=\"twitter:data1\" content=\"turismegarrigues\" \/>\n\t<meta name=\"twitter:label2\" content=\"Temps estimat de lectura\" \/>\n\t<meta name=\"twitter:data2\" content=\"4 minuts\" \/>\n<script type=\"application\/ld+json\" class=\"yoast-schema-graph\">{\"@context\":\"https:\/\/schema.org\",\"@graph\":[{\"@type\":\"WebPage\",\"@id\":\"https:\/\/www.turismegarrigues.com\/blog\/3-cooperatives-modernistes-de-les-garrigues\/\",\"url\":\"https:\/\/www.turismegarrigues.com\/blog\/3-cooperatives-modernistes-de-les-garrigues\/\",\"name\":\"3 cooperatives modernistes de les Garrigues - Turisme de les Garrigues\",\"isPartOf\":{\"@id\":\"https:\/\/www.turismegarrigues.com\/blog\/#website\"},\"primaryImageOfPage\":{\"@id\":\"https:\/\/www.turismegarrigues.com\/blog\/3-cooperatives-modernistes-de-les-garrigues\/#primaryimage\"},\"image\":{\"@id\":\"https:\/\/www.turismegarrigues.com\/blog\/3-cooperatives-modernistes-de-les-garrigues\/#primaryimage\"},\"thumbnailUrl\":\"https:\/\/www.turismegarrigues.com\/blog\/wp-content\/uploads\/CooperativaArbeca02.jpg\",\"datePublished\":\"2022-01-17T17:35:17+00:00\",\"dateModified\":\"2022-01-18T08:14:31+00:00\",\"author\":{\"@id\":\"https:\/\/www.turismegarrigues.com\/blog\/#\/schema\/person\/7ada9dce6475184bb0c0a652f29c9653\"},\"breadcrumb\":{\"@id\":\"https:\/\/www.turismegarrigues.com\/blog\/3-cooperatives-modernistes-de-les-garrigues\/#breadcrumb\"},\"inLanguage\":\"ca\",\"potentialAction\":[{\"@type\":\"ReadAction\",\"target\":[\"https:\/\/www.turismegarrigues.com\/blog\/3-cooperatives-modernistes-de-les-garrigues\/\"]}]},{\"@type\":\"ImageObject\",\"inLanguage\":\"ca\",\"@id\":\"https:\/\/www.turismegarrigues.com\/blog\/3-cooperatives-modernistes-de-les-garrigues\/#primaryimage\",\"url\":\"https:\/\/www.turismegarrigues.com\/blog\/wp-content\/uploads\/CooperativaArbeca02.jpg\",\"contentUrl\":\"https:\/\/www.turismegarrigues.com\/blog\/wp-content\/uploads\/CooperativaArbeca02.jpg\",\"width\":1024,\"height\":768},{\"@type\":\"BreadcrumbList\",\"@id\":\"https:\/\/www.turismegarrigues.com\/blog\/3-cooperatives-modernistes-de-les-garrigues\/#breadcrumb\",\"itemListElement\":[{\"@type\":\"ListItem\",\"position\":1,\"name\":\"Inici\",\"item\":\"https:\/\/www.turismegarrigues.com\/blog\/\"},{\"@type\":\"ListItem\",\"position\":2,\"name\":\"3 cooperatives modernistes de les Garrigues\"}]},{\"@type\":\"WebSite\",\"@id\":\"https:\/\/www.turismegarrigues.com\/blog\/#website\",\"url\":\"https:\/\/www.turismegarrigues.com\/blog\/\",\"name\":\"Turisme de les Garrigues\",\"description\":\"Blog\",\"potentialAction\":[{\"@type\":\"SearchAction\",\"target\":{\"@type\":\"EntryPoint\",\"urlTemplate\":\"https:\/\/www.turismegarrigues.com\/blog\/?s={search_term_string}\"},\"query-input\":{\"@type\":\"PropertyValueSpecification\",\"valueRequired\":true,\"valueName\":\"search_term_string\"}}],\"inLanguage\":\"ca\"},{\"@type\":\"Person\",\"@id\":\"https:\/\/www.turismegarrigues.com\/blog\/#\/schema\/person\/7ada9dce6475184bb0c0a652f29c9653\",\"name\":\"turismegarrigues\",\"image\":{\"@type\":\"ImageObject\",\"inLanguage\":\"ca\",\"@id\":\"https:\/\/www.turismegarrigues.com\/blog\/#\/schema\/person\/image\/\",\"url\":\"https:\/\/secure.gravatar.com\/avatar\/2479dec683bf2f700ffae0009a0a72796d18201a99196df0e23b11ae9749e88e?s=96&d=mm&r=g\",\"contentUrl\":\"https:\/\/secure.gravatar.com\/avatar\/2479dec683bf2f700ffae0009a0a72796d18201a99196df0e23b11ae9749e88e?s=96&d=mm&r=g\",\"caption\":\"turismegarrigues\"},\"sameAs\":[\"http:\/\/www.turismegarrigues.com\/\"],\"url\":\"https:\/\/www.turismegarrigues.com\/blog\/author\/turismegarrigues\/\"}]}<\/script>\n<!-- \/ Yoast SEO plugin. -->","yoast_head_json":{"title":"3 cooperatives modernistes de les Garrigues - Turisme de les Garrigues","robots":{"index":"index","follow":"follow","max-snippet":"max-snippet:-1","max-image-preview":"max-image-preview:large","max-video-preview":"max-video-preview:-1"},"canonical":"https:\/\/www.turismegarrigues.com\/blog\/3-cooperatives-modernistes-de-les-garrigues\/","og_locale":"ca_ES","og_type":"article","og_title":"3 cooperatives modernistes de les Garrigues - Turisme de les Garrigues","og_description":"La comarca de les Garrigues \u00e9s coneguda pel seu oli d\u2019oliva verge extra, entre moltes altres coses. L\u2019oli elaborat amb olives arbequines a la nostra terra est\u00e0 acreditat entre un dels millors olis del m\u00f3n, a causa del seu baix grau d\u2019acidesa (0\u20192\u00ba ) i la majoria de pobles de la comarca en produeix a ... Llegiu m\u00e9s","og_url":"https:\/\/www.turismegarrigues.com\/blog\/3-cooperatives-modernistes-de-les-garrigues\/","og_site_name":"Turisme de les Garrigues","article_published_time":"2022-01-17T17:35:17+00:00","article_modified_time":"2022-01-18T08:14:31+00:00","og_image":[{"width":1024,"height":768,"url":"https:\/\/www.turismegarrigues.com\/blog\/wp-content\/uploads\/CooperativaArbeca02.jpg","type":"image\/jpeg"}],"author":"turismegarrigues","twitter_card":"summary_large_image","twitter_misc":{"Escrit per":"turismegarrigues","Temps estimat de lectura":"4 minuts"},"schema":{"@context":"https:\/\/schema.org","@graph":[{"@type":"WebPage","@id":"https:\/\/www.turismegarrigues.com\/blog\/3-cooperatives-modernistes-de-les-garrigues\/","url":"https:\/\/www.turismegarrigues.com\/blog\/3-cooperatives-modernistes-de-les-garrigues\/","name":"3 cooperatives modernistes de les Garrigues - Turisme de les Garrigues","isPartOf":{"@id":"https:\/\/www.turismegarrigues.com\/blog\/#website"},"primaryImageOfPage":{"@id":"https:\/\/www.turismegarrigues.com\/blog\/3-cooperatives-modernistes-de-les-garrigues\/#primaryimage"},"image":{"@id":"https:\/\/www.turismegarrigues.com\/blog\/3-cooperatives-modernistes-de-les-garrigues\/#primaryimage"},"thumbnailUrl":"https:\/\/www.turismegarrigues.com\/blog\/wp-content\/uploads\/CooperativaArbeca02.jpg","datePublished":"2022-01-17T17:35:17+00:00","dateModified":"2022-01-18T08:14:31+00:00","author":{"@id":"https:\/\/www.turismegarrigues.com\/blog\/#\/schema\/person\/7ada9dce6475184bb0c0a652f29c9653"},"breadcrumb":{"@id":"https:\/\/www.turismegarrigues.com\/blog\/3-cooperatives-modernistes-de-les-garrigues\/#breadcrumb"},"inLanguage":"ca","potentialAction":[{"@type":"ReadAction","target":["https:\/\/www.turismegarrigues.com\/blog\/3-cooperatives-modernistes-de-les-garrigues\/"]}]},{"@type":"ImageObject","inLanguage":"ca","@id":"https:\/\/www.turismegarrigues.com\/blog\/3-cooperatives-modernistes-de-les-garrigues\/#primaryimage","url":"https:\/\/www.turismegarrigues.com\/blog\/wp-content\/uploads\/CooperativaArbeca02.jpg","contentUrl":"https:\/\/www.turismegarrigues.com\/blog\/wp-content\/uploads\/CooperativaArbeca02.jpg","width":1024,"height":768},{"@type":"BreadcrumbList","@id":"https:\/\/www.turismegarrigues.com\/blog\/3-cooperatives-modernistes-de-les-garrigues\/#breadcrumb","itemListElement":[{"@type":"ListItem","position":1,"name":"Inici","item":"https:\/\/www.turismegarrigues.com\/blog\/"},{"@type":"ListItem","position":2,"name":"3 cooperatives modernistes de les Garrigues"}]},{"@type":"WebSite","@id":"https:\/\/www.turismegarrigues.com\/blog\/#website","url":"https:\/\/www.turismegarrigues.com\/blog\/","name":"Turisme de les Garrigues","description":"Blog","potentialAction":[{"@type":"SearchAction","target":{"@type":"EntryPoint","urlTemplate":"https:\/\/www.turismegarrigues.com\/blog\/?s={search_term_string}"},"query-input":{"@type":"PropertyValueSpecification","valueRequired":true,"valueName":"search_term_string"}}],"inLanguage":"ca"},{"@type":"Person","@id":"https:\/\/www.turismegarrigues.com\/blog\/#\/schema\/person\/7ada9dce6475184bb0c0a652f29c9653","name":"turismegarrigues","image":{"@type":"ImageObject","inLanguage":"ca","@id":"https:\/\/www.turismegarrigues.com\/blog\/#\/schema\/person\/image\/","url":"https:\/\/secure.gravatar.com\/avatar\/2479dec683bf2f700ffae0009a0a72796d18201a99196df0e23b11ae9749e88e?s=96&d=mm&r=g","contentUrl":"https:\/\/secure.gravatar.com\/avatar\/2479dec683bf2f700ffae0009a0a72796d18201a99196df0e23b11ae9749e88e?s=96&d=mm&r=g","caption":"turismegarrigues"},"sameAs":["http:\/\/www.turismegarrigues.com\/"],"url":"https:\/\/www.turismegarrigues.com\/blog\/author\/turismegarrigues\/"}]}},"_links":{"self":[{"href":"https:\/\/www.turismegarrigues.com\/blog\/wp-json\/wp\/v2\/posts\/2509","targetHints":{"allow":["GET"]}}],"collection":[{"href":"https:\/\/www.turismegarrigues.com\/blog\/wp-json\/wp\/v2\/posts"}],"about":[{"href":"https:\/\/www.turismegarrigues.com\/blog\/wp-json\/wp\/v2\/types\/post"}],"author":[{"embeddable":true,"href":"https:\/\/www.turismegarrigues.com\/blog\/wp-json\/wp\/v2\/users\/2"}],"replies":[{"embeddable":true,"href":"https:\/\/www.turismegarrigues.com\/blog\/wp-json\/wp\/v2\/comments?post=2509"}],"version-history":[{"count":2,"href":"https:\/\/www.turismegarrigues.com\/blog\/wp-json\/wp\/v2\/posts\/2509\/revisions"}],"predecessor-version":[{"id":2515,"href":"https:\/\/www.turismegarrigues.com\/blog\/wp-json\/wp\/v2\/posts\/2509\/revisions\/2515"}],"wp:featuredmedia":[{"embeddable":true,"href":"https:\/\/www.turismegarrigues.com\/blog\/wp-json\/wp\/v2\/media\/2510"}],"wp:attachment":[{"href":"https:\/\/www.turismegarrigues.com\/blog\/wp-json\/wp\/v2\/media?parent=2509"}],"wp:term":[{"taxonomy":"category","embeddable":true,"href":"https:\/\/www.turismegarrigues.com\/blog\/wp-json\/wp\/v2\/categories?post=2509"},{"taxonomy":"post_tag","embeddable":true,"href":"https:\/\/www.turismegarrigues.com\/blog\/wp-json\/wp\/v2\/tags?post=2509"}],"curies":[{"name":"wp","href":"https:\/\/api.w.org\/{rel}","templated":true}]}}