{"id":2521,"date":"2022-01-26T19:53:30","date_gmt":"2022-01-26T18:53:30","guid":{"rendered":"https:\/\/www.turismegarrigues.com\/blog\/?p=2521"},"modified":"2022-01-26T19:53:31","modified_gmt":"2022-01-26T18:53:31","slug":"arriba-el-festival-off-galacticat-a-les-borges-blanques","status":"publish","type":"post","link":"https:\/\/www.turismegarrigues.com\/blog\/arriba-el-festival-off-galacticat-a-les-borges-blanques\/","title":{"rendered":"Arriba el Festival Off Galacticat a les Borges Blanques"},"content":{"rendered":"\n<p>Si t\u2019agrada el \u200b\u200bcinema fant\u00e0stic, de terror i d\u2019animaci\u00f3, est\u00e0s de sort perqu\u00e8&nbsp; el cap de setmana del 28 al 30 de gener arriba el<strong> festival Off Galacticat<\/strong>, una branca del festival Galacticat que se celebra a T\u00e0rrega des del 2014 i que ja compta amb sessions a altres municipis, com Mollerussa, Penelles i Sabi\u00f1\u00e1nigo.<\/p>\n\n\n\n<p>El festival comen\u00e7ar\u00e0 divendres a la tarda, a la sala superior de l<strong>&#8216;Espai Maci\u00e0<\/strong>, amb cinc curtmetratges per a p\u00fablic a partir de 12 anys i un debat amb Ramon Bochaca, director de Galacticat, i N\u00faria Palau, alcaldessa de les Borges. El dissabte al mat\u00ed, al Casal Marino, Anna Solanas i Marc Ribas impartiran un <strong>taller de stop motion<\/strong> per a infants a partir de 8 anys i, a la tarda, a l&#8217;Espai Maci\u00e0, es projectaran quatre curts de g\u00e8nere fant\u00e0stic per a adults, amb un debat posterior entre Isma Conejero, realitzador audiovisual, i Ariadna Salla, regidora de Cultura. A les 11 de la nit hi haur\u00e0 sessi\u00f3 golfa de cinema de terror que culminar\u00e0 amb el col\u00b7loqui entre Ramon Sanmart\u00edn, realitzador audiovisual, i Marc Maci\u00e0, historiador i cin\u00e8fil.<\/p>\n\n\n\n<figure class=\"wp-block-image size-large\"><img loading=\"lazy\" decoding=\"async\" width=\"1024\" height=\"576\" src=\"https:\/\/www.turismegarrigues.com\/blog\/wp-content\/uploads\/Espai_Maci\u00e0-1-1024x576.jpg\" alt=\"\" class=\"wp-image-1395\" srcset=\"https:\/\/www.turismegarrigues.com\/blog\/wp-content\/uploads\/Espai_Maci\u00e0-1.jpg 1024w, https:\/\/www.turismegarrigues.com\/blog\/wp-content\/uploads\/Espai_Maci\u00e0-1-300x169.jpg 300w, https:\/\/www.turismegarrigues.com\/blog\/wp-content\/uploads\/Espai_Maci\u00e0-1-768x432.jpg 768w\" sizes=\"auto, (max-width: 1024px) 100vw, 1024px\" \/><\/figure>\n\n\n\n<p>El festival continuar\u00e0 diumenge al mat\u00ed amb curtmetratges d&#8217;animaci\u00f3 per a p\u00fablic familiar a l&#8217;Espai Maci\u00e0 i el debat entre Miriam Paredes, directora d&#8217;art de Galacticat, i Montse Esteller, historiadora de l&#8217;art. A la tarda clour\u00e0 el cicle una sessi\u00f3 de quatre obres per a tots els p\u00fablics i el debat entre Ramon Bochaca, director de Galacticat, i \u00cdngrid Florejachs, t\u00e8cnica de Joventut. L&#8217;organitzaci\u00f3 subratlla que s&#8217;han tingut en compte criteris de paritat en la tria, \u00e9s a dir, que homes i dones siguin per igual creadors, protagonistes o objecte de reflexi\u00f3.<\/p>\n\n\n\n<p><br>Aqu\u00ed pots trobar m\u00e9s informaci\u00f3 i tota la programaci\u00f3: <a href=\"https:\/\/www.culturaborgesblanques.cat\/ca\/entrades.html\">https:\/\/www.culturaborgesblanques.cat\/ca\/entrades.htm <\/a><\/p>\n","protected":false},"excerpt":{"rendered":"<p>Si t\u2019agrada el \u200b\u200bcinema fant\u00e0stic, de terror i d\u2019animaci\u00f3, est\u00e0s de sort perqu\u00e8&nbsp; el cap de setmana del 28 al 30 de gener arriba el festival Off Galacticat, una branca del festival Galacticat que se celebra a T\u00e0rrega des del 2014 i que ja compta amb sessions a altres municipis, com Mollerussa, Penelles i Sabi\u00f1\u00e1nigo. &#8230; <a title=\"Arriba el Festival Off Galacticat a les Borges Blanques\" class=\"read-more\" href=\"https:\/\/www.turismegarrigues.com\/blog\/arriba-el-festival-off-galacticat-a-les-borges-blanques\/\" aria-label=\"M\u00e9s informaci\u00f3 sobre Arriba el Festival Off Galacticat a les Borges Blanques\">Llegiu m\u00e9s<\/a><\/p>\n","protected":false},"author":2,"featured_media":2522,"comment_status":"closed","ping_status":"closed","sticky":false,"template":"","format":"standard","meta":{"footnotes":""},"categories":[1],"tags":[],"class_list":["post-2521","post","type-post","status-publish","format-standard","has-post-thumbnail","hentry","category-turisme"],"yoast_head":"<!-- This site is optimized with the Yoast SEO plugin v24.4 - https:\/\/yoast.com\/wordpress\/plugins\/seo\/ -->\n<title>Arriba el Festival Off Galacticat a les Borges Blanques - Turisme de les Garrigues<\/title>\n<meta name=\"robots\" content=\"index, follow, max-snippet:-1, max-image-preview:large, max-video-preview:-1\" \/>\n<link rel=\"canonical\" href=\"https:\/\/www.turismegarrigues.com\/blog\/arriba-el-festival-off-galacticat-a-les-borges-blanques\/\" \/>\n<meta property=\"og:locale\" content=\"ca_ES\" \/>\n<meta property=\"og:type\" content=\"article\" \/>\n<meta property=\"og:title\" content=\"Arriba el Festival Off Galacticat a les Borges Blanques - Turisme de les Garrigues\" \/>\n<meta property=\"og:description\" content=\"Si t\u2019agrada el \u200b\u200bcinema fant\u00e0stic, de terror i d\u2019animaci\u00f3, est\u00e0s de sort perqu\u00e8&nbsp; el cap de setmana del 28 al 30 de gener arriba el festival Off Galacticat, una branca del festival Galacticat que se celebra a T\u00e0rrega des del 2014 i que ja compta amb sessions a altres municipis, com Mollerussa, Penelles i Sabi\u00f1\u00e1nigo. ... Llegiu m\u00e9s\" \/>\n<meta property=\"og:url\" content=\"https:\/\/www.turismegarrigues.com\/blog\/arriba-el-festival-off-galacticat-a-les-borges-blanques\/\" \/>\n<meta property=\"og:site_name\" content=\"Turisme de les Garrigues\" \/>\n<meta property=\"article:published_time\" content=\"2022-01-26T18:53:30+00:00\" \/>\n<meta property=\"article:modified_time\" content=\"2022-01-26T18:53:31+00:00\" \/>\n<meta property=\"og:image\" content=\"https:\/\/www.turismegarrigues.com\/blog\/wp-content\/uploads\/Captura-de-pantalla-2022-01-23-a-las-10.53.35.png\" \/>\n\t<meta property=\"og:image:width\" content=\"752\" \/>\n\t<meta property=\"og:image:height\" content=\"260\" \/>\n\t<meta property=\"og:image:type\" content=\"image\/png\" \/>\n<meta name=\"author\" content=\"turismegarrigues\" \/>\n<meta name=\"twitter:card\" content=\"summary_large_image\" \/>\n<meta name=\"twitter:label1\" content=\"Escrit per\" \/>\n\t<meta name=\"twitter:data1\" content=\"turismegarrigues\" \/>\n\t<meta name=\"twitter:label2\" content=\"Temps estimat de lectura\" \/>\n\t<meta name=\"twitter:data2\" content=\"2 minuts\" \/>\n<script type=\"application\/ld+json\" class=\"yoast-schema-graph\">{\"@context\":\"https:\/\/schema.org\",\"@graph\":[{\"@type\":\"WebPage\",\"@id\":\"https:\/\/www.turismegarrigues.com\/blog\/arriba-el-festival-off-galacticat-a-les-borges-blanques\/\",\"url\":\"https:\/\/www.turismegarrigues.com\/blog\/arriba-el-festival-off-galacticat-a-les-borges-blanques\/\",\"name\":\"Arriba el Festival Off Galacticat a les Borges Blanques - Turisme de les Garrigues\",\"isPartOf\":{\"@id\":\"https:\/\/www.turismegarrigues.com\/blog\/#website\"},\"primaryImageOfPage\":{\"@id\":\"https:\/\/www.turismegarrigues.com\/blog\/arriba-el-festival-off-galacticat-a-les-borges-blanques\/#primaryimage\"},\"image\":{\"@id\":\"https:\/\/www.turismegarrigues.com\/blog\/arriba-el-festival-off-galacticat-a-les-borges-blanques\/#primaryimage\"},\"thumbnailUrl\":\"https:\/\/www.turismegarrigues.com\/blog\/wp-content\/uploads\/Captura-de-pantalla-2022-01-23-a-las-10.53.35.png\",\"datePublished\":\"2022-01-26T18:53:30+00:00\",\"dateModified\":\"2022-01-26T18:53:31+00:00\",\"author\":{\"@id\":\"https:\/\/www.turismegarrigues.com\/blog\/#\/schema\/person\/7ada9dce6475184bb0c0a652f29c9653\"},\"breadcrumb\":{\"@id\":\"https:\/\/www.turismegarrigues.com\/blog\/arriba-el-festival-off-galacticat-a-les-borges-blanques\/#breadcrumb\"},\"inLanguage\":\"ca\",\"potentialAction\":[{\"@type\":\"ReadAction\",\"target\":[\"https:\/\/www.turismegarrigues.com\/blog\/arriba-el-festival-off-galacticat-a-les-borges-blanques\/\"]}]},{\"@type\":\"ImageObject\",\"inLanguage\":\"ca\",\"@id\":\"https:\/\/www.turismegarrigues.com\/blog\/arriba-el-festival-off-galacticat-a-les-borges-blanques\/#primaryimage\",\"url\":\"https:\/\/www.turismegarrigues.com\/blog\/wp-content\/uploads\/Captura-de-pantalla-2022-01-23-a-las-10.53.35.png\",\"contentUrl\":\"https:\/\/www.turismegarrigues.com\/blog\/wp-content\/uploads\/Captura-de-pantalla-2022-01-23-a-las-10.53.35.png\",\"width\":752,\"height\":260},{\"@type\":\"BreadcrumbList\",\"@id\":\"https:\/\/www.turismegarrigues.com\/blog\/arriba-el-festival-off-galacticat-a-les-borges-blanques\/#breadcrumb\",\"itemListElement\":[{\"@type\":\"ListItem\",\"position\":1,\"name\":\"Inici\",\"item\":\"https:\/\/www.turismegarrigues.com\/blog\/\"},{\"@type\":\"ListItem\",\"position\":2,\"name\":\"Arriba el Festival Off Galacticat a les Borges Blanques\"}]},{\"@type\":\"WebSite\",\"@id\":\"https:\/\/www.turismegarrigues.com\/blog\/#website\",\"url\":\"https:\/\/www.turismegarrigues.com\/blog\/\",\"name\":\"Turisme de les Garrigues\",\"description\":\"Blog\",\"potentialAction\":[{\"@type\":\"SearchAction\",\"target\":{\"@type\":\"EntryPoint\",\"urlTemplate\":\"https:\/\/www.turismegarrigues.com\/blog\/?s={search_term_string}\"},\"query-input\":{\"@type\":\"PropertyValueSpecification\",\"valueRequired\":true,\"valueName\":\"search_term_string\"}}],\"inLanguage\":\"ca\"},{\"@type\":\"Person\",\"@id\":\"https:\/\/www.turismegarrigues.com\/blog\/#\/schema\/person\/7ada9dce6475184bb0c0a652f29c9653\",\"name\":\"turismegarrigues\",\"image\":{\"@type\":\"ImageObject\",\"inLanguage\":\"ca\",\"@id\":\"https:\/\/www.turismegarrigues.com\/blog\/#\/schema\/person\/image\/\",\"url\":\"https:\/\/secure.gravatar.com\/avatar\/2479dec683bf2f700ffae0009a0a72796d18201a99196df0e23b11ae9749e88e?s=96&d=mm&r=g\",\"contentUrl\":\"https:\/\/secure.gravatar.com\/avatar\/2479dec683bf2f700ffae0009a0a72796d18201a99196df0e23b11ae9749e88e?s=96&d=mm&r=g\",\"caption\":\"turismegarrigues\"},\"sameAs\":[\"http:\/\/www.turismegarrigues.com\/\"],\"url\":\"https:\/\/www.turismegarrigues.com\/blog\/author\/turismegarrigues\/\"}]}<\/script>\n<!-- \/ Yoast SEO plugin. -->","yoast_head_json":{"title":"Arriba el Festival Off Galacticat a les Borges Blanques - Turisme de les Garrigues","robots":{"index":"index","follow":"follow","max-snippet":"max-snippet:-1","max-image-preview":"max-image-preview:large","max-video-preview":"max-video-preview:-1"},"canonical":"https:\/\/www.turismegarrigues.com\/blog\/arriba-el-festival-off-galacticat-a-les-borges-blanques\/","og_locale":"ca_ES","og_type":"article","og_title":"Arriba el Festival Off Galacticat a les Borges Blanques - Turisme de les Garrigues","og_description":"Si t\u2019agrada el \u200b\u200bcinema fant\u00e0stic, de terror i d\u2019animaci\u00f3, est\u00e0s de sort perqu\u00e8&nbsp; el cap de setmana del 28 al 30 de gener arriba el festival Off Galacticat, una branca del festival Galacticat que se celebra a T\u00e0rrega des del 2014 i que ja compta amb sessions a altres municipis, com Mollerussa, Penelles i Sabi\u00f1\u00e1nigo. ... Llegiu m\u00e9s","og_url":"https:\/\/www.turismegarrigues.com\/blog\/arriba-el-festival-off-galacticat-a-les-borges-blanques\/","og_site_name":"Turisme de les Garrigues","article_published_time":"2022-01-26T18:53:30+00:00","article_modified_time":"2022-01-26T18:53:31+00:00","og_image":[{"width":752,"height":260,"url":"https:\/\/www.turismegarrigues.com\/blog\/wp-content\/uploads\/Captura-de-pantalla-2022-01-23-a-las-10.53.35.png","type":"image\/png"}],"author":"turismegarrigues","twitter_card":"summary_large_image","twitter_misc":{"Escrit per":"turismegarrigues","Temps estimat de lectura":"2 minuts"},"schema":{"@context":"https:\/\/schema.org","@graph":[{"@type":"WebPage","@id":"https:\/\/www.turismegarrigues.com\/blog\/arriba-el-festival-off-galacticat-a-les-borges-blanques\/","url":"https:\/\/www.turismegarrigues.com\/blog\/arriba-el-festival-off-galacticat-a-les-borges-blanques\/","name":"Arriba el Festival Off Galacticat a les Borges Blanques - Turisme de les Garrigues","isPartOf":{"@id":"https:\/\/www.turismegarrigues.com\/blog\/#website"},"primaryImageOfPage":{"@id":"https:\/\/www.turismegarrigues.com\/blog\/arriba-el-festival-off-galacticat-a-les-borges-blanques\/#primaryimage"},"image":{"@id":"https:\/\/www.turismegarrigues.com\/blog\/arriba-el-festival-off-galacticat-a-les-borges-blanques\/#primaryimage"},"thumbnailUrl":"https:\/\/www.turismegarrigues.com\/blog\/wp-content\/uploads\/Captura-de-pantalla-2022-01-23-a-las-10.53.35.png","datePublished":"2022-01-26T18:53:30+00:00","dateModified":"2022-01-26T18:53:31+00:00","author":{"@id":"https:\/\/www.turismegarrigues.com\/blog\/#\/schema\/person\/7ada9dce6475184bb0c0a652f29c9653"},"breadcrumb":{"@id":"https:\/\/www.turismegarrigues.com\/blog\/arriba-el-festival-off-galacticat-a-les-borges-blanques\/#breadcrumb"},"inLanguage":"ca","potentialAction":[{"@type":"ReadAction","target":["https:\/\/www.turismegarrigues.com\/blog\/arriba-el-festival-off-galacticat-a-les-borges-blanques\/"]}]},{"@type":"ImageObject","inLanguage":"ca","@id":"https:\/\/www.turismegarrigues.com\/blog\/arriba-el-festival-off-galacticat-a-les-borges-blanques\/#primaryimage","url":"https:\/\/www.turismegarrigues.com\/blog\/wp-content\/uploads\/Captura-de-pantalla-2022-01-23-a-las-10.53.35.png","contentUrl":"https:\/\/www.turismegarrigues.com\/blog\/wp-content\/uploads\/Captura-de-pantalla-2022-01-23-a-las-10.53.35.png","width":752,"height":260},{"@type":"BreadcrumbList","@id":"https:\/\/www.turismegarrigues.com\/blog\/arriba-el-festival-off-galacticat-a-les-borges-blanques\/#breadcrumb","itemListElement":[{"@type":"ListItem","position":1,"name":"Inici","item":"https:\/\/www.turismegarrigues.com\/blog\/"},{"@type":"ListItem","position":2,"name":"Arriba el Festival Off Galacticat a les Borges Blanques"}]},{"@type":"WebSite","@id":"https:\/\/www.turismegarrigues.com\/blog\/#website","url":"https:\/\/www.turismegarrigues.com\/blog\/","name":"Turisme de les Garrigues","description":"Blog","potentialAction":[{"@type":"SearchAction","target":{"@type":"EntryPoint","urlTemplate":"https:\/\/www.turismegarrigues.com\/blog\/?s={search_term_string}"},"query-input":{"@type":"PropertyValueSpecification","valueRequired":true,"valueName":"search_term_string"}}],"inLanguage":"ca"},{"@type":"Person","@id":"https:\/\/www.turismegarrigues.com\/blog\/#\/schema\/person\/7ada9dce6475184bb0c0a652f29c9653","name":"turismegarrigues","image":{"@type":"ImageObject","inLanguage":"ca","@id":"https:\/\/www.turismegarrigues.com\/blog\/#\/schema\/person\/image\/","url":"https:\/\/secure.gravatar.com\/avatar\/2479dec683bf2f700ffae0009a0a72796d18201a99196df0e23b11ae9749e88e?s=96&d=mm&r=g","contentUrl":"https:\/\/secure.gravatar.com\/avatar\/2479dec683bf2f700ffae0009a0a72796d18201a99196df0e23b11ae9749e88e?s=96&d=mm&r=g","caption":"turismegarrigues"},"sameAs":["http:\/\/www.turismegarrigues.com\/"],"url":"https:\/\/www.turismegarrigues.com\/blog\/author\/turismegarrigues\/"}]}},"_links":{"self":[{"href":"https:\/\/www.turismegarrigues.com\/blog\/wp-json\/wp\/v2\/posts\/2521","targetHints":{"allow":["GET"]}}],"collection":[{"href":"https:\/\/www.turismegarrigues.com\/blog\/wp-json\/wp\/v2\/posts"}],"about":[{"href":"https:\/\/www.turismegarrigues.com\/blog\/wp-json\/wp\/v2\/types\/post"}],"author":[{"embeddable":true,"href":"https:\/\/www.turismegarrigues.com\/blog\/wp-json\/wp\/v2\/users\/2"}],"replies":[{"embeddable":true,"href":"https:\/\/www.turismegarrigues.com\/blog\/wp-json\/wp\/v2\/comments?post=2521"}],"version-history":[{"count":1,"href":"https:\/\/www.turismegarrigues.com\/blog\/wp-json\/wp\/v2\/posts\/2521\/revisions"}],"predecessor-version":[{"id":2524,"href":"https:\/\/www.turismegarrigues.com\/blog\/wp-json\/wp\/v2\/posts\/2521\/revisions\/2524"}],"wp:featuredmedia":[{"embeddable":true,"href":"https:\/\/www.turismegarrigues.com\/blog\/wp-json\/wp\/v2\/media\/2522"}],"wp:attachment":[{"href":"https:\/\/www.turismegarrigues.com\/blog\/wp-json\/wp\/v2\/media?parent=2521"}],"wp:term":[{"taxonomy":"category","embeddable":true,"href":"https:\/\/www.turismegarrigues.com\/blog\/wp-json\/wp\/v2\/categories?post=2521"},{"taxonomy":"post_tag","embeddable":true,"href":"https:\/\/www.turismegarrigues.com\/blog\/wp-json\/wp\/v2\/tags?post=2521"}],"curies":[{"name":"wp","href":"https:\/\/api.w.org\/{rel}","templated":true}]}}