{"id":2525,"date":"2022-02-01T19:38:25","date_gmt":"2022-02-01T18:38:25","guid":{"rendered":"https:\/\/www.turismegarrigues.com\/blog\/?p=2525"},"modified":"2022-02-01T19:38:25","modified_gmt":"2022-02-01T18:38:25","slug":"torna-a-la-teva-infantesa-al-museu-de-cal-pauet-de-les-borges-blanques","status":"publish","type":"post","link":"https:\/\/www.turismegarrigues.com\/blog\/torna-a-la-teva-infantesa-al-museu-de-cal-pauet-de-les-borges-blanques\/","title":{"rendered":"Torna a la teva infantesa al Museu de Cal Pauet de les Borges Blanques"},"content":{"rendered":"\n<p>Si t\u2019endinses pels carrers del centre de les <strong>Borges Blanques<\/strong>, entre moltes altres coses, trobar\u00e0s el<strong> Museu de Cal Pauet<\/strong>, un espai a trav\u00e9s del qual podr\u00e0s tornar a la teva infantesa.&nbsp;<\/p>\n\n\n\n<p>El Museu et far\u00e0 reviure la vida col\u00b7legial dels anys 50 i 60, els jocs de carrer, l\u2019escola, els llibres d\u2019estudi, el cinema, els tebeos, la publicitat i les joguines de l\u2019\u00e8poca. Podr\u00e0s descobrir fins a&nbsp; dos mil cinc-cents objectes que et transportaran a trav\u00e9s de records de quan eres petit.&nbsp;<\/p>\n\n\n\n<p>A m\u00e9s, trobar\u00e0s una projecci\u00f3 de fotografies hist\u00f2riques de la nostra terra acompanyades d\u2019un fons musical creat i interpretat expressament per al Museu. Tamb\u00e9 podreu admirar l\u2019enorme projector de cinema Ossa, construccions fetes amb Meccano, un ventall de c\u00f2mics diferents, vehicles, objectes religiosos i els estris m\u00e9s sorprenents de la casa i del treball. Podr\u00e0s trobar trens, nines, un cavall de cartr\u00f3, els \u00e0lbums de Nestl\u00e9, de Marcelino Pan y Vino, l\u2019\u00e0lbum de Chocolates Juncosa, Vida y Color&#8230; Els cartells de pel\u00b7l\u00edcules (algunes 3 R) a m\u00e9s de la publicitat feta en vells anuncis excepcionals, entre moltes altres coses.<\/p>\n\n\n\n<p>Tamb\u00e9 hi ha un apartat dedicat als anys 20 en record de la infantesa dels nostres pares i avis en els quals pot admirar un recull de preciosos llibres de lectura i d\u2019estudi d\u2019aquell temps.&nbsp;<\/p>\n\n\n\n<p>Tots els objectes s\u2019exposen amb el desig did\u00e0ctic de provocar la coneixen\u00e7a dels m\u00e9s joves i el record emotiu dels m\u00e9s grans. El Museu creix tamb\u00e9 gr\u00e0cies als bons objectes que porten les persones grans, coses que han tingut un significat, un protagonisme en la seva vida i que nosaltres exposem amb la certesa que molts padrins i padrines els recordaran amb emoci\u00f3.<\/p>\n\n\n\n<figure class=\"wp-block-image\"><img decoding=\"async\" src=\"https:\/\/lh3.googleusercontent.com\/WUXlyGr0Lvmf3ChB90i96trmuXsFhL6uFEmQZY_2tuGV3kv8OqCV-h5cwlZyALpPkW01EtAH2IsBY5g0q_vfVsRRZeKAqT4T6ML_M44D4ga5u4OpEh1AawlVsnEgktZdRX0vKNIm\" alt=\"\"\/><\/figure>\n\n\n\n<figure class=\"wp-block-image\"><img decoding=\"async\" src=\"https:\/\/lh6.googleusercontent.com\/LqOOskv6V5_8iVC7w19rMMFQPzZUz0v9IIMe1jiAiU5VHqQwhr3jmCaE8IT8lF1RhywYSSnpTgopOr_4KX8YbZlzZWjZ3k2HPYqAhXh4PlSgEniKkhc6bF660FylejjZUyWzY38B\" alt=\"\"\/><\/figure>\n\n\n\n<p>Si vols passar una bona estona o compartir amb els petits de la fam\u00edlia amb qu\u00e8 et diverties, el podr\u00e0s trobar al carrer Vila de Carlet&nbsp; (passatge entre el carrer Nou i el carrer Marqu\u00e8s d&#8217;Olivart de les Borges Blanques).<\/p>\n\n\n\n<p>Horari: Diumenges de les 11 h a les 13.30 h.<\/p>\n\n\n\n<p>Pel que fa a grups pot ser qualsevol dia pr\u00e8via formalitzaci\u00f3 de la reserva per tel\u00e8fon o correu electr\u00f2nic.<\/p>\n\n\n\n<p>Preu: 2 euros els diumenges i 3 euros els altres dies.<\/p>\n\n\n\n<p>Tel. 619 972 250<\/p>\n\n\n\n<p>museucalpauet@gmail.com<\/p>\n","protected":false},"excerpt":{"rendered":"<p>Si t\u2019endinses pels carrers del centre de les Borges Blanques, entre moltes altres coses, trobar\u00e0s el Museu de Cal Pauet, un espai a trav\u00e9s del qual podr\u00e0s tornar a la teva infantesa.&nbsp; El Museu et far\u00e0 reviure la vida col\u00b7legial dels anys 50 i 60, els jocs de carrer, l\u2019escola, els llibres d\u2019estudi, el cinema, &#8230; <a title=\"Torna a la teva infantesa al Museu de Cal Pauet de les Borges Blanques\" class=\"read-more\" href=\"https:\/\/www.turismegarrigues.com\/blog\/torna-a-la-teva-infantesa-al-museu-de-cal-pauet-de-les-borges-blanques\/\" aria-label=\"M\u00e9s informaci\u00f3 sobre Torna a la teva infantesa al Museu de Cal Pauet de les Borges Blanques\">Llegiu m\u00e9s<\/a><\/p>\n","protected":false},"author":2,"featured_media":2527,"comment_status":"closed","ping_status":"closed","sticky":false,"template":"","format":"standard","meta":{"footnotes":""},"categories":[1],"tags":[59,38,74,75],"class_list":["post-2525","post","type-post","status-publish","format-standard","has-post-thumbnail","hentry","category-turisme","tag-les-borges-blanques","tag-les-garrigues","tag-museu-cal-pauet","tag-museus-amb-encant"],"yoast_head":"<!-- This site is optimized with the Yoast SEO plugin v24.4 - https:\/\/yoast.com\/wordpress\/plugins\/seo\/ -->\n<title>Torna a la teva infantesa al Museu de Cal Pauet de les Borges Blanques - Turisme de les Garrigues<\/title>\n<meta name=\"robots\" content=\"index, follow, max-snippet:-1, max-image-preview:large, max-video-preview:-1\" \/>\n<link rel=\"canonical\" href=\"https:\/\/www.turismegarrigues.com\/blog\/torna-a-la-teva-infantesa-al-museu-de-cal-pauet-de-les-borges-blanques\/\" \/>\n<meta property=\"og:locale\" content=\"ca_ES\" \/>\n<meta property=\"og:type\" content=\"article\" \/>\n<meta property=\"og:title\" content=\"Torna a la teva infantesa al Museu de Cal Pauet de les Borges Blanques - Turisme de les Garrigues\" \/>\n<meta property=\"og:description\" content=\"Si t\u2019endinses pels carrers del centre de les Borges Blanques, entre moltes altres coses, trobar\u00e0s el Museu de Cal Pauet, un espai a trav\u00e9s del qual podr\u00e0s tornar a la teva infantesa.&nbsp; El Museu et far\u00e0 reviure la vida col\u00b7legial dels anys 50 i 60, els jocs de carrer, l\u2019escola, els llibres d\u2019estudi, el cinema, ... Llegiu m\u00e9s\" \/>\n<meta property=\"og:url\" content=\"https:\/\/www.turismegarrigues.com\/blog\/torna-a-la-teva-infantesa-al-museu-de-cal-pauet-de-les-borges-blanques\/\" \/>\n<meta property=\"og:site_name\" content=\"Turisme de les Garrigues\" \/>\n<meta property=\"article:published_time\" content=\"2022-02-01T18:38:25+00:00\" \/>\n<meta property=\"og:image\" content=\"https:\/\/www.turismegarrigues.com\/blog\/wp-content\/uploads\/CC.jpg\" \/>\n\t<meta property=\"og:image:width\" content=\"1024\" \/>\n\t<meta property=\"og:image:height\" content=\"683\" \/>\n\t<meta property=\"og:image:type\" content=\"image\/jpeg\" \/>\n<meta name=\"author\" content=\"turismegarrigues\" \/>\n<meta name=\"twitter:card\" content=\"summary_large_image\" \/>\n<meta name=\"twitter:label1\" content=\"Escrit per\" \/>\n\t<meta name=\"twitter:data1\" content=\"turismegarrigues\" \/>\n\t<meta name=\"twitter:label2\" content=\"Temps estimat de lectura\" \/>\n\t<meta name=\"twitter:data2\" content=\"3 minuts\" \/>\n<script type=\"application\/ld+json\" class=\"yoast-schema-graph\">{\"@context\":\"https:\/\/schema.org\",\"@graph\":[{\"@type\":\"WebPage\",\"@id\":\"https:\/\/www.turismegarrigues.com\/blog\/torna-a-la-teva-infantesa-al-museu-de-cal-pauet-de-les-borges-blanques\/\",\"url\":\"https:\/\/www.turismegarrigues.com\/blog\/torna-a-la-teva-infantesa-al-museu-de-cal-pauet-de-les-borges-blanques\/\",\"name\":\"Torna a la teva infantesa al Museu de Cal Pauet de les Borges Blanques - Turisme de les Garrigues\",\"isPartOf\":{\"@id\":\"https:\/\/www.turismegarrigues.com\/blog\/#website\"},\"primaryImageOfPage\":{\"@id\":\"https:\/\/www.turismegarrigues.com\/blog\/torna-a-la-teva-infantesa-al-museu-de-cal-pauet-de-les-borges-blanques\/#primaryimage\"},\"image\":{\"@id\":\"https:\/\/www.turismegarrigues.com\/blog\/torna-a-la-teva-infantesa-al-museu-de-cal-pauet-de-les-borges-blanques\/#primaryimage\"},\"thumbnailUrl\":\"https:\/\/www.turismegarrigues.com\/blog\/wp-content\/uploads\/CC.jpg\",\"datePublished\":\"2022-02-01T18:38:25+00:00\",\"author\":{\"@id\":\"https:\/\/www.turismegarrigues.com\/blog\/#\/schema\/person\/7ada9dce6475184bb0c0a652f29c9653\"},\"breadcrumb\":{\"@id\":\"https:\/\/www.turismegarrigues.com\/blog\/torna-a-la-teva-infantesa-al-museu-de-cal-pauet-de-les-borges-blanques\/#breadcrumb\"},\"inLanguage\":\"ca\",\"potentialAction\":[{\"@type\":\"ReadAction\",\"target\":[\"https:\/\/www.turismegarrigues.com\/blog\/torna-a-la-teva-infantesa-al-museu-de-cal-pauet-de-les-borges-blanques\/\"]}]},{\"@type\":\"ImageObject\",\"inLanguage\":\"ca\",\"@id\":\"https:\/\/www.turismegarrigues.com\/blog\/torna-a-la-teva-infantesa-al-museu-de-cal-pauet-de-les-borges-blanques\/#primaryimage\",\"url\":\"https:\/\/www.turismegarrigues.com\/blog\/wp-content\/uploads\/CC.jpg\",\"contentUrl\":\"https:\/\/www.turismegarrigues.com\/blog\/wp-content\/uploads\/CC.jpg\",\"width\":1024,\"height\":683},{\"@type\":\"BreadcrumbList\",\"@id\":\"https:\/\/www.turismegarrigues.com\/blog\/torna-a-la-teva-infantesa-al-museu-de-cal-pauet-de-les-borges-blanques\/#breadcrumb\",\"itemListElement\":[{\"@type\":\"ListItem\",\"position\":1,\"name\":\"Inici\",\"item\":\"https:\/\/www.turismegarrigues.com\/blog\/\"},{\"@type\":\"ListItem\",\"position\":2,\"name\":\"Torna a la teva infantesa al Museu de Cal Pauet de les Borges Blanques\"}]},{\"@type\":\"WebSite\",\"@id\":\"https:\/\/www.turismegarrigues.com\/blog\/#website\",\"url\":\"https:\/\/www.turismegarrigues.com\/blog\/\",\"name\":\"Turisme de les Garrigues\",\"description\":\"Blog\",\"potentialAction\":[{\"@type\":\"SearchAction\",\"target\":{\"@type\":\"EntryPoint\",\"urlTemplate\":\"https:\/\/www.turismegarrigues.com\/blog\/?s={search_term_string}\"},\"query-input\":{\"@type\":\"PropertyValueSpecification\",\"valueRequired\":true,\"valueName\":\"search_term_string\"}}],\"inLanguage\":\"ca\"},{\"@type\":\"Person\",\"@id\":\"https:\/\/www.turismegarrigues.com\/blog\/#\/schema\/person\/7ada9dce6475184bb0c0a652f29c9653\",\"name\":\"turismegarrigues\",\"image\":{\"@type\":\"ImageObject\",\"inLanguage\":\"ca\",\"@id\":\"https:\/\/www.turismegarrigues.com\/blog\/#\/schema\/person\/image\/\",\"url\":\"https:\/\/secure.gravatar.com\/avatar\/2479dec683bf2f700ffae0009a0a72796d18201a99196df0e23b11ae9749e88e?s=96&d=mm&r=g\",\"contentUrl\":\"https:\/\/secure.gravatar.com\/avatar\/2479dec683bf2f700ffae0009a0a72796d18201a99196df0e23b11ae9749e88e?s=96&d=mm&r=g\",\"caption\":\"turismegarrigues\"},\"sameAs\":[\"http:\/\/www.turismegarrigues.com\/\"],\"url\":\"https:\/\/www.turismegarrigues.com\/blog\/author\/turismegarrigues\/\"}]}<\/script>\n<!-- \/ Yoast SEO plugin. -->","yoast_head_json":{"title":"Torna a la teva infantesa al Museu de Cal Pauet de les Borges Blanques - Turisme de les Garrigues","robots":{"index":"index","follow":"follow","max-snippet":"max-snippet:-1","max-image-preview":"max-image-preview:large","max-video-preview":"max-video-preview:-1"},"canonical":"https:\/\/www.turismegarrigues.com\/blog\/torna-a-la-teva-infantesa-al-museu-de-cal-pauet-de-les-borges-blanques\/","og_locale":"ca_ES","og_type":"article","og_title":"Torna a la teva infantesa al Museu de Cal Pauet de les Borges Blanques - Turisme de les Garrigues","og_description":"Si t\u2019endinses pels carrers del centre de les Borges Blanques, entre moltes altres coses, trobar\u00e0s el Museu de Cal Pauet, un espai a trav\u00e9s del qual podr\u00e0s tornar a la teva infantesa.&nbsp; El Museu et far\u00e0 reviure la vida col\u00b7legial dels anys 50 i 60, els jocs de carrer, l\u2019escola, els llibres d\u2019estudi, el cinema, ... Llegiu m\u00e9s","og_url":"https:\/\/www.turismegarrigues.com\/blog\/torna-a-la-teva-infantesa-al-museu-de-cal-pauet-de-les-borges-blanques\/","og_site_name":"Turisme de les Garrigues","article_published_time":"2022-02-01T18:38:25+00:00","og_image":[{"width":1024,"height":683,"url":"https:\/\/www.turismegarrigues.com\/blog\/wp-content\/uploads\/CC.jpg","type":"image\/jpeg"}],"author":"turismegarrigues","twitter_card":"summary_large_image","twitter_misc":{"Escrit per":"turismegarrigues","Temps estimat de lectura":"3 minuts"},"schema":{"@context":"https:\/\/schema.org","@graph":[{"@type":"WebPage","@id":"https:\/\/www.turismegarrigues.com\/blog\/torna-a-la-teva-infantesa-al-museu-de-cal-pauet-de-les-borges-blanques\/","url":"https:\/\/www.turismegarrigues.com\/blog\/torna-a-la-teva-infantesa-al-museu-de-cal-pauet-de-les-borges-blanques\/","name":"Torna a la teva infantesa al Museu de Cal Pauet de les Borges Blanques - Turisme de les Garrigues","isPartOf":{"@id":"https:\/\/www.turismegarrigues.com\/blog\/#website"},"primaryImageOfPage":{"@id":"https:\/\/www.turismegarrigues.com\/blog\/torna-a-la-teva-infantesa-al-museu-de-cal-pauet-de-les-borges-blanques\/#primaryimage"},"image":{"@id":"https:\/\/www.turismegarrigues.com\/blog\/torna-a-la-teva-infantesa-al-museu-de-cal-pauet-de-les-borges-blanques\/#primaryimage"},"thumbnailUrl":"https:\/\/www.turismegarrigues.com\/blog\/wp-content\/uploads\/CC.jpg","datePublished":"2022-02-01T18:38:25+00:00","author":{"@id":"https:\/\/www.turismegarrigues.com\/blog\/#\/schema\/person\/7ada9dce6475184bb0c0a652f29c9653"},"breadcrumb":{"@id":"https:\/\/www.turismegarrigues.com\/blog\/torna-a-la-teva-infantesa-al-museu-de-cal-pauet-de-les-borges-blanques\/#breadcrumb"},"inLanguage":"ca","potentialAction":[{"@type":"ReadAction","target":["https:\/\/www.turismegarrigues.com\/blog\/torna-a-la-teva-infantesa-al-museu-de-cal-pauet-de-les-borges-blanques\/"]}]},{"@type":"ImageObject","inLanguage":"ca","@id":"https:\/\/www.turismegarrigues.com\/blog\/torna-a-la-teva-infantesa-al-museu-de-cal-pauet-de-les-borges-blanques\/#primaryimage","url":"https:\/\/www.turismegarrigues.com\/blog\/wp-content\/uploads\/CC.jpg","contentUrl":"https:\/\/www.turismegarrigues.com\/blog\/wp-content\/uploads\/CC.jpg","width":1024,"height":683},{"@type":"BreadcrumbList","@id":"https:\/\/www.turismegarrigues.com\/blog\/torna-a-la-teva-infantesa-al-museu-de-cal-pauet-de-les-borges-blanques\/#breadcrumb","itemListElement":[{"@type":"ListItem","position":1,"name":"Inici","item":"https:\/\/www.turismegarrigues.com\/blog\/"},{"@type":"ListItem","position":2,"name":"Torna a la teva infantesa al Museu de Cal Pauet de les Borges Blanques"}]},{"@type":"WebSite","@id":"https:\/\/www.turismegarrigues.com\/blog\/#website","url":"https:\/\/www.turismegarrigues.com\/blog\/","name":"Turisme de les Garrigues","description":"Blog","potentialAction":[{"@type":"SearchAction","target":{"@type":"EntryPoint","urlTemplate":"https:\/\/www.turismegarrigues.com\/blog\/?s={search_term_string}"},"query-input":{"@type":"PropertyValueSpecification","valueRequired":true,"valueName":"search_term_string"}}],"inLanguage":"ca"},{"@type":"Person","@id":"https:\/\/www.turismegarrigues.com\/blog\/#\/schema\/person\/7ada9dce6475184bb0c0a652f29c9653","name":"turismegarrigues","image":{"@type":"ImageObject","inLanguage":"ca","@id":"https:\/\/www.turismegarrigues.com\/blog\/#\/schema\/person\/image\/","url":"https:\/\/secure.gravatar.com\/avatar\/2479dec683bf2f700ffae0009a0a72796d18201a99196df0e23b11ae9749e88e?s=96&d=mm&r=g","contentUrl":"https:\/\/secure.gravatar.com\/avatar\/2479dec683bf2f700ffae0009a0a72796d18201a99196df0e23b11ae9749e88e?s=96&d=mm&r=g","caption":"turismegarrigues"},"sameAs":["http:\/\/www.turismegarrigues.com\/"],"url":"https:\/\/www.turismegarrigues.com\/blog\/author\/turismegarrigues\/"}]}},"_links":{"self":[{"href":"https:\/\/www.turismegarrigues.com\/blog\/wp-json\/wp\/v2\/posts\/2525","targetHints":{"allow":["GET"]}}],"collection":[{"href":"https:\/\/www.turismegarrigues.com\/blog\/wp-json\/wp\/v2\/posts"}],"about":[{"href":"https:\/\/www.turismegarrigues.com\/blog\/wp-json\/wp\/v2\/types\/post"}],"author":[{"embeddable":true,"href":"https:\/\/www.turismegarrigues.com\/blog\/wp-json\/wp\/v2\/users\/2"}],"replies":[{"embeddable":true,"href":"https:\/\/www.turismegarrigues.com\/blog\/wp-json\/wp\/v2\/comments?post=2525"}],"version-history":[{"count":1,"href":"https:\/\/www.turismegarrigues.com\/blog\/wp-json\/wp\/v2\/posts\/2525\/revisions"}],"predecessor-version":[{"id":2529,"href":"https:\/\/www.turismegarrigues.com\/blog\/wp-json\/wp\/v2\/posts\/2525\/revisions\/2529"}],"wp:featuredmedia":[{"embeddable":true,"href":"https:\/\/www.turismegarrigues.com\/blog\/wp-json\/wp\/v2\/media\/2527"}],"wp:attachment":[{"href":"https:\/\/www.turismegarrigues.com\/blog\/wp-json\/wp\/v2\/media?parent=2525"}],"wp:term":[{"taxonomy":"category","embeddable":true,"href":"https:\/\/www.turismegarrigues.com\/blog\/wp-json\/wp\/v2\/categories?post=2525"},{"taxonomy":"post_tag","embeddable":true,"href":"https:\/\/www.turismegarrigues.com\/blog\/wp-json\/wp\/v2\/tags?post=2525"}],"curies":[{"name":"wp","href":"https:\/\/api.w.org\/{rel}","templated":true}]}}