{"id":2564,"date":"2022-03-15T10:27:44","date_gmt":"2022-03-15T09:27:44","guid":{"rendered":"https:\/\/www.turismegarrigues.com\/blog\/?p=2564"},"modified":"2022-03-15T10:27:45","modified_gmt":"2022-03-15T09:27:45","slug":"torna-la-fira-de-loli-i-la-pedra-de-vinaixa","status":"publish","type":"post","link":"https:\/\/www.turismegarrigues.com\/blog\/torna-la-fira-de-loli-i-la-pedra-de-vinaixa\/","title":{"rendered":"Torna la Fira de l\u2019Oli i la Pedra de Vinaixa"},"content":{"rendered":"\n<p>El 25, 26 i 27 de mar\u00e7 torna la <strong>Fira de l\u2019Oli i la Pedra de Vinaixa<\/strong>, 3 dies en els quals podreu\u00a0 gaudir del poble, descobrir productes locals, espais i les seg\u00fcents activitats que s\u2019hi organitzen.\u00a0<\/p>\n\n\n\n<ol class=\"wp-block-list\"><li><strong>Caminades per a tots els gustos.&nbsp;<\/strong><\/li><\/ol>\n\n\n\n<p>El divendres podreu realitzar una caminada a la llum de la lluna amb ll\u00e0nties d\u2019oli per el casc antic del municipi de Vinaixa, el dissabte caminada de les Fonts i la Pedra Seca per comen\u00e7ar el dia i a la tarda ruta guiada per molins antics i m\u00e9s moderns, amb una degustaci\u00f3 final d\u2019or l\u00edquid i la ruta guiada pel municipi, acompanyada de pa amb oli i sal. I diumenge, ruta guiada per les esteles funer\u00e0ries, a c\u00e0rrec de Jordi Riera.<\/p>\n\n\n\n<ol class=\"wp-block-list\" start=\"2\"><li><strong>Descobrireu la t\u00e8cnica de la pedra seca.<\/strong><\/li><\/ol>\n\n\n\n<p>Comen\u00e7areu divendres amb la pon\u00e8ncia de la t\u00e8cnica mil\u00b7len\u00e0ria de la pedra seca, amb el t\u00edtol \u201cAgricultura i paisatges de pedra seca&#8230; Quin futur?\u201d, a c\u00e0rrec de Pau Moragas de L\u2019Olivera Cooperativa. Tamb\u00e9 podreu participar en la demostraci\u00f3 de la t\u00e8cnica mil\u00b7len\u00e0ria de la pedra seca, al marge del riu, a c\u00e0rrec dels Amics de l\u2019Arquitectura Popular. Lloc de trobada: al punt d\u2019informaci\u00f3 de la Fira i podreu tindre una visi\u00f3 global del treball de la pedra de Vinaixa, a trav\u00e9s d\u2019una ruta guiada pels tallers de pedra.<\/p>\n\n\n\n<ol class=\"wp-block-list\" start=\"3\"><li><strong>Que no falti l\u2019oli de la Cooperativa de Vinaixa.<\/strong><\/li><\/ol>\n\n\n\n<p>A m\u00e9s de fer degustacions, podreu comprar oli durant tota la Fira i participar en l\u2019esmorzar popular, la \u201ccassola de tros\u201d popular el dissabte i en la \u201cfideu\u00e0\u201d popular el diumenge. I si voleu aprofundir una mica m\u00e9s, no falteu a la xerrada sobre els beneficis de l\u2019oli d\u2019oliva, a c\u00e0rrec de la Dra. Barahona. Antonieta Barahona, \u00e9s la directora d\u2019una cl\u00ednica de nutrici\u00f3 especialitzada en l\u2019estudi de l\u2019alimentaci\u00f3 i la cuina saludable.<\/p>\n\n\n\n<figure class=\"wp-block-image\"><img decoding=\"async\" src=\"https:\/\/lh3.googleusercontent.com\/ca7He1rIhdOrg48zAJ1MjthfpjHznnHDZbuLgudzgBCP7JCFNXSGy4Jv9iehBWCH83G7d0Qf3n0VOxgmtYy3yjD0VSvv3IOsIfJaZ92hglz_X2IUYhC3hbWr7d2i6oExfo5JLscj\" alt=\"\"\/><\/figure>\n\n\n\n<ol class=\"wp-block-list\" start=\"4\"><li><strong>Tastos gastron\u00f2mics per a tots els p\u00fablics.<\/strong><\/li><\/ol>\n\n\n\n<p>A l\u2019aula gastron\u00f2mica, podreu fer tastos de pizzes, cerveses artesanes, con\u00e8ixer la nova carta del Bar Restaurant Sol de Vinaixa a c\u00e0rrec del xef Joan Fort, tast de l\u2019oli \u201cVall de Vinaixa\u201d a la cuina dol\u00e7a, amb \u201cpa i xocolata, oli i sal\u201d, a c\u00e0rrec del xef Alfonso Salvad\u00f3 del restaurant Ca la Margarita de l\u2019Albi, maridatge de vins i formatges, etc. I si tamb\u00e9 voleu aprendre coses noves, podreu participar en el taller de cuina infantil: Pa amb xocolata, oli i sal, a c\u00e0rrec d\u2019activitats i tallers did\u00e0ctics Caramunt i podreu elaborar orelletes casolanes amb oli d\u2019oliva de Vinaixa.<\/p>\n\n\n\n<p>Tamb\u00e9 trobareu zones de foodtrucks amb DJ, zona kids, exposici\u00f3 de \u201cT\u00e8cniques gr\u00e0fiques i natura\u201d de l\u2019Alba Falc\u00f3, exposici\u00f3 de les obres del 1r concurs de pintura seca \u201cMaria Ciurana Bonet\u201d, exposici\u00f3 de vehicles antics,\u2026<\/p>\n\n\n\n<p>Aqu\u00ed teniu tot el <a href=\"https:\/\/www.turismegarrigues.com\/ca\/activitats\/fira-de-loli-i-la-pedra-2022\/\">programa de la Fira de l\u2019Oli i la Pedra de Vinaixa.<\/a>&nbsp;<\/p>\n\n\n\n<p>Us hi esperem!<\/p>\n","protected":false},"excerpt":{"rendered":"<p>El 25, 26 i 27 de mar\u00e7 torna la Fira de l\u2019Oli i la Pedra de Vinaixa, 3 dies en els quals podreu\u00a0 gaudir del poble, descobrir productes locals, espais i les seg\u00fcents activitats que s\u2019hi organitzen.\u00a0 Caminades per a tots els gustos.&nbsp; El divendres podreu realitzar una caminada a la llum de la lluna &#8230; <a title=\"Torna la Fira de l\u2019Oli i la Pedra de Vinaixa\" class=\"read-more\" href=\"https:\/\/www.turismegarrigues.com\/blog\/torna-la-fira-de-loli-i-la-pedra-de-vinaixa\/\" aria-label=\"M\u00e9s informaci\u00f3 sobre Torna la Fira de l\u2019Oli i la Pedra de Vinaixa\">Llegiu m\u00e9s<\/a><\/p>\n","protected":false},"author":2,"featured_media":2565,"comment_status":"closed","ping_status":"closed","sticky":false,"template":"","format":"standard","meta":{"footnotes":""},"categories":[1],"tags":[84,85,88,86,38,87],"class_list":["post-2564","post","type-post","status-publish","format-standard","has-post-thumbnail","hentry","category-turisme","tag-fira-oli","tag-fira-oli-i-pedra","tag-fira-oli-i-pedra-de-vinaixa","tag-fira-vinaixa","tag-les-garrigues","tag-vinaixa"],"yoast_head":"<!-- This site is optimized with the Yoast SEO plugin v24.4 - https:\/\/yoast.com\/wordpress\/plugins\/seo\/ -->\n<title>Torna la Fira de l\u2019Oli i la Pedra de Vinaixa - Turisme de les Garrigues<\/title>\n<meta name=\"robots\" content=\"index, follow, max-snippet:-1, max-image-preview:large, max-video-preview:-1\" \/>\n<link rel=\"canonical\" href=\"https:\/\/www.turismegarrigues.com\/blog\/torna-la-fira-de-loli-i-la-pedra-de-vinaixa\/\" \/>\n<meta property=\"og:locale\" content=\"ca_ES\" \/>\n<meta property=\"og:type\" content=\"article\" \/>\n<meta property=\"og:title\" content=\"Torna la Fira de l\u2019Oli i la Pedra de Vinaixa - Turisme de les Garrigues\" \/>\n<meta property=\"og:description\" content=\"El 25, 26 i 27 de mar\u00e7 torna la Fira de l\u2019Oli i la Pedra de Vinaixa, 3 dies en els quals podreu\u00a0 gaudir del poble, descobrir productes locals, espais i les seg\u00fcents activitats que s\u2019hi organitzen.\u00a0 Caminades per a tots els gustos.&nbsp; El divendres podreu realitzar una caminada a la llum de la lluna ... Llegiu m\u00e9s\" \/>\n<meta property=\"og:url\" content=\"https:\/\/www.turismegarrigues.com\/blog\/torna-la-fira-de-loli-i-la-pedra-de-vinaixa\/\" \/>\n<meta property=\"og:site_name\" content=\"Turisme de les Garrigues\" \/>\n<meta property=\"article:published_time\" content=\"2022-03-15T09:27:44+00:00\" \/>\n<meta property=\"article:modified_time\" content=\"2022-03-15T09:27:45+00:00\" \/>\n<meta property=\"og:image\" content=\"https:\/\/www.turismegarrigues.com\/blog\/wp-content\/uploads\/IMG_2684-1.jpg\" \/>\n\t<meta property=\"og:image:width\" content=\"1024\" \/>\n\t<meta property=\"og:image:height\" content=\"683\" \/>\n\t<meta property=\"og:image:type\" content=\"image\/jpeg\" \/>\n<meta name=\"author\" content=\"turismegarrigues\" \/>\n<meta name=\"twitter:card\" content=\"summary_large_image\" \/>\n<meta name=\"twitter:label1\" content=\"Escrit per\" \/>\n\t<meta name=\"twitter:data1\" content=\"turismegarrigues\" \/>\n\t<meta name=\"twitter:label2\" content=\"Temps estimat de lectura\" \/>\n\t<meta name=\"twitter:data2\" content=\"3 minuts\" \/>\n<script type=\"application\/ld+json\" class=\"yoast-schema-graph\">{\"@context\":\"https:\/\/schema.org\",\"@graph\":[{\"@type\":\"WebPage\",\"@id\":\"https:\/\/www.turismegarrigues.com\/blog\/torna-la-fira-de-loli-i-la-pedra-de-vinaixa\/\",\"url\":\"https:\/\/www.turismegarrigues.com\/blog\/torna-la-fira-de-loli-i-la-pedra-de-vinaixa\/\",\"name\":\"Torna la Fira de l\u2019Oli i la Pedra de Vinaixa - Turisme de les Garrigues\",\"isPartOf\":{\"@id\":\"https:\/\/www.turismegarrigues.com\/blog\/#website\"},\"primaryImageOfPage\":{\"@id\":\"https:\/\/www.turismegarrigues.com\/blog\/torna-la-fira-de-loli-i-la-pedra-de-vinaixa\/#primaryimage\"},\"image\":{\"@id\":\"https:\/\/www.turismegarrigues.com\/blog\/torna-la-fira-de-loli-i-la-pedra-de-vinaixa\/#primaryimage\"},\"thumbnailUrl\":\"https:\/\/www.turismegarrigues.com\/blog\/wp-content\/uploads\/IMG_2684-1.jpg\",\"datePublished\":\"2022-03-15T09:27:44+00:00\",\"dateModified\":\"2022-03-15T09:27:45+00:00\",\"author\":{\"@id\":\"https:\/\/www.turismegarrigues.com\/blog\/#\/schema\/person\/7ada9dce6475184bb0c0a652f29c9653\"},\"breadcrumb\":{\"@id\":\"https:\/\/www.turismegarrigues.com\/blog\/torna-la-fira-de-loli-i-la-pedra-de-vinaixa\/#breadcrumb\"},\"inLanguage\":\"ca\",\"potentialAction\":[{\"@type\":\"ReadAction\",\"target\":[\"https:\/\/www.turismegarrigues.com\/blog\/torna-la-fira-de-loli-i-la-pedra-de-vinaixa\/\"]}]},{\"@type\":\"ImageObject\",\"inLanguage\":\"ca\",\"@id\":\"https:\/\/www.turismegarrigues.com\/blog\/torna-la-fira-de-loli-i-la-pedra-de-vinaixa\/#primaryimage\",\"url\":\"https:\/\/www.turismegarrigues.com\/blog\/wp-content\/uploads\/IMG_2684-1.jpg\",\"contentUrl\":\"https:\/\/www.turismegarrigues.com\/blog\/wp-content\/uploads\/IMG_2684-1.jpg\",\"width\":1024,\"height\":683},{\"@type\":\"BreadcrumbList\",\"@id\":\"https:\/\/www.turismegarrigues.com\/blog\/torna-la-fira-de-loli-i-la-pedra-de-vinaixa\/#breadcrumb\",\"itemListElement\":[{\"@type\":\"ListItem\",\"position\":1,\"name\":\"Inici\",\"item\":\"https:\/\/www.turismegarrigues.com\/blog\/\"},{\"@type\":\"ListItem\",\"position\":2,\"name\":\"Torna la Fira de l\u2019Oli i la Pedra de Vinaixa\"}]},{\"@type\":\"WebSite\",\"@id\":\"https:\/\/www.turismegarrigues.com\/blog\/#website\",\"url\":\"https:\/\/www.turismegarrigues.com\/blog\/\",\"name\":\"Turisme de les Garrigues\",\"description\":\"Blog\",\"potentialAction\":[{\"@type\":\"SearchAction\",\"target\":{\"@type\":\"EntryPoint\",\"urlTemplate\":\"https:\/\/www.turismegarrigues.com\/blog\/?s={search_term_string}\"},\"query-input\":{\"@type\":\"PropertyValueSpecification\",\"valueRequired\":true,\"valueName\":\"search_term_string\"}}],\"inLanguage\":\"ca\"},{\"@type\":\"Person\",\"@id\":\"https:\/\/www.turismegarrigues.com\/blog\/#\/schema\/person\/7ada9dce6475184bb0c0a652f29c9653\",\"name\":\"turismegarrigues\",\"image\":{\"@type\":\"ImageObject\",\"inLanguage\":\"ca\",\"@id\":\"https:\/\/www.turismegarrigues.com\/blog\/#\/schema\/person\/image\/\",\"url\":\"https:\/\/secure.gravatar.com\/avatar\/2479dec683bf2f700ffae0009a0a72796d18201a99196df0e23b11ae9749e88e?s=96&d=mm&r=g\",\"contentUrl\":\"https:\/\/secure.gravatar.com\/avatar\/2479dec683bf2f700ffae0009a0a72796d18201a99196df0e23b11ae9749e88e?s=96&d=mm&r=g\",\"caption\":\"turismegarrigues\"},\"sameAs\":[\"http:\/\/www.turismegarrigues.com\/\"],\"url\":\"https:\/\/www.turismegarrigues.com\/blog\/author\/turismegarrigues\/\"}]}<\/script>\n<!-- \/ Yoast SEO plugin. -->","yoast_head_json":{"title":"Torna la Fira de l\u2019Oli i la Pedra de Vinaixa - Turisme de les Garrigues","robots":{"index":"index","follow":"follow","max-snippet":"max-snippet:-1","max-image-preview":"max-image-preview:large","max-video-preview":"max-video-preview:-1"},"canonical":"https:\/\/www.turismegarrigues.com\/blog\/torna-la-fira-de-loli-i-la-pedra-de-vinaixa\/","og_locale":"ca_ES","og_type":"article","og_title":"Torna la Fira de l\u2019Oli i la Pedra de Vinaixa - Turisme de les Garrigues","og_description":"El 25, 26 i 27 de mar\u00e7 torna la Fira de l\u2019Oli i la Pedra de Vinaixa, 3 dies en els quals podreu\u00a0 gaudir del poble, descobrir productes locals, espais i les seg\u00fcents activitats que s\u2019hi organitzen.\u00a0 Caminades per a tots els gustos.&nbsp; El divendres podreu realitzar una caminada a la llum de la lluna ... Llegiu m\u00e9s","og_url":"https:\/\/www.turismegarrigues.com\/blog\/torna-la-fira-de-loli-i-la-pedra-de-vinaixa\/","og_site_name":"Turisme de les Garrigues","article_published_time":"2022-03-15T09:27:44+00:00","article_modified_time":"2022-03-15T09:27:45+00:00","og_image":[{"width":1024,"height":683,"url":"https:\/\/www.turismegarrigues.com\/blog\/wp-content\/uploads\/IMG_2684-1.jpg","type":"image\/jpeg"}],"author":"turismegarrigues","twitter_card":"summary_large_image","twitter_misc":{"Escrit per":"turismegarrigues","Temps estimat de lectura":"3 minuts"},"schema":{"@context":"https:\/\/schema.org","@graph":[{"@type":"WebPage","@id":"https:\/\/www.turismegarrigues.com\/blog\/torna-la-fira-de-loli-i-la-pedra-de-vinaixa\/","url":"https:\/\/www.turismegarrigues.com\/blog\/torna-la-fira-de-loli-i-la-pedra-de-vinaixa\/","name":"Torna la Fira de l\u2019Oli i la Pedra de Vinaixa - Turisme de les Garrigues","isPartOf":{"@id":"https:\/\/www.turismegarrigues.com\/blog\/#website"},"primaryImageOfPage":{"@id":"https:\/\/www.turismegarrigues.com\/blog\/torna-la-fira-de-loli-i-la-pedra-de-vinaixa\/#primaryimage"},"image":{"@id":"https:\/\/www.turismegarrigues.com\/blog\/torna-la-fira-de-loli-i-la-pedra-de-vinaixa\/#primaryimage"},"thumbnailUrl":"https:\/\/www.turismegarrigues.com\/blog\/wp-content\/uploads\/IMG_2684-1.jpg","datePublished":"2022-03-15T09:27:44+00:00","dateModified":"2022-03-15T09:27:45+00:00","author":{"@id":"https:\/\/www.turismegarrigues.com\/blog\/#\/schema\/person\/7ada9dce6475184bb0c0a652f29c9653"},"breadcrumb":{"@id":"https:\/\/www.turismegarrigues.com\/blog\/torna-la-fira-de-loli-i-la-pedra-de-vinaixa\/#breadcrumb"},"inLanguage":"ca","potentialAction":[{"@type":"ReadAction","target":["https:\/\/www.turismegarrigues.com\/blog\/torna-la-fira-de-loli-i-la-pedra-de-vinaixa\/"]}]},{"@type":"ImageObject","inLanguage":"ca","@id":"https:\/\/www.turismegarrigues.com\/blog\/torna-la-fira-de-loli-i-la-pedra-de-vinaixa\/#primaryimage","url":"https:\/\/www.turismegarrigues.com\/blog\/wp-content\/uploads\/IMG_2684-1.jpg","contentUrl":"https:\/\/www.turismegarrigues.com\/blog\/wp-content\/uploads\/IMG_2684-1.jpg","width":1024,"height":683},{"@type":"BreadcrumbList","@id":"https:\/\/www.turismegarrigues.com\/blog\/torna-la-fira-de-loli-i-la-pedra-de-vinaixa\/#breadcrumb","itemListElement":[{"@type":"ListItem","position":1,"name":"Inici","item":"https:\/\/www.turismegarrigues.com\/blog\/"},{"@type":"ListItem","position":2,"name":"Torna la Fira de l\u2019Oli i la Pedra de Vinaixa"}]},{"@type":"WebSite","@id":"https:\/\/www.turismegarrigues.com\/blog\/#website","url":"https:\/\/www.turismegarrigues.com\/blog\/","name":"Turisme de les Garrigues","description":"Blog","potentialAction":[{"@type":"SearchAction","target":{"@type":"EntryPoint","urlTemplate":"https:\/\/www.turismegarrigues.com\/blog\/?s={search_term_string}"},"query-input":{"@type":"PropertyValueSpecification","valueRequired":true,"valueName":"search_term_string"}}],"inLanguage":"ca"},{"@type":"Person","@id":"https:\/\/www.turismegarrigues.com\/blog\/#\/schema\/person\/7ada9dce6475184bb0c0a652f29c9653","name":"turismegarrigues","image":{"@type":"ImageObject","inLanguage":"ca","@id":"https:\/\/www.turismegarrigues.com\/blog\/#\/schema\/person\/image\/","url":"https:\/\/secure.gravatar.com\/avatar\/2479dec683bf2f700ffae0009a0a72796d18201a99196df0e23b11ae9749e88e?s=96&d=mm&r=g","contentUrl":"https:\/\/secure.gravatar.com\/avatar\/2479dec683bf2f700ffae0009a0a72796d18201a99196df0e23b11ae9749e88e?s=96&d=mm&r=g","caption":"turismegarrigues"},"sameAs":["http:\/\/www.turismegarrigues.com\/"],"url":"https:\/\/www.turismegarrigues.com\/blog\/author\/turismegarrigues\/"}]}},"_links":{"self":[{"href":"https:\/\/www.turismegarrigues.com\/blog\/wp-json\/wp\/v2\/posts\/2564","targetHints":{"allow":["GET"]}}],"collection":[{"href":"https:\/\/www.turismegarrigues.com\/blog\/wp-json\/wp\/v2\/posts"}],"about":[{"href":"https:\/\/www.turismegarrigues.com\/blog\/wp-json\/wp\/v2\/types\/post"}],"author":[{"embeddable":true,"href":"https:\/\/www.turismegarrigues.com\/blog\/wp-json\/wp\/v2\/users\/2"}],"replies":[{"embeddable":true,"href":"https:\/\/www.turismegarrigues.com\/blog\/wp-json\/wp\/v2\/comments?post=2564"}],"version-history":[{"count":1,"href":"https:\/\/www.turismegarrigues.com\/blog\/wp-json\/wp\/v2\/posts\/2564\/revisions"}],"predecessor-version":[{"id":2567,"href":"https:\/\/www.turismegarrigues.com\/blog\/wp-json\/wp\/v2\/posts\/2564\/revisions\/2567"}],"wp:featuredmedia":[{"embeddable":true,"href":"https:\/\/www.turismegarrigues.com\/blog\/wp-json\/wp\/v2\/media\/2565"}],"wp:attachment":[{"href":"https:\/\/www.turismegarrigues.com\/blog\/wp-json\/wp\/v2\/media?parent=2564"}],"wp:term":[{"taxonomy":"category","embeddable":true,"href":"https:\/\/www.turismegarrigues.com\/blog\/wp-json\/wp\/v2\/categories?post=2564"},{"taxonomy":"post_tag","embeddable":true,"href":"https:\/\/www.turismegarrigues.com\/blog\/wp-json\/wp\/v2\/tags?post=2564"}],"curies":[{"name":"wp","href":"https:\/\/api.w.org\/{rel}","templated":true}]}}