{"id":2667,"date":"2022-07-12T17:24:57","date_gmt":"2022-07-12T15:24:57","guid":{"rendered":"https:\/\/www.turismegarrigues.com\/blog\/?p=2667"},"modified":"2022-07-12T17:24:58","modified_gmt":"2022-07-12T15:24:58","slug":"3-concerts-del-garrigues-guitar-festival-en-un-cap-de-setmana","status":"publish","type":"post","link":"https:\/\/www.turismegarrigues.com\/blog\/3-concerts-del-garrigues-guitar-festival-en-un-cap-de-setmana\/","title":{"rendered":"3 concerts del Garrigues Guitar Festival en un cap de setmana"},"content":{"rendered":"\n<p>El cap de setmana del 15 al de 17 de juliol podreu gaudir de 3 concerts del <strong>Garrigues Guitar Festival<\/strong>! Aquest festival t\u00e9 un doble objectiu, el primer, donar a con\u00e8ixer i retre homenatge al mestre guitarrista i music\u00f2leg garriguenc Emili Pujol (la Granadella, 1886 \u2013 Barcelona, 1980) figura representativa internacional de l\u2019instrument de la guitarra al segle XX i el segon, descobrir el patrimoni cultural i gastron\u00f2mic de la comarca de les Garrigues. Els concerts es porten a terme en esgl\u00e9sies rom\u00e0niques, en castells, al centre d\u2019interpretaci\u00f3 de les pintures rupestres de la Cova del Moro del Cogul\u2026<\/p>\n\n\n\n<p><strong>1. Ana Maria Iordache a Torrebesses<\/strong><\/p>\n\n\n\n<p>El divendres 15 de juliol, arriba Ana Maria Iordache amb la seva guitarra cl\u00e0ssica a Torrebesses on podreu gaudir del seu concert \u201cDe Bach a Alb\u00e9niz\u201d. Nascuda a Bucarest, Ana Maria Iordache \u00e9s una de les guitarristes cl\u00e0ssiques romaneses m\u00e9s destacades de la seva generaci\u00f3. Premiada en m\u00faltiples concursos internacionals de guitarra de prestigi, ha rebut el guard\u00f3 del primer premi al Certamen Llobet 2021. Va comen\u00e7ar a tocar la guitarra a l\u2019edat de sis anys. \u00c9s llicenciada per la Universitat de Bucarest i t\u00e9 un m\u00e0ster per la Universitat d\u2019Arizona, on actualment cursa el doctorat en Arts Musicals. Presenta un recorregut de grans mestres entre segles: de Bach i Scarlatti fins a Llobet i Alb\u00e9niz.<\/p>\n\n\n\n<figure class=\"wp-block-embed is-type-video is-provider-youtube wp-block-embed-youtube wp-embed-aspect-16-9 wp-has-aspect-ratio\"><div class=\"wp-block-embed__wrapper\">\n<iframe loading=\"lazy\" title=\"ART LLOBET 2021 | ANA MARIA IORDACHE | Sonata K 239 - Domenico Scarlatti\" width=\"1200\" height=\"675\" src=\"https:\/\/www.youtube.com\/embed\/T-mixKeWAFI?feature=oembed\" frameborder=\"0\" allow=\"accelerometer; autoplay; clipboard-write; encrypted-media; gyroscope; picture-in-picture\" allowfullscreen><\/iframe>\n<\/div><\/figure>\n\n\n\n<p>Tindr\u00e0 lloc a les 20 h a l\u2019Esgl\u00e9sia Sant Salvador.<\/p>\n\n\n\n<p><strong>2. Nicol\u00e1s Guill\u00e9n Acevedo a Vinaixa<\/strong><\/p>\n\n\n\n<p>El dissabte 16 de juliol a les 20h, us convidem a gaudir del concert de Nicol\u00e1s Guill\u00e9n Acevedo a l\u2019Esgl\u00e9sia Sant Joan Baptista. Nascut a Xile, comen\u00e7a els estudis amb onze anys sota el guiatge de la seva mare. Es llicencia amb distinci\u00f3 m\u00e0xima a la Facultat d\u2019Arts de la Universitat de Xile. Guanyador del Certamen Internacional de Guitarra Emili Pujol celebrat a La Granadella el 2019, es titula amb el M\u00e0ster en Interpretaci\u00f3 al Conservatori del Liceu i amb un m\u00e0ster en Educaci\u00f3 a la Universitat de Barcelona. Presenta Sonata, amb obres de Brouwer, Jos\u00e9 o Ginastera.<\/p>\n\n\n\n<figure class=\"wp-block-embed is-type-video is-provider-youtube wp-block-embed-youtube wp-embed-aspect-16-9 wp-has-aspect-ratio\"><div class=\"wp-block-embed__wrapper\">\n<iframe loading=\"lazy\" title=\"Berkeley Sonatina - Nicolas Acevedo plays 1958 Fleta\" width=\"1200\" height=\"675\" src=\"https:\/\/www.youtube.com\/embed\/GIC7L-0olMc?feature=oembed\" frameborder=\"0\" allow=\"accelerometer; autoplay; clipboard-write; encrypted-media; gyroscope; picture-in-picture\" allowfullscreen><\/iframe>\n<\/div><\/figure>\n\n\n\n<p><strong>3. Duo Terracota a la Granadella<\/strong><\/p>\n\n\n\n<p>El dissabte 17 de juliol a les 19.30h a l\u2019Esgl\u00e9sia Santa Maria de Gr\u00e0cia de la Granadella us convidem al concert del Duo Terracota format per Jordi Roure, viola i Carles Herraiz, guitarra cl\u00e0ssica. El Duo Terracota pren aquest nom de la \u201cterra cuita\u201d, l\u2019argila modelada i endurida al forn, i com a representaci\u00f3 de la uni\u00f3 cultural entre els pobles. Aquests dos m\u00fasics catalans ens proposen una vetllada m\u00e0gica plena de passi\u00f3, sentiment i enc\u00eds amb obres arranjades de Pujol, Granados, Alb\u00e9niz i d\u2019altres, que ens far\u00e0 recordar, sentir i bategar amb l\u2019ess\u00e8ncia del nostre imaginari col\u00b7lectiu i meravell\u00f3s folklore musical.<\/p>\n\n\n\n<figure class=\"wp-block-embed is-type-video is-provider-youtube wp-block-embed-youtube wp-embed-aspect-16-9 wp-has-aspect-ratio\"><div class=\"wp-block-embed__wrapper\">\n<iframe loading=\"lazy\" title=\"Carles Herraiz Barcarola. Emili Pujol\" width=\"1200\" height=\"675\" src=\"https:\/\/www.youtube.com\/embed\/yA3EZ_jbnZk?feature=oembed\" frameborder=\"0\" allow=\"accelerometer; autoplay; clipboard-write; encrypted-media; gyroscope; picture-in-picture\" allowfullscreen><\/iframe>\n<\/div><\/figure>\n\n\n\n<p>L\u2019entrada \u00e9s lliure amb<a href=\"https:\/\/www.eventbrite.es\/e\/entradas-garriguitar-2022-biosca-garcia-duet-barbars-355124726617\"> reserva<\/a> pr\u00e8via.<\/p>\n\n\n\n<p>No oblidis compartir les teves fotografies a Instagram amb l\u2019etiqueta #TurismeLesGarrigues!<\/p>\n\n\n\n<p>*Imatge portada de Borges TV<\/p>\n","protected":false},"excerpt":{"rendered":"<p>El cap de setmana del 15 al de 17 de juliol podreu gaudir de 3 concerts del Garrigues Guitar Festival! Aquest festival t\u00e9 un doble objectiu, el primer, donar a con\u00e8ixer i retre homenatge al mestre guitarrista i music\u00f2leg garriguenc Emili Pujol (la Granadella, 1886 \u2013 Barcelona, 1980) figura representativa internacional de l\u2019instrument de la &#8230; <a title=\"3 concerts del Garrigues Guitar Festival en un cap de setmana\" class=\"read-more\" href=\"https:\/\/www.turismegarrigues.com\/blog\/3-concerts-del-garrigues-guitar-festival-en-un-cap-de-setmana\/\" aria-label=\"M\u00e9s informaci\u00f3 sobre 3 concerts del Garrigues Guitar Festival en un cap de setmana\">Llegiu m\u00e9s<\/a><\/p>\n","protected":false},"author":2,"featured_media":2668,"comment_status":"closed","ping_status":"closed","sticky":false,"template":"","format":"standard","meta":{"footnotes":""},"categories":[1],"tags":[112,114,66,38,122,87],"class_list":["post-2667","post","type-post","status-publish","format-standard","has-post-thumbnail","hentry","category-turisme","tag-garrigues-guitar-festival","tag-garriguitar","tag-la-granadella","tag-les-garrigues","tag-torrebesses","tag-vinaixa"],"yoast_head":"<!-- This site is optimized with the Yoast SEO plugin v24.4 - https:\/\/yoast.com\/wordpress\/plugins\/seo\/ -->\n<title>3 concerts del Garrigues Guitar Festival en un cap de setmana - Turisme de les Garrigues<\/title>\n<meta name=\"robots\" content=\"index, follow, max-snippet:-1, max-image-preview:large, max-video-preview:-1\" \/>\n<link rel=\"canonical\" href=\"https:\/\/www.turismegarrigues.com\/blog\/3-concerts-del-garrigues-guitar-festival-en-un-cap-de-setmana\/\" \/>\n<meta property=\"og:locale\" content=\"ca_ES\" \/>\n<meta property=\"og:type\" content=\"article\" \/>\n<meta property=\"og:title\" content=\"3 concerts del Garrigues Guitar Festival en un cap de setmana - Turisme de les Garrigues\" \/>\n<meta property=\"og:description\" content=\"El cap de setmana del 15 al de 17 de juliol podreu gaudir de 3 concerts del Garrigues Guitar Festival! Aquest festival t\u00e9 un doble objectiu, el primer, donar a con\u00e8ixer i retre homenatge al mestre guitarrista i music\u00f2leg garriguenc Emili Pujol (la Granadella, 1886 \u2013 Barcelona, 1980) figura representativa internacional de l\u2019instrument de la ... Llegiu m\u00e9s\" \/>\n<meta property=\"og:url\" content=\"https:\/\/www.turismegarrigues.com\/blog\/3-concerts-del-garrigues-guitar-festival-en-un-cap-de-setmana\/\" \/>\n<meta property=\"og:site_name\" content=\"Turisme de les Garrigues\" \/>\n<meta property=\"article:published_time\" content=\"2022-07-12T15:24:57+00:00\" \/>\n<meta property=\"article:modified_time\" content=\"2022-07-12T15:24:58+00:00\" \/>\n<meta property=\"og:image\" content=\"https:\/\/www.turismegarrigues.com\/blog\/wp-content\/uploads\/Beltrings-duo.00_00_46_14.Imagen-fija002.jpg\" \/>\n\t<meta property=\"og:image:width\" content=\"1024\" \/>\n\t<meta property=\"og:image:height\" content=\"576\" \/>\n\t<meta property=\"og:image:type\" content=\"image\/jpeg\" \/>\n<meta name=\"author\" content=\"turismegarrigues\" \/>\n<meta name=\"twitter:card\" content=\"summary_large_image\" \/>\n<meta name=\"twitter:label1\" content=\"Escrit per\" \/>\n\t<meta name=\"twitter:data1\" content=\"turismegarrigues\" \/>\n\t<meta name=\"twitter:label2\" content=\"Temps estimat de lectura\" \/>\n\t<meta name=\"twitter:data2\" content=\"3 minuts\" \/>\n<script type=\"application\/ld+json\" class=\"yoast-schema-graph\">{\"@context\":\"https:\/\/schema.org\",\"@graph\":[{\"@type\":\"WebPage\",\"@id\":\"https:\/\/www.turismegarrigues.com\/blog\/3-concerts-del-garrigues-guitar-festival-en-un-cap-de-setmana\/\",\"url\":\"https:\/\/www.turismegarrigues.com\/blog\/3-concerts-del-garrigues-guitar-festival-en-un-cap-de-setmana\/\",\"name\":\"3 concerts del Garrigues Guitar Festival en un cap de setmana - Turisme de les Garrigues\",\"isPartOf\":{\"@id\":\"https:\/\/www.turismegarrigues.com\/blog\/#website\"},\"primaryImageOfPage\":{\"@id\":\"https:\/\/www.turismegarrigues.com\/blog\/3-concerts-del-garrigues-guitar-festival-en-un-cap-de-setmana\/#primaryimage\"},\"image\":{\"@id\":\"https:\/\/www.turismegarrigues.com\/blog\/3-concerts-del-garrigues-guitar-festival-en-un-cap-de-setmana\/#primaryimage\"},\"thumbnailUrl\":\"https:\/\/www.turismegarrigues.com\/blog\/wp-content\/uploads\/Beltrings-duo.00_00_46_14.Imagen-fija002.jpg\",\"datePublished\":\"2022-07-12T15:24:57+00:00\",\"dateModified\":\"2022-07-12T15:24:58+00:00\",\"author\":{\"@id\":\"https:\/\/www.turismegarrigues.com\/blog\/#\/schema\/person\/7ada9dce6475184bb0c0a652f29c9653\"},\"breadcrumb\":{\"@id\":\"https:\/\/www.turismegarrigues.com\/blog\/3-concerts-del-garrigues-guitar-festival-en-un-cap-de-setmana\/#breadcrumb\"},\"inLanguage\":\"ca\",\"potentialAction\":[{\"@type\":\"ReadAction\",\"target\":[\"https:\/\/www.turismegarrigues.com\/blog\/3-concerts-del-garrigues-guitar-festival-en-un-cap-de-setmana\/\"]}]},{\"@type\":\"ImageObject\",\"inLanguage\":\"ca\",\"@id\":\"https:\/\/www.turismegarrigues.com\/blog\/3-concerts-del-garrigues-guitar-festival-en-un-cap-de-setmana\/#primaryimage\",\"url\":\"https:\/\/www.turismegarrigues.com\/blog\/wp-content\/uploads\/Beltrings-duo.00_00_46_14.Imagen-fija002.jpg\",\"contentUrl\":\"https:\/\/www.turismegarrigues.com\/blog\/wp-content\/uploads\/Beltrings-duo.00_00_46_14.Imagen-fija002.jpg\",\"width\":1024,\"height\":576},{\"@type\":\"BreadcrumbList\",\"@id\":\"https:\/\/www.turismegarrigues.com\/blog\/3-concerts-del-garrigues-guitar-festival-en-un-cap-de-setmana\/#breadcrumb\",\"itemListElement\":[{\"@type\":\"ListItem\",\"position\":1,\"name\":\"Inici\",\"item\":\"https:\/\/www.turismegarrigues.com\/blog\/\"},{\"@type\":\"ListItem\",\"position\":2,\"name\":\"3 concerts del Garrigues Guitar Festival en un cap de setmana\"}]},{\"@type\":\"WebSite\",\"@id\":\"https:\/\/www.turismegarrigues.com\/blog\/#website\",\"url\":\"https:\/\/www.turismegarrigues.com\/blog\/\",\"name\":\"Turisme de les Garrigues\",\"description\":\"Blog\",\"potentialAction\":[{\"@type\":\"SearchAction\",\"target\":{\"@type\":\"EntryPoint\",\"urlTemplate\":\"https:\/\/www.turismegarrigues.com\/blog\/?s={search_term_string}\"},\"query-input\":{\"@type\":\"PropertyValueSpecification\",\"valueRequired\":true,\"valueName\":\"search_term_string\"}}],\"inLanguage\":\"ca\"},{\"@type\":\"Person\",\"@id\":\"https:\/\/www.turismegarrigues.com\/blog\/#\/schema\/person\/7ada9dce6475184bb0c0a652f29c9653\",\"name\":\"turismegarrigues\",\"image\":{\"@type\":\"ImageObject\",\"inLanguage\":\"ca\",\"@id\":\"https:\/\/www.turismegarrigues.com\/blog\/#\/schema\/person\/image\/\",\"url\":\"https:\/\/secure.gravatar.com\/avatar\/2479dec683bf2f700ffae0009a0a72796d18201a99196df0e23b11ae9749e88e?s=96&d=mm&r=g\",\"contentUrl\":\"https:\/\/secure.gravatar.com\/avatar\/2479dec683bf2f700ffae0009a0a72796d18201a99196df0e23b11ae9749e88e?s=96&d=mm&r=g\",\"caption\":\"turismegarrigues\"},\"sameAs\":[\"http:\/\/www.turismegarrigues.com\/\"],\"url\":\"https:\/\/www.turismegarrigues.com\/blog\/author\/turismegarrigues\/\"}]}<\/script>\n<!-- \/ Yoast SEO plugin. -->","yoast_head_json":{"title":"3 concerts del Garrigues Guitar Festival en un cap de setmana - Turisme de les Garrigues","robots":{"index":"index","follow":"follow","max-snippet":"max-snippet:-1","max-image-preview":"max-image-preview:large","max-video-preview":"max-video-preview:-1"},"canonical":"https:\/\/www.turismegarrigues.com\/blog\/3-concerts-del-garrigues-guitar-festival-en-un-cap-de-setmana\/","og_locale":"ca_ES","og_type":"article","og_title":"3 concerts del Garrigues Guitar Festival en un cap de setmana - Turisme de les Garrigues","og_description":"El cap de setmana del 15 al de 17 de juliol podreu gaudir de 3 concerts del Garrigues Guitar Festival! Aquest festival t\u00e9 un doble objectiu, el primer, donar a con\u00e8ixer i retre homenatge al mestre guitarrista i music\u00f2leg garriguenc Emili Pujol (la Granadella, 1886 \u2013 Barcelona, 1980) figura representativa internacional de l\u2019instrument de la ... Llegiu m\u00e9s","og_url":"https:\/\/www.turismegarrigues.com\/blog\/3-concerts-del-garrigues-guitar-festival-en-un-cap-de-setmana\/","og_site_name":"Turisme de les Garrigues","article_published_time":"2022-07-12T15:24:57+00:00","article_modified_time":"2022-07-12T15:24:58+00:00","og_image":[{"width":1024,"height":576,"url":"https:\/\/www.turismegarrigues.com\/blog\/wp-content\/uploads\/Beltrings-duo.00_00_46_14.Imagen-fija002.jpg","type":"image\/jpeg"}],"author":"turismegarrigues","twitter_card":"summary_large_image","twitter_misc":{"Escrit per":"turismegarrigues","Temps estimat de lectura":"3 minuts"},"schema":{"@context":"https:\/\/schema.org","@graph":[{"@type":"WebPage","@id":"https:\/\/www.turismegarrigues.com\/blog\/3-concerts-del-garrigues-guitar-festival-en-un-cap-de-setmana\/","url":"https:\/\/www.turismegarrigues.com\/blog\/3-concerts-del-garrigues-guitar-festival-en-un-cap-de-setmana\/","name":"3 concerts del Garrigues Guitar Festival en un cap de setmana - Turisme de les Garrigues","isPartOf":{"@id":"https:\/\/www.turismegarrigues.com\/blog\/#website"},"primaryImageOfPage":{"@id":"https:\/\/www.turismegarrigues.com\/blog\/3-concerts-del-garrigues-guitar-festival-en-un-cap-de-setmana\/#primaryimage"},"image":{"@id":"https:\/\/www.turismegarrigues.com\/blog\/3-concerts-del-garrigues-guitar-festival-en-un-cap-de-setmana\/#primaryimage"},"thumbnailUrl":"https:\/\/www.turismegarrigues.com\/blog\/wp-content\/uploads\/Beltrings-duo.00_00_46_14.Imagen-fija002.jpg","datePublished":"2022-07-12T15:24:57+00:00","dateModified":"2022-07-12T15:24:58+00:00","author":{"@id":"https:\/\/www.turismegarrigues.com\/blog\/#\/schema\/person\/7ada9dce6475184bb0c0a652f29c9653"},"breadcrumb":{"@id":"https:\/\/www.turismegarrigues.com\/blog\/3-concerts-del-garrigues-guitar-festival-en-un-cap-de-setmana\/#breadcrumb"},"inLanguage":"ca","potentialAction":[{"@type":"ReadAction","target":["https:\/\/www.turismegarrigues.com\/blog\/3-concerts-del-garrigues-guitar-festival-en-un-cap-de-setmana\/"]}]},{"@type":"ImageObject","inLanguage":"ca","@id":"https:\/\/www.turismegarrigues.com\/blog\/3-concerts-del-garrigues-guitar-festival-en-un-cap-de-setmana\/#primaryimage","url":"https:\/\/www.turismegarrigues.com\/blog\/wp-content\/uploads\/Beltrings-duo.00_00_46_14.Imagen-fija002.jpg","contentUrl":"https:\/\/www.turismegarrigues.com\/blog\/wp-content\/uploads\/Beltrings-duo.00_00_46_14.Imagen-fija002.jpg","width":1024,"height":576},{"@type":"BreadcrumbList","@id":"https:\/\/www.turismegarrigues.com\/blog\/3-concerts-del-garrigues-guitar-festival-en-un-cap-de-setmana\/#breadcrumb","itemListElement":[{"@type":"ListItem","position":1,"name":"Inici","item":"https:\/\/www.turismegarrigues.com\/blog\/"},{"@type":"ListItem","position":2,"name":"3 concerts del Garrigues Guitar Festival en un cap de setmana"}]},{"@type":"WebSite","@id":"https:\/\/www.turismegarrigues.com\/blog\/#website","url":"https:\/\/www.turismegarrigues.com\/blog\/","name":"Turisme de les Garrigues","description":"Blog","potentialAction":[{"@type":"SearchAction","target":{"@type":"EntryPoint","urlTemplate":"https:\/\/www.turismegarrigues.com\/blog\/?s={search_term_string}"},"query-input":{"@type":"PropertyValueSpecification","valueRequired":true,"valueName":"search_term_string"}}],"inLanguage":"ca"},{"@type":"Person","@id":"https:\/\/www.turismegarrigues.com\/blog\/#\/schema\/person\/7ada9dce6475184bb0c0a652f29c9653","name":"turismegarrigues","image":{"@type":"ImageObject","inLanguage":"ca","@id":"https:\/\/www.turismegarrigues.com\/blog\/#\/schema\/person\/image\/","url":"https:\/\/secure.gravatar.com\/avatar\/2479dec683bf2f700ffae0009a0a72796d18201a99196df0e23b11ae9749e88e?s=96&d=mm&r=g","contentUrl":"https:\/\/secure.gravatar.com\/avatar\/2479dec683bf2f700ffae0009a0a72796d18201a99196df0e23b11ae9749e88e?s=96&d=mm&r=g","caption":"turismegarrigues"},"sameAs":["http:\/\/www.turismegarrigues.com\/"],"url":"https:\/\/www.turismegarrigues.com\/blog\/author\/turismegarrigues\/"}]}},"_links":{"self":[{"href":"https:\/\/www.turismegarrigues.com\/blog\/wp-json\/wp\/v2\/posts\/2667","targetHints":{"allow":["GET"]}}],"collection":[{"href":"https:\/\/www.turismegarrigues.com\/blog\/wp-json\/wp\/v2\/posts"}],"about":[{"href":"https:\/\/www.turismegarrigues.com\/blog\/wp-json\/wp\/v2\/types\/post"}],"author":[{"embeddable":true,"href":"https:\/\/www.turismegarrigues.com\/blog\/wp-json\/wp\/v2\/users\/2"}],"replies":[{"embeddable":true,"href":"https:\/\/www.turismegarrigues.com\/blog\/wp-json\/wp\/v2\/comments?post=2667"}],"version-history":[{"count":1,"href":"https:\/\/www.turismegarrigues.com\/blog\/wp-json\/wp\/v2\/posts\/2667\/revisions"}],"predecessor-version":[{"id":2670,"href":"https:\/\/www.turismegarrigues.com\/blog\/wp-json\/wp\/v2\/posts\/2667\/revisions\/2670"}],"wp:featuredmedia":[{"embeddable":true,"href":"https:\/\/www.turismegarrigues.com\/blog\/wp-json\/wp\/v2\/media\/2668"}],"wp:attachment":[{"href":"https:\/\/www.turismegarrigues.com\/blog\/wp-json\/wp\/v2\/media?parent=2667"}],"wp:term":[{"taxonomy":"category","embeddable":true,"href":"https:\/\/www.turismegarrigues.com\/blog\/wp-json\/wp\/v2\/categories?post=2667"},{"taxonomy":"post_tag","embeddable":true,"href":"https:\/\/www.turismegarrigues.com\/blog\/wp-json\/wp\/v2\/tags?post=2667"}],"curies":[{"name":"wp","href":"https:\/\/api.w.org\/{rel}","templated":true}]}}