{"id":2678,"date":"2022-07-29T16:15:37","date_gmt":"2022-07-29T14:15:37","guid":{"rendered":"https:\/\/www.turismegarrigues.com\/blog\/?p=2678"},"modified":"2022-09-06T12:33:35","modified_gmt":"2022-09-06T10:33:35","slug":"llocs-amb-encant-on-allotjar-te-a-les-garrigues","status":"publish","type":"post","link":"https:\/\/www.turismegarrigues.com\/blog\/llocs-amb-encant-on-allotjar-te-a-les-garrigues\/","title":{"rendered":"Llocs amb encant on allotjar-te a les Garrigues"},"content":{"rendered":"\n<p>Si aquest estiu, busques tranquil\u00b7litat, nits fresques, activitats de tota mena i bona gastronomia, la comarca de <strong>les Garrigues<\/strong> \u00e9s el dest\u00ed ideal per gaudir d&#8217;unes vacances relaxants i de proximitat. Un dels punts importants a l&#8217;hora de preparar la teva escapada \u00e9s triar un allotjament que s&#8217;adapti als teus gustos i necessitats! Per aquest motiu, avui et portem una llista de 24 allotjaments perfectes per la teva estan\u00e7a a la nostra comarca:<\/p>\n\n\n\n<p><strong>1. Allotjaments per anar amb els petits de la casa&nbsp;<\/strong><\/p>\n\n\n\n<p><strong>Lo Mol\u00ed, Juneda<\/strong><\/p>\n\n\n\n<p>Allotjament al peu de la Femosa, antic mol\u00ed de farina. Compta amb un jard\u00ed, una piscina espectacular i jocs de taula pels m\u00e9s menuts de la casa. El Mol\u00ed produeix un sentiment de tranquil\u00b7litat i benestar, \u00e9s el lloc ideal per trobar l&#8217;equilibri entre cos i ment.<\/p>\n\n\n\n<figure class=\"wp-block-image\"><img decoding=\"async\" src=\"https:\/\/lh4.googleusercontent.com\/d4R_fTPUg7vii10pevVxqHzZHrJ747bzsKr99zMQ-HxT8G_GQbyIJ2uz_RMSdDClFcTBzjDudsa50_KIgLcGaAccMiTqgj6jYiZxVYUlgaqu7AZfUQAdHAFs04lq9seJEVQUANiQ74hD5QW8505Guhs\" alt=\"\"\/><\/figure>\n\n\n\n<p>Reserves<\/p>\n\n\n\n<figure class=\"wp-block-embed is-type-wp-embed is-provider-lo-moli wp-block-embed-lo-moli\"><div class=\"wp-block-embed__wrapper\">\n<blockquote class=\"wp-embedded-content\" data-secret=\"9G6kn71ruL\"><a href=\"https:\/\/lomolijuneda.com\/contacte\/\">Contacte<\/a><\/blockquote><iframe loading=\"lazy\" class=\"wp-embedded-content\" sandbox=\"allow-scripts\" security=\"restricted\" style=\"position: absolute; clip: rect(1px, 1px, 1px, 1px);\" title=\"\u00abContacte\u00bb \u2014 Lo Mol\u00ed\" src=\"https:\/\/lomolijuneda.com\/contacte\/embed\/#?secret=9G6kn71ruL\" data-secret=\"9G6kn71ruL\" width=\"600\" height=\"338\" frameborder=\"0\" marginwidth=\"0\" marginheight=\"0\" scrolling=\"no\"><\/iframe>\n<\/div><\/figure>\n\n\n\n<p><strong>Cal Pitxo i Cal Miquel, Arbeca<\/strong><\/p>\n\n\n\n<p>Cal Pitxo \u00e9s un allotjament rural de 40 metres quadrats empla\u00e7at en una casa d&#8217;\u00fas tur\u00edstic de pedra del segle XVIII a Arbeca. Disposa d&#8217;una habitaci\u00f3 amb llit de matrimoni un sal\u00f3, cuina d&#8217;un sol ambient i un bany amb jacuzzi per a dues persones. La cuina aquesta totalment equipada i inclou la roba de llit, ideal per a dues persones o matrimoni amb nens petits.<\/p>\n\n\n\n<p>Reserves<\/p>\n\n\n\n<p><a href=\"https:\/\/www.airbnb.es\/rooms\/20595966?adults=1&amp;children=0&amp;infants=0&amp;check_in=2022-08-17&amp;check_out=2022-08-24&amp;federated_search_id=17200605-c382-4f78-81a4-aaf6c64dee6c&amp;source_impression_id=p3_1659025843_KfK1xQjC6ojiSwZ2\">https:\/\/www.airbnb.es\/rooms\/20595966?adults=1&amp;children=0&amp;infants=0&amp;check_in=2022-08-17&amp;check_out=2022-08-24&amp;federated_search_id=17200605-c382-4f78-81a4-aaf6c64dee6c&amp;source_impression_id=p3_1659025843_KfK1xQjC6ojiSwZ2<\/a><\/p>\n\n\n\n<p>Cal Miquel \u00e9s un apartament empla\u00e7at en el barri antic de la vila d&#8217;Arbeca, situat en el primer pis d&#8217;una casa d&#8217;\u00fas tur\u00edstic de pedra del segle XVIII. L&#8217;apartament de 40 metres quadrats disposa de banyera d&#8217;hidromassatge per a dues persones, una habitaci\u00f3 de matrimoni, i una cuina aquesta totalment equipada.<\/p>\n\n\n\n<p>En el sal\u00f3 &#8211; cuina d&#8217;un sol ambient, hi ha un sofa-llit per a dues persones, perfecte per a nens o parelles joves.<\/p>\n\n\n\n<p>Reserves<\/p>\n\n\n\n<p><a href=\"https:\/\/www.airbnb.es\/rooms\/27999413?adults=1&amp;children=0&amp;infants=0&amp;check_in=2023-06-13&amp;check_out=2023-06-20&amp;federated_search_id=17200605-c382-4f78-81a4-aaf6c64dee6c&amp;source_impression_id=p3_1659025763_%2BPdIyUF1KpPlhano\">https:\/\/www.airbnb.es\/rooms\/27999413?adults=1&amp;children=0&amp;infants=0&amp;check_in=2023-06-13&amp;check_out=2023-06-20&amp;federated_search_id=17200605-c382-4f78-81a4-aaf6c64dee6c&amp;source_impression_id=p3_1659025763_%2BPdIyUF1KpPlhano<\/a><\/p>\n\n\n\n<p><strong>Villa Gallart, la Pobla de C\u00e9rvoles<\/strong><\/p>\n\n\n\n<p>La casa rural compta amb 3 dormitoris, 3 banys, roba de llit, tovalloles, TV de pantalla plana, zona de menjador, cuina totalment equipada, pati amb vista al jard\u00ed i piscina! A m\u00e9s, els petits de la casa podran portar les seves mascotes!<\/p>\n\n\n\n<p>Reserves<\/p>\n\n\n\n<p><a href=\"https:\/\/www.booking.com\/hotel\/es\/villa-gallart.es.html\">https:\/\/www.booking.com\/hotel\/es\/villa-gallart.es.html<\/a><\/p>\n\n\n\n<p><strong>2. Allotjaments amb spa<\/strong><\/p>\n\n\n\n<p><strong>La Cantera Rural Spa, Vinaixa<\/strong><\/p>\n\n\n\n<p>\u00c9s una casa de luxe pensada per al benestar de les persones al seu interior \u00e9s un espai cultural basat en la pedra natural. \u00c9s de lloguer complet per a un m\u00e0xim de 10 persones, per tant, tens la seguretat que durant la seva estada no conviur\u00e0s amb cap altre client.<\/p>\n\n\n\n<p>\u00c9s un lloc especial on trobar\u00e0s la tranquil\u00b7litat i comoditat al costat d&#8217;una zona rural on poder descansar i gaudir d&#8217;una privadesa i intimitat de son.<\/p>\n\n\n\n<p>Dins l&#8217;allotjament La Cantera Rural Spa trobar\u00e0s diferents zones i diferents ambients, com pot ser a l&#8217;interior de les habitacions amb la cromoter\u00e0pia, els televisors intel\u00b7ligents connectats a Internet, la cuina totalment equipada, bugaderia completa, bonica cuina i un ampli sal\u00f3, relaxar-se i depurar b\u00e9 el cos hi ha la zona Spa i Sauna tot aix\u00f2 situat a l&#8217;interior de l&#8217;allotjament.<\/p>\n\n\n\n<p>A l\u2019exterior hi ha un gran jard\u00ed amb gespa, barbacoa totalment equipada, carpes amb ombra, parc infantil i piscina que inclou una zona per als nens (amb una profunditat de 30 cm).<\/p>\n\n\n\n<p>Si el que busques \u00e9s descansar i relaxar-te aqu\u00ed trobar\u00e0s la soluci\u00f3 perfecta.&nbsp;<\/p>\n\n\n\n<figure class=\"wp-block-image\"><img decoding=\"async\" src=\"https:\/\/lh5.googleusercontent.com\/Xa8iGSKT7ekdKhkMPecVUQe9ah5Dtm22qPCisAflWv-M2qEst42Y4Lh7C41HB0FeTjBaWSrru0i56Gd3ZG2xHBypZS9ztuuUnKOgpnROb-2jICC0DktiWhqBXp2FEhK8DBVeK-zJ2OTu592CU1DxeyU\" alt=\"\"\/><\/figure>\n\n\n\n<p>Reserves<\/p>\n\n\n\n<figure class=\"wp-block-embed is-type-wp-embed is-provider-la-cantera-rural-spa wp-block-embed-la-cantera-rural-spa\"><div class=\"wp-block-embed__wrapper\">\n<blockquote class=\"wp-embedded-content\" data-secret=\"qLGhnap5Ui\"><a href=\"https:\/\/lacanterarural.com\/\">Home<\/a><\/blockquote><iframe loading=\"lazy\" class=\"wp-embedded-content\" sandbox=\"allow-scripts\" security=\"restricted\" style=\"position: absolute; clip: rect(1px, 1px, 1px, 1px);\" title=\"\u00abHome\u00bb \u2014 La Cantera Rural Spa\" src=\"https:\/\/lacanterarural.com\/embed\/#?secret=KTfAy0q5qt#?secret=qLGhnap5Ui\" data-secret=\"qLGhnap5Ui\" width=\"600\" height=\"338\" frameborder=\"0\" marginwidth=\"0\" marginheight=\"0\" scrolling=\"no\"><\/iframe>\n<\/div><\/figure>\n\n\n\n<p><strong>Cal Miquel\u00f3, Puiggr\u00f2s:<\/strong><\/p>\n\n\n\n<p>Combina el m\u00f3n rural amb el m\u00f3n modern oferint estances que mantenen l&#8217;estil r\u00fastic combinat amb estil modern i minimalista. L&#8217;Spa de Cal Miquel\u00f3 est\u00e0 ubicat al que era l&#8217;antic celler de la casa. M\u00e9s de 200 anys d&#8217;hist\u00f2ria respiren per les parets que embolcallen un espai del S. XVIII remodelat per oferir un espai de relaxaci\u00f3 i calma pels nostres hostes. Hi trobareu una piscina termal, jacuzzi, sauna finlandesa i dutxa amb gel d&#8217;aromes d&#8217;oli d&#8217;oliva.<\/p>\n\n\n\n<p>Tamb\u00e9 admeten mascotes i gaudireu d&#8217;un esmorzar amb productes artesans i ecos de la zona incl\u00f2s.<\/p>\n\n\n\n<figure class=\"wp-block-image\"><img decoding=\"async\" src=\"https:\/\/lh6.googleusercontent.com\/2P619uvrNPDgEkcHHiWjO4KQrEWD69sdNh8Lr6HAb6IewFpbuG8P64ugVP1Dlhu8vO5iL-z_dkWfkpxDUbxGyvSE0d525TuRSNJ8mi8qOCtz1sKxOXCjmFvPEOUBc_qeaoWsDlLq7JacPCAqhtte_q4\" alt=\"\"\/><\/figure>\n\n\n\n<p>Reserves<\/p>\n\n\n\n<figure class=\"wp-block-embed is-type-wp-embed is-provider-cal-miquelo-1778 wp-block-embed-cal-miquelo-1778\"><div class=\"wp-block-embed__wrapper\">\n<blockquote class=\"wp-embedded-content\" data-secret=\"DqE3giztZX\"><a href=\"https:\/\/calmiquelo1778.com\/\">La casa<\/a><\/blockquote><iframe loading=\"lazy\" class=\"wp-embedded-content\" sandbox=\"allow-scripts\" security=\"restricted\" style=\"position: absolute; clip: rect(1px, 1px, 1px, 1px);\" title=\"&#8220;La casa&#8221; &#8212; Cal Miquel\u00f3 1778\" src=\"https:\/\/calmiquelo1778.com\/embed\/#?secret=DqE3giztZX\" data-secret=\"DqE3giztZX\" width=\"600\" height=\"338\" frameborder=\"0\" marginwidth=\"0\" marginheight=\"0\" scrolling=\"no\"><\/iframe>\n<\/div><\/figure>\n\n\n\n<p><strong>3. Allotjaments on gaudir d\u2019experi\u00e8ncies gastron\u00f2miques o enotur\u00edstiques<\/strong><\/p>\n\n\n\n<p><strong>Casa Cinc Sons, la Pobla de C\u00e9rvoles<\/strong><\/p>\n\n\n\n<p>La casa ha estat recentment reformada per l\u2019arquitecte Ra\u00fal S\u00e1nchez. Es va inspirar amb el projecte art\u00edstic La Vinya dels Artistes del celler Mas Blanch i Jov\u00e9 i juga amb la fusta, el ferro i els vidres per crear espais \u00fanics.<\/p>\n\n\n\n<p>Les persones que s\u2019allotgin a la casa Cinc Sons estan convidades a una visita amb tast de vins al celler Mas Blanch i Jov\u00e9.<\/p>\n\n\n\n<figure class=\"wp-block-image\"><img decoding=\"async\" src=\"https:\/\/lh5.googleusercontent.com\/KkkrEspleu_jpS3euHuHt6RIXDK4W-66zqlFW4wfb1VidNZbVZHaj5PKaFNG7PbokD5xW7SWKt9oJ2nWt89k9ivKLXsmX5tPKMUbKhzUvCRciGwtxxGSiI5FeTVLADYQJ1A4G7KfpD5SsePOksxs38Q\" alt=\"\"\/><\/figure>\n\n\n\n<figure class=\"wp-block-image\"><img decoding=\"async\" src=\"https:\/\/lh6.googleusercontent.com\/UTuLc7XQG1KW00M1zXy5pGaiMXvUkl3nVali8EO_yKW8_iORQfnrZddakWE_85jeVn-bOHVXeC57L9HA1uMK85RnIXyQbbjp0R0_q2Xt76BzVF2c2lRNxmWsUGIOdxu1JlF8i8duoaMOyTJ4vLUhRBE\" alt=\"\"\/><\/figure>\n\n\n\n<p>L\u2019allotjament t\u00e9 capacitat per 10 persones. Consta d\u2019un porxo amb taula i cadires i barbacoa exterior, una cuina amb tots els estris, un ampli menjador amb llar de foc i cinc habitacions dobles, cadascuna amb bany privat.<\/p>\n\n\n\n<p>Pots fer les teves reserves a trav\u00e9s d\u2019aquests tel\u00e8fons, correu electr\u00f2nic o a trav\u00e9s del formulari d\u2019aquesta p\u00e0gina.<\/p>\n\n\n\n<p>Tel\u00e8fon: 627 559 830 \/ +34 973 050 018<\/p>\n\n\n\n<p>e-mail: sara@masblanchijove.com<\/p>\n\n\n\n<p>Ardre\u00e7a<\/p>\n\n\n\n<p>Carrer Ponent,4<\/p>\n\n\n\n<p>25471 La Pobla de C\u00e9rvoles (Lleida)<\/p>\n\n\n\n<figure class=\"wp-block-embed is-type-wp-embed is-provider-mas-blanch-i-jove wp-block-embed-mas-blanch-i-jove\"><div class=\"wp-block-embed__wrapper\">\n<blockquote class=\"wp-embedded-content\" data-secret=\"rUiDCV97UT\"><a href=\"https:\/\/www.masblanchijove.com\/casa-rural-cinc-sons\/\">Casa Rural Cinc Sons<\/a><\/blockquote><iframe loading=\"lazy\" class=\"wp-embedded-content\" sandbox=\"allow-scripts\" security=\"restricted\" style=\"position: absolute; clip: rect(1px, 1px, 1px, 1px);\" title=\"&#8220;Casa Rural Cinc Sons&#8221; &#8212; Mas Blanch i Jov\u00e9\" src=\"https:\/\/www.masblanchijove.com\/casa-rural-cinc-sons\/embed\/#?secret=rUiDCV97UT\" data-secret=\"rUiDCV97UT\" width=\"600\" height=\"338\" frameborder=\"0\" marginwidth=\"0\" marginheight=\"0\" scrolling=\"no\"><\/iframe>\n<\/div><\/figure>\n\n\n\n<p><strong>Vilosell Wine Hotel<\/strong><\/p>\n\n\n\n<p>Allotjar-se al Vilosell Wine Hotel \u00e9s una experi\u00e8ncia rural i enol\u00f2gica. \u00c9s gaudir d&#8217;un espai singular en un edifici de pedra que data de l&#8217;any 1931 al bell mig de la bonica poblaci\u00f3 de la comarca de Les Garrigues, a tocar del celler Tom\u00e0s Cusin\u00e9 (DO Costers del Segre) i en un paratge natural de vinyes i cabanes de tros pr\u00f2xim a molts altres atractius tur\u00edstics.<\/p>\n\n\n\n<p>L&#8217;hotel &#8211; que es pot reservar completament &#8211; consta de cuina, menjador i sala d&#8217;estar amb llar de foc i televisi\u00f3, comuns per a tots els usuaris.<\/p>\n\n\n\n<figure class=\"wp-block-image\"><img decoding=\"async\" src=\"https:\/\/lh3.googleusercontent.com\/nkRQ4TPbd10z_us7K1Bx99pAERiWMNaBlDdFgdz6KeUdM1fFDaszh8G_gol5DSTJ4T5zybcJ8582WAYrWuU_ZdfkSifPuzV1WdRQ5PInUiJfZKPG8nUizfkk2NLbeZsrqBnBzSrpRhTTBIAZrx8aDx4\" alt=\"\"\/><\/figure>\n\n\n\n<p>El cap de setmana podr\u00e0s gaudir d\u2019una visita guiada gratu\u00efta al celler Tom\u00e0s Cusin\u00e9.&nbsp;<\/p>\n\n\n\n<p>Pots fer la teva reserva trucant al 973 176 029 o enviant un correu electr\u00f2nic a <a href=\"mailto:reserves@vilosellwinehotel.com\">reserves@vilosellwinehotel.com<\/a><\/p>\n\n\n\n<p><strong>Hostal Benet, Les Borges Blanques<\/strong><\/p>\n\n\n\n<p>L\u2019Hostal Restaurant Benet est\u00e0 situat al bell mig de la pla\u00e7a porxada de les Borges Blanques en un edifici antic totalment restaurat amb 900 m2 d\u2019hostatgeria que disposa d\u2019un acollidor menjador i confortables habitacions amb bany, TV, calefacci\u00f3, climatitzaci\u00f3, wifi, etc.<\/p>\n\n\n\n<p>Un lloc on podr\u00e0s gaudir d\u2019una c\u00f2moda i agradable estada a les Borges gaudint de la millor cuina garriguenca, el plaer de descobrir indrets meravellosos a la comarca de les Garrigues i de l\u2019oli d\u2019oliva verge extra.<\/p>\n\n\n\n<p>Reserves<\/p>\n\n\n\n<p><a href=\"http:\/\/www.hostalbenet.cat\/hostalc.html\">http:\/\/www.hostalbenet.cat\/hostalc.html<\/a>&nbsp;<\/p>\n\n\n\n<p><strong>Hostal la Placeta d\u2019Arbeca<\/strong><\/p>\n\n\n\n<p>La Placeta s&#8217;ha constru\u00eft a partir d&#8217;una casa senyorial restaurada del segle XIX. L&#8217;hostal compta amb onze habitacions equipades amb aire climatitzat i llits amplis per a garantir una bona nit de descans.<\/p>\n\n\n\n<p>Totes les habitacions contenen un bany amb acabats contemporanis i complets amb comoditats modernes. Tenen diversos tipus d&#8217;habitaci\u00f3 que s&#8217;adapten a les necessitats dels diferents viatgers, parelles o grups.<\/p>\n\n\n\n<p>La Placeta \u00e9s un oasi de tranquil\u00b7litat on podr\u00e0s descansar i relaxar-te per complet, a m\u00e9s de gaudir del seu restaurant on trobareu d&#8217;uns plats de cuidada elaboraci\u00f3 amb productes de temporada i de proximitat en un ambient modern que ens endinsa en la serenitat del paisatge garriguenc.<\/p>\n\n\n\n<p>Reserves<\/p>\n\n\n\n<p><a href=\"https:\/\/placeta.net\/\">https:\/\/placeta.net\/<\/a><\/p>\n\n\n\n<p><strong>4. Allotjaments pet friendly<\/strong><\/p>\n\n\n\n<p><strong>Cal Bass\u00f3, Arbeca<\/strong><\/p>\n\n\n\n<p>Es tracta d\u2019un habitatge d\u2019\u00fas tur\u00edstic amb capacitat per 13 persones on podr\u00e0s allotjar-te acompanyat per la teva mascota.<\/p>\n\n\n\n<p>Reserves<\/p>\n\n\n\n<p>M\u00f2bil<\/p>\n\n\n\n<p>615399853<\/p>\n\n\n\n<p>Tel\u00e8fon 2<\/p>\n\n\n\n<p>667 436 575<\/p>\n\n\n\n<p>Email<\/p>\n\n\n\n<p><a href=\"mailto:calbasso@arbecarural.cat\">calbasso@arbecarural.cat<\/a><\/p>\n\n\n\n<p><strong>Casa Arb\u00f3s, Arbeca<\/strong><\/p>\n\n\n\n<p>\u00c9s un establiment unifamiliar completament reformat on gaudir\u00e0s de totes les comoditats. Disposem d\u2019espais amplis per trobar-te i passar una estona inoblidable amb els teus. Casa Arb\u00f3s \u00e9s ideal per a grups o per trobades familiars amb la companyia de la teva mascota.<\/p>\n\n\n\n<p>Reserves<\/p>\n\n\n\n<figure class=\"wp-block-embed is-type-wp-embed is-provider-casa-arbos wp-block-embed-casa-arbos\"><div class=\"wp-block-embed__wrapper\">\n<blockquote class=\"wp-embedded-content\" data-secret=\"jkBT5ucoB1\"><a href=\"https:\/\/www.casaarbos.cat\/\">Benvinguts a casa Casa Arb\u00f3s<\/a><\/blockquote><iframe loading=\"lazy\" class=\"wp-embedded-content\" sandbox=\"allow-scripts\" security=\"restricted\" style=\"position: absolute; clip: rect(1px, 1px, 1px, 1px);\" title=\"\u00abBenvinguts a casa Casa Arb\u00f3s\u00bb \u2014 Casa Arb\u00f3s\" src=\"https:\/\/www.casaarbos.cat\/embed\/#?secret=CBzz6jKJi8#?secret=jkBT5ucoB1\" data-secret=\"jkBT5ucoB1\" width=\"600\" height=\"338\" frameborder=\"0\" marginwidth=\"0\" marginheight=\"0\" scrolling=\"no\"><\/iframe>\n<\/div><\/figure>\n\n\n\n<p>+34 638 10 44 72<\/p>\n\n\n\n<p>+34 606 29 19 30<\/p>\n\n\n\n<p><a href=\"mailto:hola@casaarbos.cat\">hola@casaarbos.cat<\/a><\/p>\n\n\n\n<p><strong>Ca la Francesca, Juncosa<\/strong><\/p>\n\n\n\n<p>La casa compta amb 5 dormitoris, 2 banys, roba de llit, tovalloles, TV de pantalla plana via sat\u00e8l\u00b7lit, zona de menjador, cuina totalment equipada i balc\u00f3 amb vista a la ciutat.<\/p>\n\n\n\n<p>L&#8217;establiment alberga un sal\u00f3 compartit. En els voltants es pot practicar senderisme i ciclisme. I a m\u00e9s, podr\u00e0s gaudir de la teva estan\u00e7a amb la teva mascota.<\/p>\n\n\n\n<figure class=\"wp-block-image\"><img decoding=\"async\" src=\"https:\/\/lh5.googleusercontent.com\/TGkv7y5WDcg6C390w0acxX8FZEa-Tc7g7HJFz82T-Yf43V5LZRHuqnbWeWLRA7ouwz_mmA3C31HZCIa3a7FCu35m-9W1gkBNbLfCW0U9mR0ASkodnMftSfCl0AcUa3NID_esoOSBQA9Tt3pLZfrNkSw\" alt=\"\"\/><\/figure>\n\n\n\n<p>Reserves<\/p>\n\n\n\n<p><a href=\"https:\/\/www.booking.com\/hotel\/es\/ca-la-francesa-juncosa.es.html\">https:\/\/www.booking.com\/hotel\/es\/ca-la-francesa-juncosa.es.html<\/a><\/p>\n\n\n\n<p><strong>El Paller de Cal Dominguet, l\u2019Espluga Calba<\/strong><\/p>\n\n\n\n<p>\u00c9s un antic paller reformat, un lloc tranquil que ofereix una infinitat de possibilitats: espais naturals, patrimoni, gastronomia, esdeveniments culturals, oleoturisme, visites a cellers, senderisme, entrades, excursions amb bicicleta i, a m\u00e9s, podr\u00e0s emboscar-te a trav\u00e9s de paisatges de pedra seca.<\/p>\n\n\n\n<p>La casa es distribueix en dues plantes amb sala, cuina, menjador, dos banys, un dormitori i un pati amb boniques vistes. La casa tamb\u00e9 t\u00e9 calefacci\u00f3. La cuina est\u00e0 equipada amb nevera, cuina de gas, rentavaixella, forn i utensilis de cuina. Tamb\u00e9 disposem de Wi-Fi, TV, llen\u00e7ols, tovalloles, rentavaixelles i rentadora.<\/p>\n\n\n\n<p>Reserves<\/p>\n\n\n\n<figure class=\"wp-block-embed is-type-wp-embed is-provider-turisme-de-les-garrigues wp-block-embed-turisme-de-les-garrigues\"><div class=\"wp-block-embed__wrapper\">\n<blockquote class=\"wp-embedded-content\" data-secret=\"dRlSNlrUrS\"><a href=\"https:\/\/www.turismegarrigues.com\/es\/establecimientos\/el-paller-de-cal-dominguet\/\">El Paller de Cal Dominguet<\/a><\/blockquote><iframe loading=\"lazy\" class=\"wp-embedded-content\" sandbox=\"allow-scripts\" security=\"restricted\" style=\"position: absolute; clip: rect(1px, 1px, 1px, 1px);\" title=\"\u00abEl Paller de Cal Dominguet\u00bb \u2014 Turisme de les Garrigues\" src=\"https:\/\/www.turismegarrigues.com\/es\/establecimientos\/el-paller-de-cal-dominguet\/embed\/#?secret=ybcHUVyd3F#?secret=dRlSNlrUrS\" data-secret=\"dRlSNlrUrS\" width=\"600\" height=\"338\" frameborder=\"0\" marginwidth=\"0\" marginheight=\"0\" scrolling=\"no\"><\/iframe>\n<\/div><\/figure>\n\n\n\n<p><strong>Ca la Miquela, l\u2019Albag\u00e9s<\/strong><\/p>\n\n\n\n<p>Ca La Miquela es troba a la poblaci\u00f3 de l\u00b4Albag\u00e9s. Poble petit eminentment agr\u00edcola de la comarca de les Garrigues (Lleida).<\/p>\n\n\n\n<p>Ca La Miquela va comen\u00e7ar a ser constru\u00efda als voltants de 1860 per la mateixa fam\u00edlia en aquells temps molts dels pagesos de la zona dominaven l&#8217;art de la pedra seca i en temporades que no hi havia tanta feina al camp es dedicaven a la construcci\u00f3 de cases, masos, cabanes, marges i altres construccions en pedra t\u00edpiques de les Garrigues.<\/p>\n\n\n\n<p>Actualment, Ca La Miquela est\u00e0 dedicada a l&#8217;allotjament tur\u00edstic regentat per l\u00b4\u00c0lex i la Gala ofereix la tranquil\u00b7litat de la vida rural.<\/p>\n\n\n\n<p>Reserves<\/p>\n\n\n\n<figure class=\"wp-block-embed is-type-wp-embed is-provider-ca-la-miquela wp-block-embed-ca-la-miquela\"><div class=\"wp-block-embed__wrapper\">\n<blockquote class=\"wp-embedded-content\" data-secret=\"oz2QT4z3Zm\"><a href=\"https:\/\/calamiquela.com\/reserva\/\">Reserva<\/a><\/blockquote><iframe loading=\"lazy\" class=\"wp-embedded-content\" sandbox=\"allow-scripts\" security=\"restricted\" style=\"position: absolute; clip: rect(1px, 1px, 1px, 1px);\" title=\"\u00abReserva\u00bb \u2014 CA LA MIQUELA\" src=\"https:\/\/calamiquela.com\/reserva\/embed\/#?secret=oz2QT4z3Zm\" data-secret=\"oz2QT4z3Zm\" width=\"600\" height=\"338\" frameborder=\"0\" marginwidth=\"0\" marginheight=\"0\" scrolling=\"no\"><\/iframe>\n<\/div><\/figure>\n\n\n\n<p><strong>Cal Santos Casa Rural, Vinaixa<\/strong><\/p>\n\n\n\n<p>Casa de camp \u00e0mplia situada al poble de Vinaixa, on es pot gaudir d&#8217;una estada agradable, c\u00f2moda i divertida, enmig d&#8217;un entorn rural i ple de llocs per descobrir.&nbsp;<\/p>\n\n\n\n<p>L&#8217;allotjament disposa d&#8217;un gran jard\u00ed on es poden trobar diferents aus de corral. Tamb\u00e9 hi ha zona de barbacoa.&nbsp;<\/p>\n\n\n\n<p>Reserves<\/p>\n\n\n\n<p><a href=\"https:\/\/www.escapadarural.cat\/casa-rural\/lleida\/cal-santos-casa-rural\">https:\/\/www.escapadarural.cat\/casa-rural\/lleida\/cal-santos-casa-rural<\/a><\/p>\n\n\n\n<p><strong>\u200b\u200bCal Marqu\u00e8s, Cervi\u00e0 de les Garrigues<\/strong><\/p>\n\n\n\n<p>Es troba a Cervi\u00e0 de les Garrigues i ofereix jard\u00ed, zona de barbacoa i terrassa.&nbsp; La casa est\u00e0 equipada amb 5 dormitoris, 3 banys, roba de llit, tovalloles, TV de pantalla plana, zona de menjador, cuina totalment equipada i pati amb vista al jard\u00ed. Permet mascotes.<\/p>\n\n\n\n<p>Reserves<\/p>\n\n\n\n<p><a href=\"https:\/\/www.booking.com\/hotel\/es\/cal-marques.es.html\">https:\/\/www.booking.com\/hotel\/es\/cal-marques.es.html<\/a><\/p>\n\n\n\n<p><strong>La Ruella, Cervi\u00e0 de les Garrigues<\/strong><\/p>\n\n\n\n<p>-Barbacoa<br>-Zona Chill-Out<br>-Mobiliari jard\u00ed<br>-Gronxadors<br>-Sorral<br>-Un Bosc Encantant (amb fades, follets&#8230; i m\u00e9s \u00e9sser m\u00e0gics que els nostres hostes poden trobar i con\u00e8ixer durant la seva estada)<br>-Animals de granja (durant la estada es pot gaudir dels ous de corral que ens regalen les nostres gallines di\u00e0riament. Als m\u00e9s petits els encanta anar a buscar-los!)<\/p>\n\n\n\n<p><strong>5. Allotjaments en espais amb encant<\/strong><\/p>\n\n\n\n<p><strong>El Maset del Vilosell<\/strong><\/p>\n\n\n\n<p>El Maset del Vilosell \u00e9s una antiga pallissa de pedra vista totalment reformada amb molta cura que conserva l&#8217;ess\u00e8ncia i l&#8217;esperit de la construcci\u00f3 original del segle XIX, per\u00f2 amb el confort del segle XXI.<\/p>\n\n\n\n<p>L\u2019establiment de turisme rural t\u00e9 capacitat per 6 persones i disposa de tres habitacions dobles, dos banys (un dels quals amb banyera de cromoter\u00e0pia), un lavabo, piscina i jard\u00ed. Est\u00e0 adaptada per a persones amb mobilitat redu\u00efda, ja que tot l&#8217;establiment est\u00e0 distribu\u00eft a la planta baixa i una de les habitacions t\u00e9 un bany adaptat.<\/p>\n\n\n\n<p>La seva situaci\u00f3 \u00e9s ideal, perqu\u00e8 es pot anar a peu al centre del poble en tan sols dos minuts (a 150 metres), sense deixar de gaudir de la tranquil\u00b7litat que els voltants del Maset ofereixen.<\/p>\n\n\n\n<figure class=\"wp-block-image\"><img decoding=\"async\" src=\"https:\/\/lh5.googleusercontent.com\/2KJKccD_5Odauul165xpQNZ_wQvWgvU8Qeu8ZtEe_8KpLG2nbejCeAoneMex0xExlxZx_6td5in-631uqQ1emqbxPLy1uQgsqAYVRyQD6EclbUzWYbSWZDDdPN4EoAjczyyZyEX75L3Ga7snX2_wMKY\" alt=\"\"\/><\/figure>\n\n\n\n<p>Reserves<\/p>\n\n\n\n<p><a href=\"https:\/\/www.elmaset.cat\/ca\/reserves\/6\">https:\/\/www.elmaset.cat\/ca\/reserves\/6<\/a><\/p>\n\n\n\n<p><strong>Castell de la Floresta<\/strong><\/p>\n\n\n\n<p>T\u2019has allotjat mai en un castell? A la Floresta podr\u00e0s fer-ho! Ideal per fam\u00edlies que busquen gaudir d\u2019un entorn tranquil i dormir en un lloc diferent.<\/p>\n\n\n\n<figure class=\"wp-block-image\"><img decoding=\"async\" src=\"https:\/\/lh3.googleusercontent.com\/BzDzlAZJoZNrBsOBL7YSRPtWaRoFde29EE3MWkp6SjQto0Wn3n8o_dY3iycQoqcvkMnPVZj9EyLhzLVKbfqf93El7NT8X87xGaDMOsNfT6eJkszcZ_QvLAh6dcXfJvF5l3EZHcvzSzBbDChPJSCd4HE\" alt=\"\"\/><\/figure>\n\n\n\n<p>Reserves<\/p>\n\n\n\n<p><a href=\"https:\/\/www.floresta.cat\/turisme\/copy_of_castell-de-la-floresta\">https:\/\/www.floresta.cat\/turisme\/copy_of_castell-de-la-floresta<\/a><\/p>\n\n\n\n<p><strong>La Roca del Castell, Cervi\u00e0 de les Garrigues<\/strong><\/p>\n\n\n\n<p>La casa \u00e9s part de les resta de l&#8217;antic castell de Cervi\u00e0, constru\u00eft als voltant del segle XIII-XIV.&nbsp; \u00c9s tota de pedra i en diversos llocs est\u00e0 construida aprofitant la roca natural cosa que l&#8217;hi dona molt encant.<\/p>\n\n\n\n<p>Consta de cuina-menjador, sala d&#8217;estar, dos habitacions amb llit de matrimoni, dos banys (un en-suite), garatge i diverses terrasses encantadores.<\/p>\n\n\n\n<p>Reserves<\/p>\n\n\n\n<p><a href=\"https:\/\/mtbove.wixsite.com\/larocadelcastell\/reservar\">https:\/\/mtbove.wixsite.com\/larocadelcastell\/reservar<\/a>\u00a0<\/p>\n\n\n\n<p><strong>Casa Emma, El Vilosell <\/strong><\/p>\n\n\n\n<p>Us ofereix cases de pedra amb encant, terrassa, llar de foc, WiFi i Smart TV. Combinen hist\u00f2ria i car\u00e0cter amb totes les comoditats i unes vistes \u00faniques. Disposareu de la casa sencera, no nom\u00e9s d&#8217;habitacions o cuina compartida. En un dels pobles m\u00e9s bonics de Catalunya, amb piscines municipals, botiga de queviures, bars, restaurants i terrasses, i amplis espais per al joc infantil i activitats culturals. Ideals per desconnectar en un entorn natural, al peu de la Serra la Llena, per gaudir de la cultura de l&#8217;oli i del vi.<\/p>\n\n\n\n<p><\/p>\n\n\n\n<p><br>A m\u00e9s, tamb\u00e9 podr\u00e0s allotjar-te en altres espais com Cal Breton, situat al Vilosell, Cal Farr\u00e9 d\u2019Arbeca o tots els espais que trobar\u00e0s <a href=\"https:\/\/www.turismegarrigues.com\/ca\/ondormir\/\">aqu\u00ed.<\/a><\/p>\n","protected":false},"excerpt":{"rendered":"<p>Si aquest estiu, busques tranquil\u00b7litat, nits fresques, activitats de tota mena i bona gastronomia, la comarca de les Garrigues \u00e9s el dest\u00ed ideal per gaudir d&#8217;unes vacances relaxants i de proximitat. Un dels punts importants a l&#8217;hora de preparar la teva escapada \u00e9s triar un allotjament que s&#8217;adapti als teus gustos i necessitats! Per aquest &#8230; <a title=\"Llocs amb encant on allotjar-te a les Garrigues\" class=\"read-more\" href=\"https:\/\/www.turismegarrigues.com\/blog\/llocs-amb-encant-on-allotjar-te-a-les-garrigues\/\" aria-label=\"M\u00e9s informaci\u00f3 sobre Llocs amb encant on allotjar-te a les Garrigues\">Llegiu m\u00e9s<\/a><\/p>\n","protected":false},"author":2,"featured_media":2679,"comment_status":"closed","ping_status":"closed","sticky":false,"template":"","format":"standard","meta":{"footnotes":""},"categories":[1],"tags":[127,126,128,124,125,38],"class_list":["post-2678","post","type-post","status-publish","format-standard","has-post-thumbnail","hentry","category-turisme","tag-allotjaments-amb-encant","tag-allotjaments-amb-nens","tag-allotjaments-amb-spa","tag-allotjaments-les-garrigues","tag-allotjaments-pet-friendly","tag-les-garrigues"],"yoast_head":"<!-- This site is optimized with the Yoast SEO plugin v24.4 - https:\/\/yoast.com\/wordpress\/plugins\/seo\/ -->\n<title>Llocs amb encant on allotjar-te a les Garrigues - Turisme de les Garrigues<\/title>\n<meta name=\"robots\" content=\"index, follow, max-snippet:-1, max-image-preview:large, max-video-preview:-1\" \/>\n<link rel=\"canonical\" href=\"https:\/\/www.turismegarrigues.com\/blog\/llocs-amb-encant-on-allotjar-te-a-les-garrigues\/\" \/>\n<meta property=\"og:locale\" content=\"ca_ES\" \/>\n<meta property=\"og:type\" content=\"article\" \/>\n<meta property=\"og:title\" content=\"Llocs amb encant on allotjar-te a les Garrigues - Turisme de les Garrigues\" \/>\n<meta property=\"og:description\" content=\"Si aquest estiu, busques tranquil\u00b7litat, nits fresques, activitats de tota mena i bona gastronomia, la comarca de les Garrigues \u00e9s el dest\u00ed ideal per gaudir d&#8217;unes vacances relaxants i de proximitat. Un dels punts importants a l&#8217;hora de preparar la teva escapada \u00e9s triar un allotjament que s&#8217;adapti als teus gustos i necessitats! Per aquest ... Llegiu m\u00e9s\" \/>\n<meta property=\"og:url\" content=\"https:\/\/www.turismegarrigues.com\/blog\/llocs-amb-encant-on-allotjar-te-a-les-garrigues\/\" \/>\n<meta property=\"og:site_name\" content=\"Turisme de les Garrigues\" \/>\n<meta property=\"article:published_time\" content=\"2022-07-29T14:15:37+00:00\" \/>\n<meta property=\"article:modified_time\" content=\"2022-09-06T10:33:35+00:00\" \/>\n<meta property=\"og:image\" content=\"https:\/\/www.turismegarrigues.com\/blog\/wp-content\/uploads\/Turisme-02.jpeg\" \/>\n\t<meta property=\"og:image:width\" content=\"1024\" \/>\n\t<meta property=\"og:image:height\" content=\"576\" \/>\n\t<meta property=\"og:image:type\" content=\"image\/jpeg\" \/>\n<meta name=\"author\" content=\"turismegarrigues\" \/>\n<meta name=\"twitter:card\" content=\"summary_large_image\" \/>\n<meta name=\"twitter:label1\" content=\"Escrit per\" \/>\n\t<meta name=\"twitter:data1\" content=\"turismegarrigues\" \/>\n\t<meta name=\"twitter:label2\" content=\"Temps estimat de lectura\" \/>\n\t<meta name=\"twitter:data2\" content=\"13 minuts\" \/>\n<script type=\"application\/ld+json\" class=\"yoast-schema-graph\">{\"@context\":\"https:\/\/schema.org\",\"@graph\":[{\"@type\":\"WebPage\",\"@id\":\"https:\/\/www.turismegarrigues.com\/blog\/llocs-amb-encant-on-allotjar-te-a-les-garrigues\/\",\"url\":\"https:\/\/www.turismegarrigues.com\/blog\/llocs-amb-encant-on-allotjar-te-a-les-garrigues\/\",\"name\":\"Llocs amb encant on allotjar-te a les Garrigues - Turisme de les Garrigues\",\"isPartOf\":{\"@id\":\"https:\/\/www.turismegarrigues.com\/blog\/#website\"},\"primaryImageOfPage\":{\"@id\":\"https:\/\/www.turismegarrigues.com\/blog\/llocs-amb-encant-on-allotjar-te-a-les-garrigues\/#primaryimage\"},\"image\":{\"@id\":\"https:\/\/www.turismegarrigues.com\/blog\/llocs-amb-encant-on-allotjar-te-a-les-garrigues\/#primaryimage\"},\"thumbnailUrl\":\"https:\/\/www.turismegarrigues.com\/blog\/wp-content\/uploads\/Turisme-02.jpeg\",\"datePublished\":\"2022-07-29T14:15:37+00:00\",\"dateModified\":\"2022-09-06T10:33:35+00:00\",\"author\":{\"@id\":\"https:\/\/www.turismegarrigues.com\/blog\/#\/schema\/person\/7ada9dce6475184bb0c0a652f29c9653\"},\"breadcrumb\":{\"@id\":\"https:\/\/www.turismegarrigues.com\/blog\/llocs-amb-encant-on-allotjar-te-a-les-garrigues\/#breadcrumb\"},\"inLanguage\":\"ca\",\"potentialAction\":[{\"@type\":\"ReadAction\",\"target\":[\"https:\/\/www.turismegarrigues.com\/blog\/llocs-amb-encant-on-allotjar-te-a-les-garrigues\/\"]}]},{\"@type\":\"ImageObject\",\"inLanguage\":\"ca\",\"@id\":\"https:\/\/www.turismegarrigues.com\/blog\/llocs-amb-encant-on-allotjar-te-a-les-garrigues\/#primaryimage\",\"url\":\"https:\/\/www.turismegarrigues.com\/blog\/wp-content\/uploads\/Turisme-02.jpeg\",\"contentUrl\":\"https:\/\/www.turismegarrigues.com\/blog\/wp-content\/uploads\/Turisme-02.jpeg\",\"width\":1024,\"height\":576},{\"@type\":\"BreadcrumbList\",\"@id\":\"https:\/\/www.turismegarrigues.com\/blog\/llocs-amb-encant-on-allotjar-te-a-les-garrigues\/#breadcrumb\",\"itemListElement\":[{\"@type\":\"ListItem\",\"position\":1,\"name\":\"Inici\",\"item\":\"https:\/\/www.turismegarrigues.com\/blog\/\"},{\"@type\":\"ListItem\",\"position\":2,\"name\":\"Llocs amb encant on allotjar-te a les Garrigues\"}]},{\"@type\":\"WebSite\",\"@id\":\"https:\/\/www.turismegarrigues.com\/blog\/#website\",\"url\":\"https:\/\/www.turismegarrigues.com\/blog\/\",\"name\":\"Turisme de les Garrigues\",\"description\":\"Blog\",\"potentialAction\":[{\"@type\":\"SearchAction\",\"target\":{\"@type\":\"EntryPoint\",\"urlTemplate\":\"https:\/\/www.turismegarrigues.com\/blog\/?s={search_term_string}\"},\"query-input\":{\"@type\":\"PropertyValueSpecification\",\"valueRequired\":true,\"valueName\":\"search_term_string\"}}],\"inLanguage\":\"ca\"},{\"@type\":\"Person\",\"@id\":\"https:\/\/www.turismegarrigues.com\/blog\/#\/schema\/person\/7ada9dce6475184bb0c0a652f29c9653\",\"name\":\"turismegarrigues\",\"image\":{\"@type\":\"ImageObject\",\"inLanguage\":\"ca\",\"@id\":\"https:\/\/www.turismegarrigues.com\/blog\/#\/schema\/person\/image\/\",\"url\":\"https:\/\/secure.gravatar.com\/avatar\/2479dec683bf2f700ffae0009a0a72796d18201a99196df0e23b11ae9749e88e?s=96&d=mm&r=g\",\"contentUrl\":\"https:\/\/secure.gravatar.com\/avatar\/2479dec683bf2f700ffae0009a0a72796d18201a99196df0e23b11ae9749e88e?s=96&d=mm&r=g\",\"caption\":\"turismegarrigues\"},\"sameAs\":[\"http:\/\/www.turismegarrigues.com\/\"],\"url\":\"https:\/\/www.turismegarrigues.com\/blog\/author\/turismegarrigues\/\"}]}<\/script>\n<!-- \/ Yoast SEO plugin. -->","yoast_head_json":{"title":"Llocs amb encant on allotjar-te a les Garrigues - Turisme de les Garrigues","robots":{"index":"index","follow":"follow","max-snippet":"max-snippet:-1","max-image-preview":"max-image-preview:large","max-video-preview":"max-video-preview:-1"},"canonical":"https:\/\/www.turismegarrigues.com\/blog\/llocs-amb-encant-on-allotjar-te-a-les-garrigues\/","og_locale":"ca_ES","og_type":"article","og_title":"Llocs amb encant on allotjar-te a les Garrigues - Turisme de les Garrigues","og_description":"Si aquest estiu, busques tranquil\u00b7litat, nits fresques, activitats de tota mena i bona gastronomia, la comarca de les Garrigues \u00e9s el dest\u00ed ideal per gaudir d&#8217;unes vacances relaxants i de proximitat. Un dels punts importants a l&#8217;hora de preparar la teva escapada \u00e9s triar un allotjament que s&#8217;adapti als teus gustos i necessitats! Per aquest ... Llegiu m\u00e9s","og_url":"https:\/\/www.turismegarrigues.com\/blog\/llocs-amb-encant-on-allotjar-te-a-les-garrigues\/","og_site_name":"Turisme de les Garrigues","article_published_time":"2022-07-29T14:15:37+00:00","article_modified_time":"2022-09-06T10:33:35+00:00","og_image":[{"width":1024,"height":576,"url":"https:\/\/www.turismegarrigues.com\/blog\/wp-content\/uploads\/Turisme-02.jpeg","type":"image\/jpeg"}],"author":"turismegarrigues","twitter_card":"summary_large_image","twitter_misc":{"Escrit per":"turismegarrigues","Temps estimat de lectura":"13 minuts"},"schema":{"@context":"https:\/\/schema.org","@graph":[{"@type":"WebPage","@id":"https:\/\/www.turismegarrigues.com\/blog\/llocs-amb-encant-on-allotjar-te-a-les-garrigues\/","url":"https:\/\/www.turismegarrigues.com\/blog\/llocs-amb-encant-on-allotjar-te-a-les-garrigues\/","name":"Llocs amb encant on allotjar-te a les Garrigues - Turisme de les Garrigues","isPartOf":{"@id":"https:\/\/www.turismegarrigues.com\/blog\/#website"},"primaryImageOfPage":{"@id":"https:\/\/www.turismegarrigues.com\/blog\/llocs-amb-encant-on-allotjar-te-a-les-garrigues\/#primaryimage"},"image":{"@id":"https:\/\/www.turismegarrigues.com\/blog\/llocs-amb-encant-on-allotjar-te-a-les-garrigues\/#primaryimage"},"thumbnailUrl":"https:\/\/www.turismegarrigues.com\/blog\/wp-content\/uploads\/Turisme-02.jpeg","datePublished":"2022-07-29T14:15:37+00:00","dateModified":"2022-09-06T10:33:35+00:00","author":{"@id":"https:\/\/www.turismegarrigues.com\/blog\/#\/schema\/person\/7ada9dce6475184bb0c0a652f29c9653"},"breadcrumb":{"@id":"https:\/\/www.turismegarrigues.com\/blog\/llocs-amb-encant-on-allotjar-te-a-les-garrigues\/#breadcrumb"},"inLanguage":"ca","potentialAction":[{"@type":"ReadAction","target":["https:\/\/www.turismegarrigues.com\/blog\/llocs-amb-encant-on-allotjar-te-a-les-garrigues\/"]}]},{"@type":"ImageObject","inLanguage":"ca","@id":"https:\/\/www.turismegarrigues.com\/blog\/llocs-amb-encant-on-allotjar-te-a-les-garrigues\/#primaryimage","url":"https:\/\/www.turismegarrigues.com\/blog\/wp-content\/uploads\/Turisme-02.jpeg","contentUrl":"https:\/\/www.turismegarrigues.com\/blog\/wp-content\/uploads\/Turisme-02.jpeg","width":1024,"height":576},{"@type":"BreadcrumbList","@id":"https:\/\/www.turismegarrigues.com\/blog\/llocs-amb-encant-on-allotjar-te-a-les-garrigues\/#breadcrumb","itemListElement":[{"@type":"ListItem","position":1,"name":"Inici","item":"https:\/\/www.turismegarrigues.com\/blog\/"},{"@type":"ListItem","position":2,"name":"Llocs amb encant on allotjar-te a les Garrigues"}]},{"@type":"WebSite","@id":"https:\/\/www.turismegarrigues.com\/blog\/#website","url":"https:\/\/www.turismegarrigues.com\/blog\/","name":"Turisme de les Garrigues","description":"Blog","potentialAction":[{"@type":"SearchAction","target":{"@type":"EntryPoint","urlTemplate":"https:\/\/www.turismegarrigues.com\/blog\/?s={search_term_string}"},"query-input":{"@type":"PropertyValueSpecification","valueRequired":true,"valueName":"search_term_string"}}],"inLanguage":"ca"},{"@type":"Person","@id":"https:\/\/www.turismegarrigues.com\/blog\/#\/schema\/person\/7ada9dce6475184bb0c0a652f29c9653","name":"turismegarrigues","image":{"@type":"ImageObject","inLanguage":"ca","@id":"https:\/\/www.turismegarrigues.com\/blog\/#\/schema\/person\/image\/","url":"https:\/\/secure.gravatar.com\/avatar\/2479dec683bf2f700ffae0009a0a72796d18201a99196df0e23b11ae9749e88e?s=96&d=mm&r=g","contentUrl":"https:\/\/secure.gravatar.com\/avatar\/2479dec683bf2f700ffae0009a0a72796d18201a99196df0e23b11ae9749e88e?s=96&d=mm&r=g","caption":"turismegarrigues"},"sameAs":["http:\/\/www.turismegarrigues.com\/"],"url":"https:\/\/www.turismegarrigues.com\/blog\/author\/turismegarrigues\/"}]}},"_links":{"self":[{"href":"https:\/\/www.turismegarrigues.com\/blog\/wp-json\/wp\/v2\/posts\/2678","targetHints":{"allow":["GET"]}}],"collection":[{"href":"https:\/\/www.turismegarrigues.com\/blog\/wp-json\/wp\/v2\/posts"}],"about":[{"href":"https:\/\/www.turismegarrigues.com\/blog\/wp-json\/wp\/v2\/types\/post"}],"author":[{"embeddable":true,"href":"https:\/\/www.turismegarrigues.com\/blog\/wp-json\/wp\/v2\/users\/2"}],"replies":[{"embeddable":true,"href":"https:\/\/www.turismegarrigues.com\/blog\/wp-json\/wp\/v2\/comments?post=2678"}],"version-history":[{"count":3,"href":"https:\/\/www.turismegarrigues.com\/blog\/wp-json\/wp\/v2\/posts\/2678\/revisions"}],"predecessor-version":[{"id":2701,"href":"https:\/\/www.turismegarrigues.com\/blog\/wp-json\/wp\/v2\/posts\/2678\/revisions\/2701"}],"wp:featuredmedia":[{"embeddable":true,"href":"https:\/\/www.turismegarrigues.com\/blog\/wp-json\/wp\/v2\/media\/2679"}],"wp:attachment":[{"href":"https:\/\/www.turismegarrigues.com\/blog\/wp-json\/wp\/v2\/media?parent=2678"}],"wp:term":[{"taxonomy":"category","embeddable":true,"href":"https:\/\/www.turismegarrigues.com\/blog\/wp-json\/wp\/v2\/categories?post=2678"},{"taxonomy":"post_tag","embeddable":true,"href":"https:\/\/www.turismegarrigues.com\/blog\/wp-json\/wp\/v2\/tags?post=2678"}],"curies":[{"name":"wp","href":"https:\/\/api.w.org\/{rel}","templated":true}]}}