{"id":2684,"date":"2022-08-04T18:34:11","date_gmt":"2022-08-04T16:34:11","guid":{"rendered":"https:\/\/www.turismegarrigues.com\/blog\/?p=2684"},"modified":"2022-08-04T18:34:11","modified_gmt":"2022-08-04T16:34:11","slug":"el-garrigues-guitar-festival-arriba-a-granyena-de-les-garrigues","status":"publish","type":"post","link":"https:\/\/www.turismegarrigues.com\/blog\/el-garrigues-guitar-festival-arriba-a-granyena-de-les-garrigues\/","title":{"rendered":"El Garrigues Guitar Festival arriba a Granyena de les Garrigues"},"content":{"rendered":"\n<p>El dissabte 6 d\u2019agost podreu gaudir del <strong>Garrigues Guitar Festival <\/strong>a Granyena de les Garrigues! Aquest festival t\u00e9 un doble objectiu, el primer, donar a con\u00e8ixer i retre homenatge al mestre guitarrista i music\u00f2leg garriguenc Emili Pujol (la Granadella, 1886 \u2013 Barcelona, 1980) figura representativa internacional de l\u2019instrument de la guitarra al segle XX i el segon, descobrir el patrimoni cultural i gastron\u00f2mic de la comarca de les Garrigues. Els concerts es porten a terme en esgl\u00e9sies rom\u00e0niques, en castells, al centre d\u2019interpretaci\u00f3 de les pintures rupestres de la Cova del Moro del Cogul\u2026<\/p>\n\n\n\n<p>El concert Connexions d\u2019Ana Cambra, guitarra cl\u00e0ssica i Toni Campos, clarinet, comen\u00e7ar\u00e0 a les 19:30 h i tindr\u00e0 lloc a l\u2019Esgl\u00e9sia Sant Miquel de Granyena. L\u2019entrada tindr\u00e0 un preu de 10\u20ac. En finalitzar, hi haur\u00e0 un tast.&nbsp;<\/p>\n\n\n\n<p>En la primera producci\u00f3 en format concert d\u2019aquest duo, obres de la m\u00fasica popular i de culte connecten i es retroalimenten. La idea principal \u00e9s crear un espai sonor on l\u2019espectador gaudeixi de la m\u00fasica i les emocions que aquesta li transmeti. Un concert marcat per la tradici\u00f3 dels ritmes d\u2019arrel llatina i l\u2019estil impressionista d\u2019inicis del segle XX amb obres de Ravel, Villalobos, Alb\u00e9niz, Gardel, Diego Pujol i Piazzolla.<\/p>\n\n\n\n<figure class=\"wp-block-embed is-type-video is-provider-youtube wp-block-embed-youtube wp-embed-aspect-16-9 wp-has-aspect-ratio\"><div class=\"wp-block-embed__wrapper\">\n<iframe loading=\"lazy\" title=\"Du\u0301o Nueit\" width=\"1200\" height=\"675\" src=\"https:\/\/www.youtube.com\/embed\/ITp3l3rFJh0?feature=oembed\" frameborder=\"0\" allow=\"accelerometer; autoplay; clipboard-write; encrypted-media; gyroscope; picture-in-picture\" allowfullscreen><\/iframe>\n<\/div><\/figure>\n\n\n\n<p>A m\u00e9s, el mateix dissabte d\u201911 h a 14 h al Centre d\u2019Interpretaci\u00f3 de la Pedra Seca de Torrebesses hi haur\u00e0 el Simp\u00f2sium Emili Pujol, unes jornades monogr\u00e0fiques amb testimonis il\u00b7lustratius i mostres documentals i musicals que donen a con\u00e8ixer la figura humana i la rellev\u00e0ncia art\u00edstica de l\u2019il\u00b7lustre m\u00fasic, amb els quals se\u2019n preserva la mem\u00f2ria.<\/p>\n\n\n\n<p>L\u2019entrada a tots els concerts \u00e9s amb <a href=\"https:\/\/emilipujol.cat\/guitarfest\/\">reserva pr\u00e8via<\/a>.<\/p>\n\n\n\n<p>No oblidis compartir les teves fotografies a Instagram amb l\u2019etiqueta #TurismeLesGarrigues!<\/p>\n","protected":false},"excerpt":{"rendered":"<p>El dissabte 6 d\u2019agost podreu gaudir del Garrigues Guitar Festival a Granyena de les Garrigues! Aquest festival t\u00e9 un doble objectiu, el primer, donar a con\u00e8ixer i retre homenatge al mestre guitarrista i music\u00f2leg garriguenc Emili Pujol (la Granadella, 1886 \u2013 Barcelona, 1980) figura representativa internacional de l\u2019instrument de la guitarra al segle XX i &#8230; <a title=\"El Garrigues Guitar Festival arriba a Granyena de les Garrigues\" class=\"read-more\" href=\"https:\/\/www.turismegarrigues.com\/blog\/el-garrigues-guitar-festival-arriba-a-granyena-de-les-garrigues\/\" aria-label=\"M\u00e9s informaci\u00f3 sobre El Garrigues Guitar Festival arriba a Granyena de les Garrigues\">Llegiu m\u00e9s<\/a><\/p>\n","protected":false},"author":2,"featured_media":2657,"comment_status":"closed","ping_status":"closed","sticky":false,"template":"","format":"standard","meta":{"footnotes":""},"categories":[1],"tags":[112,38],"class_list":["post-2684","post","type-post","status-publish","format-standard","has-post-thumbnail","hentry","category-turisme","tag-garrigues-guitar-festival","tag-les-garrigues"],"yoast_head":"<!-- This site is optimized with the Yoast SEO plugin v24.4 - https:\/\/yoast.com\/wordpress\/plugins\/seo\/ -->\n<title>El Garrigues Guitar Festival arriba a Granyena de les Garrigues - Turisme de les Garrigues<\/title>\n<meta name=\"robots\" content=\"index, follow, max-snippet:-1, max-image-preview:large, max-video-preview:-1\" \/>\n<link rel=\"canonical\" href=\"https:\/\/www.turismegarrigues.com\/blog\/el-garrigues-guitar-festival-arriba-a-granyena-de-les-garrigues\/\" \/>\n<meta property=\"og:locale\" content=\"ca_ES\" \/>\n<meta property=\"og:type\" content=\"article\" \/>\n<meta property=\"og:title\" content=\"El Garrigues Guitar Festival arriba a Granyena de les Garrigues - Turisme de les Garrigues\" \/>\n<meta property=\"og:description\" content=\"El dissabte 6 d\u2019agost podreu gaudir del Garrigues Guitar Festival a Granyena de les Garrigues! Aquest festival t\u00e9 un doble objectiu, el primer, donar a con\u00e8ixer i retre homenatge al mestre guitarrista i music\u00f2leg garriguenc Emili Pujol (la Granadella, 1886 \u2013 Barcelona, 1980) figura representativa internacional de l\u2019instrument de la guitarra al segle XX i ... Llegiu m\u00e9s\" \/>\n<meta property=\"og:url\" content=\"https:\/\/www.turismegarrigues.com\/blog\/el-garrigues-guitar-festival-arriba-a-granyena-de-les-garrigues\/\" \/>\n<meta property=\"og:site_name\" content=\"Turisme de les Garrigues\" \/>\n<meta property=\"article:published_time\" content=\"2022-08-04T16:34:11+00:00\" \/>\n<meta property=\"og:image\" content=\"https:\/\/www.turismegarrigues.com\/blog\/wp-content\/uploads\/291021982_5194657173952704_6107435361037467832_n.jpeg\" \/>\n\t<meta property=\"og:image:width\" content=\"1024\" \/>\n\t<meta property=\"og:image:height\" content=\"683\" \/>\n\t<meta property=\"og:image:type\" content=\"image\/jpeg\" \/>\n<meta name=\"author\" content=\"turismegarrigues\" \/>\n<meta name=\"twitter:card\" content=\"summary_large_image\" \/>\n<meta name=\"twitter:label1\" content=\"Escrit per\" \/>\n\t<meta name=\"twitter:data1\" content=\"turismegarrigues\" \/>\n\t<meta name=\"twitter:label2\" content=\"Temps estimat de lectura\" \/>\n\t<meta name=\"twitter:data2\" content=\"2 minuts\" \/>\n<script type=\"application\/ld+json\" class=\"yoast-schema-graph\">{\"@context\":\"https:\/\/schema.org\",\"@graph\":[{\"@type\":\"WebPage\",\"@id\":\"https:\/\/www.turismegarrigues.com\/blog\/el-garrigues-guitar-festival-arriba-a-granyena-de-les-garrigues\/\",\"url\":\"https:\/\/www.turismegarrigues.com\/blog\/el-garrigues-guitar-festival-arriba-a-granyena-de-les-garrigues\/\",\"name\":\"El Garrigues Guitar Festival arriba a Granyena de les Garrigues - Turisme de les Garrigues\",\"isPartOf\":{\"@id\":\"https:\/\/www.turismegarrigues.com\/blog\/#website\"},\"primaryImageOfPage\":{\"@id\":\"https:\/\/www.turismegarrigues.com\/blog\/el-garrigues-guitar-festival-arriba-a-granyena-de-les-garrigues\/#primaryimage\"},\"image\":{\"@id\":\"https:\/\/www.turismegarrigues.com\/blog\/el-garrigues-guitar-festival-arriba-a-granyena-de-les-garrigues\/#primaryimage\"},\"thumbnailUrl\":\"https:\/\/www.turismegarrigues.com\/blog\/wp-content\/uploads\/291021982_5194657173952704_6107435361037467832_n.jpeg\",\"datePublished\":\"2022-08-04T16:34:11+00:00\",\"author\":{\"@id\":\"https:\/\/www.turismegarrigues.com\/blog\/#\/schema\/person\/7ada9dce6475184bb0c0a652f29c9653\"},\"breadcrumb\":{\"@id\":\"https:\/\/www.turismegarrigues.com\/blog\/el-garrigues-guitar-festival-arriba-a-granyena-de-les-garrigues\/#breadcrumb\"},\"inLanguage\":\"ca\",\"potentialAction\":[{\"@type\":\"ReadAction\",\"target\":[\"https:\/\/www.turismegarrigues.com\/blog\/el-garrigues-guitar-festival-arriba-a-granyena-de-les-garrigues\/\"]}]},{\"@type\":\"ImageObject\",\"inLanguage\":\"ca\",\"@id\":\"https:\/\/www.turismegarrigues.com\/blog\/el-garrigues-guitar-festival-arriba-a-granyena-de-les-garrigues\/#primaryimage\",\"url\":\"https:\/\/www.turismegarrigues.com\/blog\/wp-content\/uploads\/291021982_5194657173952704_6107435361037467832_n.jpeg\",\"contentUrl\":\"https:\/\/www.turismegarrigues.com\/blog\/wp-content\/uploads\/291021982_5194657173952704_6107435361037467832_n.jpeg\",\"width\":1024,\"height\":683},{\"@type\":\"BreadcrumbList\",\"@id\":\"https:\/\/www.turismegarrigues.com\/blog\/el-garrigues-guitar-festival-arriba-a-granyena-de-les-garrigues\/#breadcrumb\",\"itemListElement\":[{\"@type\":\"ListItem\",\"position\":1,\"name\":\"Inici\",\"item\":\"https:\/\/www.turismegarrigues.com\/blog\/\"},{\"@type\":\"ListItem\",\"position\":2,\"name\":\"El Garrigues Guitar Festival arriba a Granyena de les Garrigues\"}]},{\"@type\":\"WebSite\",\"@id\":\"https:\/\/www.turismegarrigues.com\/blog\/#website\",\"url\":\"https:\/\/www.turismegarrigues.com\/blog\/\",\"name\":\"Turisme de les Garrigues\",\"description\":\"Blog\",\"potentialAction\":[{\"@type\":\"SearchAction\",\"target\":{\"@type\":\"EntryPoint\",\"urlTemplate\":\"https:\/\/www.turismegarrigues.com\/blog\/?s={search_term_string}\"},\"query-input\":{\"@type\":\"PropertyValueSpecification\",\"valueRequired\":true,\"valueName\":\"search_term_string\"}}],\"inLanguage\":\"ca\"},{\"@type\":\"Person\",\"@id\":\"https:\/\/www.turismegarrigues.com\/blog\/#\/schema\/person\/7ada9dce6475184bb0c0a652f29c9653\",\"name\":\"turismegarrigues\",\"image\":{\"@type\":\"ImageObject\",\"inLanguage\":\"ca\",\"@id\":\"https:\/\/www.turismegarrigues.com\/blog\/#\/schema\/person\/image\/\",\"url\":\"https:\/\/secure.gravatar.com\/avatar\/2479dec683bf2f700ffae0009a0a72796d18201a99196df0e23b11ae9749e88e?s=96&d=mm&r=g\",\"contentUrl\":\"https:\/\/secure.gravatar.com\/avatar\/2479dec683bf2f700ffae0009a0a72796d18201a99196df0e23b11ae9749e88e?s=96&d=mm&r=g\",\"caption\":\"turismegarrigues\"},\"sameAs\":[\"http:\/\/www.turismegarrigues.com\/\"],\"url\":\"https:\/\/www.turismegarrigues.com\/blog\/author\/turismegarrigues\/\"}]}<\/script>\n<!-- \/ Yoast SEO plugin. -->","yoast_head_json":{"title":"El Garrigues Guitar Festival arriba a Granyena de les Garrigues - Turisme de les Garrigues","robots":{"index":"index","follow":"follow","max-snippet":"max-snippet:-1","max-image-preview":"max-image-preview:large","max-video-preview":"max-video-preview:-1"},"canonical":"https:\/\/www.turismegarrigues.com\/blog\/el-garrigues-guitar-festival-arriba-a-granyena-de-les-garrigues\/","og_locale":"ca_ES","og_type":"article","og_title":"El Garrigues Guitar Festival arriba a Granyena de les Garrigues - Turisme de les Garrigues","og_description":"El dissabte 6 d\u2019agost podreu gaudir del Garrigues Guitar Festival a Granyena de les Garrigues! Aquest festival t\u00e9 un doble objectiu, el primer, donar a con\u00e8ixer i retre homenatge al mestre guitarrista i music\u00f2leg garriguenc Emili Pujol (la Granadella, 1886 \u2013 Barcelona, 1980) figura representativa internacional de l\u2019instrument de la guitarra al segle XX i ... Llegiu m\u00e9s","og_url":"https:\/\/www.turismegarrigues.com\/blog\/el-garrigues-guitar-festival-arriba-a-granyena-de-les-garrigues\/","og_site_name":"Turisme de les Garrigues","article_published_time":"2022-08-04T16:34:11+00:00","og_image":[{"width":1024,"height":683,"url":"https:\/\/www.turismegarrigues.com\/blog\/wp-content\/uploads\/291021982_5194657173952704_6107435361037467832_n.jpeg","type":"image\/jpeg"}],"author":"turismegarrigues","twitter_card":"summary_large_image","twitter_misc":{"Escrit per":"turismegarrigues","Temps estimat de lectura":"2 minuts"},"schema":{"@context":"https:\/\/schema.org","@graph":[{"@type":"WebPage","@id":"https:\/\/www.turismegarrigues.com\/blog\/el-garrigues-guitar-festival-arriba-a-granyena-de-les-garrigues\/","url":"https:\/\/www.turismegarrigues.com\/blog\/el-garrigues-guitar-festival-arriba-a-granyena-de-les-garrigues\/","name":"El Garrigues Guitar Festival arriba a Granyena de les Garrigues - Turisme de les Garrigues","isPartOf":{"@id":"https:\/\/www.turismegarrigues.com\/blog\/#website"},"primaryImageOfPage":{"@id":"https:\/\/www.turismegarrigues.com\/blog\/el-garrigues-guitar-festival-arriba-a-granyena-de-les-garrigues\/#primaryimage"},"image":{"@id":"https:\/\/www.turismegarrigues.com\/blog\/el-garrigues-guitar-festival-arriba-a-granyena-de-les-garrigues\/#primaryimage"},"thumbnailUrl":"https:\/\/www.turismegarrigues.com\/blog\/wp-content\/uploads\/291021982_5194657173952704_6107435361037467832_n.jpeg","datePublished":"2022-08-04T16:34:11+00:00","author":{"@id":"https:\/\/www.turismegarrigues.com\/blog\/#\/schema\/person\/7ada9dce6475184bb0c0a652f29c9653"},"breadcrumb":{"@id":"https:\/\/www.turismegarrigues.com\/blog\/el-garrigues-guitar-festival-arriba-a-granyena-de-les-garrigues\/#breadcrumb"},"inLanguage":"ca","potentialAction":[{"@type":"ReadAction","target":["https:\/\/www.turismegarrigues.com\/blog\/el-garrigues-guitar-festival-arriba-a-granyena-de-les-garrigues\/"]}]},{"@type":"ImageObject","inLanguage":"ca","@id":"https:\/\/www.turismegarrigues.com\/blog\/el-garrigues-guitar-festival-arriba-a-granyena-de-les-garrigues\/#primaryimage","url":"https:\/\/www.turismegarrigues.com\/blog\/wp-content\/uploads\/291021982_5194657173952704_6107435361037467832_n.jpeg","contentUrl":"https:\/\/www.turismegarrigues.com\/blog\/wp-content\/uploads\/291021982_5194657173952704_6107435361037467832_n.jpeg","width":1024,"height":683},{"@type":"BreadcrumbList","@id":"https:\/\/www.turismegarrigues.com\/blog\/el-garrigues-guitar-festival-arriba-a-granyena-de-les-garrigues\/#breadcrumb","itemListElement":[{"@type":"ListItem","position":1,"name":"Inici","item":"https:\/\/www.turismegarrigues.com\/blog\/"},{"@type":"ListItem","position":2,"name":"El Garrigues Guitar Festival arriba a Granyena de les Garrigues"}]},{"@type":"WebSite","@id":"https:\/\/www.turismegarrigues.com\/blog\/#website","url":"https:\/\/www.turismegarrigues.com\/blog\/","name":"Turisme de les Garrigues","description":"Blog","potentialAction":[{"@type":"SearchAction","target":{"@type":"EntryPoint","urlTemplate":"https:\/\/www.turismegarrigues.com\/blog\/?s={search_term_string}"},"query-input":{"@type":"PropertyValueSpecification","valueRequired":true,"valueName":"search_term_string"}}],"inLanguage":"ca"},{"@type":"Person","@id":"https:\/\/www.turismegarrigues.com\/blog\/#\/schema\/person\/7ada9dce6475184bb0c0a652f29c9653","name":"turismegarrigues","image":{"@type":"ImageObject","inLanguage":"ca","@id":"https:\/\/www.turismegarrigues.com\/blog\/#\/schema\/person\/image\/","url":"https:\/\/secure.gravatar.com\/avatar\/2479dec683bf2f700ffae0009a0a72796d18201a99196df0e23b11ae9749e88e?s=96&d=mm&r=g","contentUrl":"https:\/\/secure.gravatar.com\/avatar\/2479dec683bf2f700ffae0009a0a72796d18201a99196df0e23b11ae9749e88e?s=96&d=mm&r=g","caption":"turismegarrigues"},"sameAs":["http:\/\/www.turismegarrigues.com\/"],"url":"https:\/\/www.turismegarrigues.com\/blog\/author\/turismegarrigues\/"}]}},"_links":{"self":[{"href":"https:\/\/www.turismegarrigues.com\/blog\/wp-json\/wp\/v2\/posts\/2684","targetHints":{"allow":["GET"]}}],"collection":[{"href":"https:\/\/www.turismegarrigues.com\/blog\/wp-json\/wp\/v2\/posts"}],"about":[{"href":"https:\/\/www.turismegarrigues.com\/blog\/wp-json\/wp\/v2\/types\/post"}],"author":[{"embeddable":true,"href":"https:\/\/www.turismegarrigues.com\/blog\/wp-json\/wp\/v2\/users\/2"}],"replies":[{"embeddable":true,"href":"https:\/\/www.turismegarrigues.com\/blog\/wp-json\/wp\/v2\/comments?post=2684"}],"version-history":[{"count":1,"href":"https:\/\/www.turismegarrigues.com\/blog\/wp-json\/wp\/v2\/posts\/2684\/revisions"}],"predecessor-version":[{"id":2685,"href":"https:\/\/www.turismegarrigues.com\/blog\/wp-json\/wp\/v2\/posts\/2684\/revisions\/2685"}],"wp:featuredmedia":[{"embeddable":true,"href":"https:\/\/www.turismegarrigues.com\/blog\/wp-json\/wp\/v2\/media\/2657"}],"wp:attachment":[{"href":"https:\/\/www.turismegarrigues.com\/blog\/wp-json\/wp\/v2\/media?parent=2684"}],"wp:term":[{"taxonomy":"category","embeddable":true,"href":"https:\/\/www.turismegarrigues.com\/blog\/wp-json\/wp\/v2\/categories?post=2684"},{"taxonomy":"post_tag","embeddable":true,"href":"https:\/\/www.turismegarrigues.com\/blog\/wp-json\/wp\/v2\/tags?post=2684"}],"curies":[{"name":"wp","href":"https:\/\/api.w.org\/{rel}","templated":true}]}}