{"id":2692,"date":"2022-08-19T08:53:50","date_gmt":"2022-08-19T06:53:50","guid":{"rendered":"https:\/\/www.turismegarrigues.com\/blog\/?p=2692"},"modified":"2022-08-19T08:53:51","modified_gmt":"2022-08-19T06:53:51","slug":"2-concerts-en-dos-espais-idillics","status":"publish","type":"post","link":"https:\/\/www.turismegarrigues.com\/blog\/2-concerts-en-dos-espais-idillics\/","title":{"rendered":"2 concerts en dos espais id\u00edl\u00b7lics"},"content":{"rendered":"\n<p>El 19 i 20 podreu gaudir del <strong>Garrigues Guitar Festival <\/strong>en dos espais id\u00edl\u00b7lics: al conjunt rupestre la Roca dels Moros del Cogul i a la Vinya Vilars d\u2019Arbeca! Aquest festival t\u00e9 un doble objectiu, el primer, donar a con\u00e8ixer i retre homenatge al mestre guitarrista i music\u00f2leg garriguenc Emili Pujol (la Granadella, 1886 \u2013 Barcelona, 1980) figura representativa internacional de l\u2019instrument de la guitarra al segle XX i el segon, descobrir el patrimoni cultural i gastron\u00f2mic de la comarca de les Garrigues.&nbsp;<\/p>\n\n\n\n<p>El divendres a partir de les 20 h podreu fer una visita guiada al Conjunt Rupestre i en acabar, a les 21 h comen\u00e7ar\u00e0 el concert \u201cVestigis del Cogul\u201d interpretat per Silvia Nogales, guitarra cl\u00e0ssica i Josep Mar\u00eda Rius (JOMA), pintura. Despr\u00e9s de l\u2019\u00e8xit amb l\u2019espectacle Altamira, ancestral i m\u00e0gica, seleccionada pel Ministeri de Cultura per al programa MUSAE. M\u00fasica als museus estatals, Silvia Nogales i Joma tornen amb Vestigis del Cogul, un concert pict\u00f2ric on el dibuix sorgeix en constant di\u00e0leg amb la m\u00fasica de Llobet, Falla o Brouwer, i en el qual es trena la hist\u00f2ria dels nostres avantpassats sobre les petjades ancestrals, pinzellades de ritus i tradicions.<\/p>\n\n\n\n<figure class=\"wp-block-embed is-type-video is-provider-youtube wp-block-embed-youtube wp-embed-aspect-16-9 wp-has-aspect-ratio\"><div class=\"wp-block-embed__wrapper\">\n<iframe loading=\"lazy\" title=\"Silvia Nogales y JOMA- Testament d\u00b4Amelia (Llobet)- Guitarra &amp; Pintura\" width=\"1200\" height=\"675\" src=\"https:\/\/www.youtube.com\/embed\/Cb226hpbdkY?feature=oembed\" frameborder=\"0\" allow=\"accelerometer; autoplay; clipboard-write; encrypted-media; gyroscope; picture-in-picture\" allowfullscreen><\/iframe>\n<\/div><\/figure>\n\n\n\n<p>I dissabte a partir de les 22 h us esperem a la Vinya Vilars per gaudir del concert \u201cJoies per guitarra flamenca\u201d interpretat per Pedro Javier Gonz\u00e1lez, un dels guitarristes i compositors m\u00e9s vers\u00e0tils del nostre pa\u00eds. L\u2019ess\u00e8ncia flamenca de Pedro Javier Gonz\u00e1lez es va influir directament dels mestres Juan Trilla i Antonio Francisco Serra. Albert Cubero i Sean Levit van fer el mateix amb el jazz i la improvisaci\u00f3. El 2019 publica Babia, el seu darrer treball discogr\u00e0fic com a solista, que fa refer\u00e8ncia a la seva musicalitat \u00e0mplia, pulcra, sensible, exigent i ferma.<\/p>\n\n\n\n<figure class=\"wp-block-embed is-type-video is-provider-youtube wp-block-embed-youtube wp-embed-aspect-16-9 wp-has-aspect-ratio\"><div class=\"wp-block-embed__wrapper\">\n<iframe loading=\"lazy\" title=\"Pedro Javier Gonz\u00e1lez &amp; Laia Gonz\u00e1lez | SULTANS OF SWING 2020.\" width=\"1200\" height=\"675\" src=\"https:\/\/www.youtube.com\/embed\/Wp5l4Qwl1Lo?feature=oembed\" frameborder=\"0\" allow=\"accelerometer; autoplay; clipboard-write; encrypted-media; gyroscope; picture-in-picture\" allowfullscreen><\/iframe>\n<\/div><\/figure>\n\n\n\n<p>L\u2019entrada a tots els concerts \u00e9s amb <a href=\"https:\/\/emilipujol.cat\/guitarfest\/\">reserva pr\u00e8via<\/a>.<\/p>\n\n\n\n<p>No oblidis compartir les teves fotografies a Instagram amb l\u2019etiqueta #TurismeLesGarrigues!<\/p>\n","protected":false},"excerpt":{"rendered":"<p>El 19 i 20 podreu gaudir del Garrigues Guitar Festival en dos espais id\u00edl\u00b7lics: al conjunt rupestre la Roca dels Moros del Cogul i a la Vinya Vilars d\u2019Arbeca! Aquest festival t\u00e9 un doble objectiu, el primer, donar a con\u00e8ixer i retre homenatge al mestre guitarrista i music\u00f2leg garriguenc Emili Pujol (la Granadella, 1886 \u2013 &#8230; <a title=\"2 concerts en dos espais id\u00edl\u00b7lics\" class=\"read-more\" href=\"https:\/\/www.turismegarrigues.com\/blog\/2-concerts-en-dos-espais-idillics\/\" aria-label=\"M\u00e9s informaci\u00f3 sobre 2 concerts en dos espais id\u00edl\u00b7lics\">Llegiu m\u00e9s<\/a><\/p>\n","protected":false},"author":2,"featured_media":2693,"comment_status":"closed","ping_status":"closed","sticky":false,"template":"","format":"standard","meta":{"footnotes":""},"categories":[1],"tags":[32,133,65,112,114,38,131,132],"class_list":["post-2692","post","type-post","status-publish","format-standard","has-post-thumbnail","hentry","category-turisme","tag-arbeca","tag-conjunt-rupestre-la-roca-dels-moros-del-cogul","tag-el-cogul","tag-garrigues-guitar-festival","tag-garriguitar","tag-les-garrigues","tag-pintures-rupestres","tag-vinya-vilars-arbeca"],"yoast_head":"<!-- This site is optimized with the Yoast SEO plugin v24.4 - https:\/\/yoast.com\/wordpress\/plugins\/seo\/ -->\n<title>2 concerts en dos espais id\u00edl\u00b7lics - Turisme de les Garrigues<\/title>\n<meta name=\"robots\" content=\"index, follow, max-snippet:-1, max-image-preview:large, max-video-preview:-1\" \/>\n<link rel=\"canonical\" href=\"https:\/\/www.turismegarrigues.com\/blog\/2-concerts-en-dos-espais-idillics\/\" \/>\n<meta property=\"og:locale\" content=\"ca_ES\" \/>\n<meta property=\"og:type\" content=\"article\" \/>\n<meta property=\"og:title\" content=\"2 concerts en dos espais id\u00edl\u00b7lics - Turisme de les Garrigues\" \/>\n<meta property=\"og:description\" content=\"El 19 i 20 podreu gaudir del Garrigues Guitar Festival en dos espais id\u00edl\u00b7lics: al conjunt rupestre la Roca dels Moros del Cogul i a la Vinya Vilars d\u2019Arbeca! Aquest festival t\u00e9 un doble objectiu, el primer, donar a con\u00e8ixer i retre homenatge al mestre guitarrista i music\u00f2leg garriguenc Emili Pujol (la Granadella, 1886 \u2013 ... Llegiu m\u00e9s\" \/>\n<meta property=\"og:url\" content=\"https:\/\/www.turismegarrigues.com\/blog\/2-concerts-en-dos-espais-idillics\/\" \/>\n<meta property=\"og:site_name\" content=\"Turisme de les Garrigues\" \/>\n<meta property=\"article:published_time\" content=\"2022-08-19T06:53:50+00:00\" \/>\n<meta property=\"article:modified_time\" content=\"2022-08-19T06:53:51+00:00\" \/>\n<meta property=\"og:image\" content=\"https:\/\/www.turismegarrigues.com\/blog\/wp-content\/uploads\/Vinya-els-Vilars-Vi-Costers-del-Segre-Garrigues-Guitar-Festival-2018-3.jpeg\" \/>\n\t<meta property=\"og:image:width\" content=\"1024\" \/>\n\t<meta property=\"og:image:height\" content=\"768\" \/>\n\t<meta property=\"og:image:type\" content=\"image\/jpeg\" \/>\n<meta name=\"author\" content=\"turismegarrigues\" \/>\n<meta name=\"twitter:card\" content=\"summary_large_image\" \/>\n<meta name=\"twitter:label1\" content=\"Escrit per\" \/>\n\t<meta name=\"twitter:data1\" content=\"turismegarrigues\" \/>\n\t<meta name=\"twitter:label2\" content=\"Temps estimat de lectura\" \/>\n\t<meta name=\"twitter:data2\" content=\"2 minuts\" \/>\n<script type=\"application\/ld+json\" class=\"yoast-schema-graph\">{\"@context\":\"https:\/\/schema.org\",\"@graph\":[{\"@type\":\"WebPage\",\"@id\":\"https:\/\/www.turismegarrigues.com\/blog\/2-concerts-en-dos-espais-idillics\/\",\"url\":\"https:\/\/www.turismegarrigues.com\/blog\/2-concerts-en-dos-espais-idillics\/\",\"name\":\"2 concerts en dos espais id\u00edl\u00b7lics - Turisme de les Garrigues\",\"isPartOf\":{\"@id\":\"https:\/\/www.turismegarrigues.com\/blog\/#website\"},\"primaryImageOfPage\":{\"@id\":\"https:\/\/www.turismegarrigues.com\/blog\/2-concerts-en-dos-espais-idillics\/#primaryimage\"},\"image\":{\"@id\":\"https:\/\/www.turismegarrigues.com\/blog\/2-concerts-en-dos-espais-idillics\/#primaryimage\"},\"thumbnailUrl\":\"https:\/\/www.turismegarrigues.com\/blog\/wp-content\/uploads\/Vinya-els-Vilars-Vi-Costers-del-Segre-Garrigues-Guitar-Festival-2018-3.jpeg\",\"datePublished\":\"2022-08-19T06:53:50+00:00\",\"dateModified\":\"2022-08-19T06:53:51+00:00\",\"author\":{\"@id\":\"https:\/\/www.turismegarrigues.com\/blog\/#\/schema\/person\/7ada9dce6475184bb0c0a652f29c9653\"},\"breadcrumb\":{\"@id\":\"https:\/\/www.turismegarrigues.com\/blog\/2-concerts-en-dos-espais-idillics\/#breadcrumb\"},\"inLanguage\":\"ca\",\"potentialAction\":[{\"@type\":\"ReadAction\",\"target\":[\"https:\/\/www.turismegarrigues.com\/blog\/2-concerts-en-dos-espais-idillics\/\"]}]},{\"@type\":\"ImageObject\",\"inLanguage\":\"ca\",\"@id\":\"https:\/\/www.turismegarrigues.com\/blog\/2-concerts-en-dos-espais-idillics\/#primaryimage\",\"url\":\"https:\/\/www.turismegarrigues.com\/blog\/wp-content\/uploads\/Vinya-els-Vilars-Vi-Costers-del-Segre-Garrigues-Guitar-Festival-2018-3.jpeg\",\"contentUrl\":\"https:\/\/www.turismegarrigues.com\/blog\/wp-content\/uploads\/Vinya-els-Vilars-Vi-Costers-del-Segre-Garrigues-Guitar-Festival-2018-3.jpeg\",\"width\":1024,\"height\":768},{\"@type\":\"BreadcrumbList\",\"@id\":\"https:\/\/www.turismegarrigues.com\/blog\/2-concerts-en-dos-espais-idillics\/#breadcrumb\",\"itemListElement\":[{\"@type\":\"ListItem\",\"position\":1,\"name\":\"Inici\",\"item\":\"https:\/\/www.turismegarrigues.com\/blog\/\"},{\"@type\":\"ListItem\",\"position\":2,\"name\":\"2 concerts en dos espais id\u00edl\u00b7lics\"}]},{\"@type\":\"WebSite\",\"@id\":\"https:\/\/www.turismegarrigues.com\/blog\/#website\",\"url\":\"https:\/\/www.turismegarrigues.com\/blog\/\",\"name\":\"Turisme de les Garrigues\",\"description\":\"Blog\",\"potentialAction\":[{\"@type\":\"SearchAction\",\"target\":{\"@type\":\"EntryPoint\",\"urlTemplate\":\"https:\/\/www.turismegarrigues.com\/blog\/?s={search_term_string}\"},\"query-input\":{\"@type\":\"PropertyValueSpecification\",\"valueRequired\":true,\"valueName\":\"search_term_string\"}}],\"inLanguage\":\"ca\"},{\"@type\":\"Person\",\"@id\":\"https:\/\/www.turismegarrigues.com\/blog\/#\/schema\/person\/7ada9dce6475184bb0c0a652f29c9653\",\"name\":\"turismegarrigues\",\"image\":{\"@type\":\"ImageObject\",\"inLanguage\":\"ca\",\"@id\":\"https:\/\/www.turismegarrigues.com\/blog\/#\/schema\/person\/image\/\",\"url\":\"https:\/\/secure.gravatar.com\/avatar\/2479dec683bf2f700ffae0009a0a72796d18201a99196df0e23b11ae9749e88e?s=96&d=mm&r=g\",\"contentUrl\":\"https:\/\/secure.gravatar.com\/avatar\/2479dec683bf2f700ffae0009a0a72796d18201a99196df0e23b11ae9749e88e?s=96&d=mm&r=g\",\"caption\":\"turismegarrigues\"},\"sameAs\":[\"http:\/\/www.turismegarrigues.com\/\"],\"url\":\"https:\/\/www.turismegarrigues.com\/blog\/author\/turismegarrigues\/\"}]}<\/script>\n<!-- \/ Yoast SEO plugin. -->","yoast_head_json":{"title":"2 concerts en dos espais id\u00edl\u00b7lics - Turisme de les Garrigues","robots":{"index":"index","follow":"follow","max-snippet":"max-snippet:-1","max-image-preview":"max-image-preview:large","max-video-preview":"max-video-preview:-1"},"canonical":"https:\/\/www.turismegarrigues.com\/blog\/2-concerts-en-dos-espais-idillics\/","og_locale":"ca_ES","og_type":"article","og_title":"2 concerts en dos espais id\u00edl\u00b7lics - Turisme de les Garrigues","og_description":"El 19 i 20 podreu gaudir del Garrigues Guitar Festival en dos espais id\u00edl\u00b7lics: al conjunt rupestre la Roca dels Moros del Cogul i a la Vinya Vilars d\u2019Arbeca! Aquest festival t\u00e9 un doble objectiu, el primer, donar a con\u00e8ixer i retre homenatge al mestre guitarrista i music\u00f2leg garriguenc Emili Pujol (la Granadella, 1886 \u2013 ... Llegiu m\u00e9s","og_url":"https:\/\/www.turismegarrigues.com\/blog\/2-concerts-en-dos-espais-idillics\/","og_site_name":"Turisme de les Garrigues","article_published_time":"2022-08-19T06:53:50+00:00","article_modified_time":"2022-08-19T06:53:51+00:00","og_image":[{"width":1024,"height":768,"url":"https:\/\/www.turismegarrigues.com\/blog\/wp-content\/uploads\/Vinya-els-Vilars-Vi-Costers-del-Segre-Garrigues-Guitar-Festival-2018-3.jpeg","type":"image\/jpeg"}],"author":"turismegarrigues","twitter_card":"summary_large_image","twitter_misc":{"Escrit per":"turismegarrigues","Temps estimat de lectura":"2 minuts"},"schema":{"@context":"https:\/\/schema.org","@graph":[{"@type":"WebPage","@id":"https:\/\/www.turismegarrigues.com\/blog\/2-concerts-en-dos-espais-idillics\/","url":"https:\/\/www.turismegarrigues.com\/blog\/2-concerts-en-dos-espais-idillics\/","name":"2 concerts en dos espais id\u00edl\u00b7lics - Turisme de les Garrigues","isPartOf":{"@id":"https:\/\/www.turismegarrigues.com\/blog\/#website"},"primaryImageOfPage":{"@id":"https:\/\/www.turismegarrigues.com\/blog\/2-concerts-en-dos-espais-idillics\/#primaryimage"},"image":{"@id":"https:\/\/www.turismegarrigues.com\/blog\/2-concerts-en-dos-espais-idillics\/#primaryimage"},"thumbnailUrl":"https:\/\/www.turismegarrigues.com\/blog\/wp-content\/uploads\/Vinya-els-Vilars-Vi-Costers-del-Segre-Garrigues-Guitar-Festival-2018-3.jpeg","datePublished":"2022-08-19T06:53:50+00:00","dateModified":"2022-08-19T06:53:51+00:00","author":{"@id":"https:\/\/www.turismegarrigues.com\/blog\/#\/schema\/person\/7ada9dce6475184bb0c0a652f29c9653"},"breadcrumb":{"@id":"https:\/\/www.turismegarrigues.com\/blog\/2-concerts-en-dos-espais-idillics\/#breadcrumb"},"inLanguage":"ca","potentialAction":[{"@type":"ReadAction","target":["https:\/\/www.turismegarrigues.com\/blog\/2-concerts-en-dos-espais-idillics\/"]}]},{"@type":"ImageObject","inLanguage":"ca","@id":"https:\/\/www.turismegarrigues.com\/blog\/2-concerts-en-dos-espais-idillics\/#primaryimage","url":"https:\/\/www.turismegarrigues.com\/blog\/wp-content\/uploads\/Vinya-els-Vilars-Vi-Costers-del-Segre-Garrigues-Guitar-Festival-2018-3.jpeg","contentUrl":"https:\/\/www.turismegarrigues.com\/blog\/wp-content\/uploads\/Vinya-els-Vilars-Vi-Costers-del-Segre-Garrigues-Guitar-Festival-2018-3.jpeg","width":1024,"height":768},{"@type":"BreadcrumbList","@id":"https:\/\/www.turismegarrigues.com\/blog\/2-concerts-en-dos-espais-idillics\/#breadcrumb","itemListElement":[{"@type":"ListItem","position":1,"name":"Inici","item":"https:\/\/www.turismegarrigues.com\/blog\/"},{"@type":"ListItem","position":2,"name":"2 concerts en dos espais id\u00edl\u00b7lics"}]},{"@type":"WebSite","@id":"https:\/\/www.turismegarrigues.com\/blog\/#website","url":"https:\/\/www.turismegarrigues.com\/blog\/","name":"Turisme de les Garrigues","description":"Blog","potentialAction":[{"@type":"SearchAction","target":{"@type":"EntryPoint","urlTemplate":"https:\/\/www.turismegarrigues.com\/blog\/?s={search_term_string}"},"query-input":{"@type":"PropertyValueSpecification","valueRequired":true,"valueName":"search_term_string"}}],"inLanguage":"ca"},{"@type":"Person","@id":"https:\/\/www.turismegarrigues.com\/blog\/#\/schema\/person\/7ada9dce6475184bb0c0a652f29c9653","name":"turismegarrigues","image":{"@type":"ImageObject","inLanguage":"ca","@id":"https:\/\/www.turismegarrigues.com\/blog\/#\/schema\/person\/image\/","url":"https:\/\/secure.gravatar.com\/avatar\/2479dec683bf2f700ffae0009a0a72796d18201a99196df0e23b11ae9749e88e?s=96&d=mm&r=g","contentUrl":"https:\/\/secure.gravatar.com\/avatar\/2479dec683bf2f700ffae0009a0a72796d18201a99196df0e23b11ae9749e88e?s=96&d=mm&r=g","caption":"turismegarrigues"},"sameAs":["http:\/\/www.turismegarrigues.com\/"],"url":"https:\/\/www.turismegarrigues.com\/blog\/author\/turismegarrigues\/"}]}},"_links":{"self":[{"href":"https:\/\/www.turismegarrigues.com\/blog\/wp-json\/wp\/v2\/posts\/2692","targetHints":{"allow":["GET"]}}],"collection":[{"href":"https:\/\/www.turismegarrigues.com\/blog\/wp-json\/wp\/v2\/posts"}],"about":[{"href":"https:\/\/www.turismegarrigues.com\/blog\/wp-json\/wp\/v2\/types\/post"}],"author":[{"embeddable":true,"href":"https:\/\/www.turismegarrigues.com\/blog\/wp-json\/wp\/v2\/users\/2"}],"replies":[{"embeddable":true,"href":"https:\/\/www.turismegarrigues.com\/blog\/wp-json\/wp\/v2\/comments?post=2692"}],"version-history":[{"count":1,"href":"https:\/\/www.turismegarrigues.com\/blog\/wp-json\/wp\/v2\/posts\/2692\/revisions"}],"predecessor-version":[{"id":2695,"href":"https:\/\/www.turismegarrigues.com\/blog\/wp-json\/wp\/v2\/posts\/2692\/revisions\/2695"}],"wp:featuredmedia":[{"embeddable":true,"href":"https:\/\/www.turismegarrigues.com\/blog\/wp-json\/wp\/v2\/media\/2693"}],"wp:attachment":[{"href":"https:\/\/www.turismegarrigues.com\/blog\/wp-json\/wp\/v2\/media?parent=2692"}],"wp:term":[{"taxonomy":"category","embeddable":true,"href":"https:\/\/www.turismegarrigues.com\/blog\/wp-json\/wp\/v2\/categories?post=2692"},{"taxonomy":"post_tag","embeddable":true,"href":"https:\/\/www.turismegarrigues.com\/blog\/wp-json\/wp\/v2\/tags?post=2692"}],"curies":[{"name":"wp","href":"https:\/\/api.w.org\/{rel}","templated":true}]}}