{"id":2696,"date":"2022-08-26T09:58:42","date_gmt":"2022-08-26T07:58:42","guid":{"rendered":"https:\/\/www.turismegarrigues.com\/blog\/?p=2696"},"modified":"2022-08-26T09:58:44","modified_gmt":"2022-08-26T07:58:44","slug":"el-garriguitar-tanca-el-festival-al-celler-mas-blanch-i-jove","status":"publish","type":"post","link":"https:\/\/www.turismegarrigues.com\/blog\/el-garriguitar-tanca-el-festival-al-celler-mas-blanch-i-jove\/","title":{"rendered":"El GarriGuitar tanca el Festival al Celler Mas Blanch i Jov\u00e9"},"content":{"rendered":"\n<p>El dissabte 27 d\u2019agost, el <strong>Garrigues Guitar Festival <\/strong>tanca la seva programaci\u00f3 al Celler Mas Blanch i Jov\u00e9 de la Pobla de C\u00e9rvoles! Aquest festival t\u00e9 un doble objectiu, el primer, donar a con\u00e8ixer i retre homenatge al mestre guitarrista i music\u00f2leg garriguenc Emili Pujol (la Granadella, 1886 \u2013 Barcelona, 1980) figura representativa internacional de l\u2019instrument de la guitarra al segle XX i el segon, descobrir el patrimoni cultural i gastron\u00f2mic de la comarca de les Garrigues.&nbsp;<\/p>\n\n\n\n<p>A partir de les 19 h podreu fer una visita al celler, conegut tamb\u00e9 com la Vinya dels Artistes, fer un tast dels seus vins i gaudir del concert \u201cDones compositores\u201d&nbsp; interpretat pel Duo&nbsp; Jovi\u010di\u0107-Scevola format per Milica Jovi\u010di\u0107, soprano i Gian Carlo Scevola, guitarra cl\u00e0ssica.<\/p>\n\n\n\n<figure class=\"wp-block-embed is-type-video is-provider-youtube wp-block-embed-youtube wp-embed-aspect-16-9 wp-has-aspect-ratio\"><div class=\"wp-block-embed__wrapper\">\n<iframe loading=\"lazy\" title=\"M. Salvador - Endecha\" width=\"1200\" height=\"675\" src=\"https:\/\/www.youtube.com\/embed\/RyDSDDXaHSM?feature=oembed\" frameborder=\"0\" allow=\"accelerometer; autoplay; clipboard-write; encrypted-media; gyroscope; picture-in-picture\" allowfullscreen><\/iframe>\n<\/div><\/figure>\n\n\n\n<p>Comprendre el paper de la dona a la societat i a l\u2019art ha estat un moviment constant desacords i relegades a un segon pla malgrat la seva posici\u00f3 social. Investigant a fons la m\u00fasica del modernisme han trobat un grapat d\u2019obres originals per a veu i piano. Adaptades per a veu i guitarra, el duet vol visibilitzar a la figura de la dona compositiva de la m\u00e0 de Llu\u00efsa Casagemas, Narcisa Freixas, Isabel G\u00fcell o Matilde Salvador.<\/p>\n\n\n\n<figure class=\"wp-block-embed is-type-video is-provider-youtube wp-block-embed-youtube wp-embed-aspect-16-9 wp-has-aspect-ratio\"><div class=\"wp-block-embed__wrapper\">\n<iframe loading=\"lazy\" title=\"TRAVICULT 2021 | DUO JOVI\u010cI\u0106-SCEVOLA | La tarara, Federico Garc\u00eda Lorca\" width=\"1200\" height=\"675\" src=\"https:\/\/www.youtube.com\/embed\/jWU0GpoWOsE?feature=oembed\" frameborder=\"0\" allow=\"accelerometer; autoplay; clipboard-write; encrypted-media; gyroscope; picture-in-picture\" allowfullscreen><\/iframe>\n<\/div><\/figure>\n\n\n\n<p>Aforament limitat. Entrada 10\u20ac.<\/p>\n\n\n\n<p>Entrada amb <a href=\"https:\/\/emilipujol.cat\/guitarfest\/\">reserva pr\u00e8via<\/a>.<\/p>\n\n\n\n<p>No oblidis compartir les teves fotografies a Instagram amb l\u2019etiqueta #TurismeLesGarrigues!<\/p>\n","protected":false},"excerpt":{"rendered":"<p>El dissabte 27 d\u2019agost, el Garrigues Guitar Festival tanca la seva programaci\u00f3 al Celler Mas Blanch i Jov\u00e9 de la Pobla de C\u00e9rvoles! Aquest festival t\u00e9 un doble objectiu, el primer, donar a con\u00e8ixer i retre homenatge al mestre guitarrista i music\u00f2leg garriguenc Emili Pujol (la Granadella, 1886 \u2013 Barcelona, 1980) figura representativa internacional de &#8230; <a title=\"El GarriGuitar tanca el Festival al Celler Mas Blanch i Jov\u00e9\" class=\"read-more\" href=\"https:\/\/www.turismegarrigues.com\/blog\/el-garriguitar-tanca-el-festival-al-celler-mas-blanch-i-jove\/\" aria-label=\"M\u00e9s informaci\u00f3 sobre El GarriGuitar tanca el Festival al Celler Mas Blanch i Jov\u00e9\">Llegiu m\u00e9s<\/a><\/p>\n","protected":false},"author":2,"featured_media":2697,"comment_status":"closed","ping_status":"closed","sticky":false,"template":"","format":"standard","meta":{"footnotes":""},"categories":[1],"tags":[112,114,38,134,135],"class_list":["post-2696","post","type-post","status-publish","format-standard","has-post-thumbnail","hentry","category-turisme","tag-garrigues-guitar-festival","tag-garriguitar","tag-les-garrigues","tag-mas-blanch-i-jove","tag-pobla-de-cervoles"],"yoast_head":"<!-- This site is optimized with the Yoast SEO plugin v24.4 - https:\/\/yoast.com\/wordpress\/plugins\/seo\/ -->\n<title>El GarriGuitar tanca el Festival al Celler Mas Blanch i Jov\u00e9 - Turisme de les Garrigues<\/title>\n<meta name=\"robots\" content=\"index, follow, max-snippet:-1, max-image-preview:large, max-video-preview:-1\" \/>\n<link rel=\"canonical\" href=\"https:\/\/www.turismegarrigues.com\/blog\/el-garriguitar-tanca-el-festival-al-celler-mas-blanch-i-jove\/\" \/>\n<meta property=\"og:locale\" content=\"ca_ES\" \/>\n<meta property=\"og:type\" content=\"article\" \/>\n<meta property=\"og:title\" content=\"El GarriGuitar tanca el Festival al Celler Mas Blanch i Jov\u00e9 - Turisme de les Garrigues\" \/>\n<meta property=\"og:description\" content=\"El dissabte 27 d\u2019agost, el Garrigues Guitar Festival tanca la seva programaci\u00f3 al Celler Mas Blanch i Jov\u00e9 de la Pobla de C\u00e9rvoles! Aquest festival t\u00e9 un doble objectiu, el primer, donar a con\u00e8ixer i retre homenatge al mestre guitarrista i music\u00f2leg garriguenc Emili Pujol (la Granadella, 1886 \u2013 Barcelona, 1980) figura representativa internacional de ... Llegiu m\u00e9s\" \/>\n<meta property=\"og:url\" content=\"https:\/\/www.turismegarrigues.com\/blog\/el-garriguitar-tanca-el-festival-al-celler-mas-blanch-i-jove\/\" \/>\n<meta property=\"og:site_name\" content=\"Turisme de les Garrigues\" \/>\n<meta property=\"article:published_time\" content=\"2022-08-26T07:58:42+00:00\" \/>\n<meta property=\"article:modified_time\" content=\"2022-08-26T07:58:44+00:00\" \/>\n<meta property=\"og:image\" content=\"https:\/\/www.turismegarrigues.com\/blog\/wp-content\/uploads\/MasBlanch_Home_03_Celler-1024x683-1.jpeg\" \/>\n\t<meta property=\"og:image:width\" content=\"1024\" \/>\n\t<meta property=\"og:image:height\" content=\"683\" \/>\n\t<meta property=\"og:image:type\" content=\"image\/jpeg\" \/>\n<meta name=\"author\" content=\"turismegarrigues\" \/>\n<meta name=\"twitter:card\" content=\"summary_large_image\" \/>\n<meta name=\"twitter:label1\" content=\"Escrit per\" \/>\n\t<meta name=\"twitter:data1\" content=\"turismegarrigues\" \/>\n\t<meta name=\"twitter:label2\" content=\"Temps estimat de lectura\" \/>\n\t<meta name=\"twitter:data2\" content=\"2 minuts\" \/>\n<script type=\"application\/ld+json\" class=\"yoast-schema-graph\">{\"@context\":\"https:\/\/schema.org\",\"@graph\":[{\"@type\":\"WebPage\",\"@id\":\"https:\/\/www.turismegarrigues.com\/blog\/el-garriguitar-tanca-el-festival-al-celler-mas-blanch-i-jove\/\",\"url\":\"https:\/\/www.turismegarrigues.com\/blog\/el-garriguitar-tanca-el-festival-al-celler-mas-blanch-i-jove\/\",\"name\":\"El GarriGuitar tanca el Festival al Celler Mas Blanch i Jov\u00e9 - Turisme de les Garrigues\",\"isPartOf\":{\"@id\":\"https:\/\/www.turismegarrigues.com\/blog\/#website\"},\"primaryImageOfPage\":{\"@id\":\"https:\/\/www.turismegarrigues.com\/blog\/el-garriguitar-tanca-el-festival-al-celler-mas-blanch-i-jove\/#primaryimage\"},\"image\":{\"@id\":\"https:\/\/www.turismegarrigues.com\/blog\/el-garriguitar-tanca-el-festival-al-celler-mas-blanch-i-jove\/#primaryimage\"},\"thumbnailUrl\":\"https:\/\/www.turismegarrigues.com\/blog\/wp-content\/uploads\/MasBlanch_Home_03_Celler-1024x683-1.jpeg\",\"datePublished\":\"2022-08-26T07:58:42+00:00\",\"dateModified\":\"2022-08-26T07:58:44+00:00\",\"author\":{\"@id\":\"https:\/\/www.turismegarrigues.com\/blog\/#\/schema\/person\/7ada9dce6475184bb0c0a652f29c9653\"},\"breadcrumb\":{\"@id\":\"https:\/\/www.turismegarrigues.com\/blog\/el-garriguitar-tanca-el-festival-al-celler-mas-blanch-i-jove\/#breadcrumb\"},\"inLanguage\":\"ca\",\"potentialAction\":[{\"@type\":\"ReadAction\",\"target\":[\"https:\/\/www.turismegarrigues.com\/blog\/el-garriguitar-tanca-el-festival-al-celler-mas-blanch-i-jove\/\"]}]},{\"@type\":\"ImageObject\",\"inLanguage\":\"ca\",\"@id\":\"https:\/\/www.turismegarrigues.com\/blog\/el-garriguitar-tanca-el-festival-al-celler-mas-blanch-i-jove\/#primaryimage\",\"url\":\"https:\/\/www.turismegarrigues.com\/blog\/wp-content\/uploads\/MasBlanch_Home_03_Celler-1024x683-1.jpeg\",\"contentUrl\":\"https:\/\/www.turismegarrigues.com\/blog\/wp-content\/uploads\/MasBlanch_Home_03_Celler-1024x683-1.jpeg\",\"width\":1024,\"height\":683},{\"@type\":\"BreadcrumbList\",\"@id\":\"https:\/\/www.turismegarrigues.com\/blog\/el-garriguitar-tanca-el-festival-al-celler-mas-blanch-i-jove\/#breadcrumb\",\"itemListElement\":[{\"@type\":\"ListItem\",\"position\":1,\"name\":\"Inici\",\"item\":\"https:\/\/www.turismegarrigues.com\/blog\/\"},{\"@type\":\"ListItem\",\"position\":2,\"name\":\"El GarriGuitar tanca el Festival al Celler Mas Blanch i Jov\u00e9\"}]},{\"@type\":\"WebSite\",\"@id\":\"https:\/\/www.turismegarrigues.com\/blog\/#website\",\"url\":\"https:\/\/www.turismegarrigues.com\/blog\/\",\"name\":\"Turisme de les Garrigues\",\"description\":\"Blog\",\"potentialAction\":[{\"@type\":\"SearchAction\",\"target\":{\"@type\":\"EntryPoint\",\"urlTemplate\":\"https:\/\/www.turismegarrigues.com\/blog\/?s={search_term_string}\"},\"query-input\":{\"@type\":\"PropertyValueSpecification\",\"valueRequired\":true,\"valueName\":\"search_term_string\"}}],\"inLanguage\":\"ca\"},{\"@type\":\"Person\",\"@id\":\"https:\/\/www.turismegarrigues.com\/blog\/#\/schema\/person\/7ada9dce6475184bb0c0a652f29c9653\",\"name\":\"turismegarrigues\",\"image\":{\"@type\":\"ImageObject\",\"inLanguage\":\"ca\",\"@id\":\"https:\/\/www.turismegarrigues.com\/blog\/#\/schema\/person\/image\/\",\"url\":\"https:\/\/secure.gravatar.com\/avatar\/2479dec683bf2f700ffae0009a0a72796d18201a99196df0e23b11ae9749e88e?s=96&d=mm&r=g\",\"contentUrl\":\"https:\/\/secure.gravatar.com\/avatar\/2479dec683bf2f700ffae0009a0a72796d18201a99196df0e23b11ae9749e88e?s=96&d=mm&r=g\",\"caption\":\"turismegarrigues\"},\"sameAs\":[\"http:\/\/www.turismegarrigues.com\/\"],\"url\":\"https:\/\/www.turismegarrigues.com\/blog\/author\/turismegarrigues\/\"}]}<\/script>\n<!-- \/ Yoast SEO plugin. -->","yoast_head_json":{"title":"El GarriGuitar tanca el Festival al Celler Mas Blanch i Jov\u00e9 - Turisme de les Garrigues","robots":{"index":"index","follow":"follow","max-snippet":"max-snippet:-1","max-image-preview":"max-image-preview:large","max-video-preview":"max-video-preview:-1"},"canonical":"https:\/\/www.turismegarrigues.com\/blog\/el-garriguitar-tanca-el-festival-al-celler-mas-blanch-i-jove\/","og_locale":"ca_ES","og_type":"article","og_title":"El GarriGuitar tanca el Festival al Celler Mas Blanch i Jov\u00e9 - Turisme de les Garrigues","og_description":"El dissabte 27 d\u2019agost, el Garrigues Guitar Festival tanca la seva programaci\u00f3 al Celler Mas Blanch i Jov\u00e9 de la Pobla de C\u00e9rvoles! Aquest festival t\u00e9 un doble objectiu, el primer, donar a con\u00e8ixer i retre homenatge al mestre guitarrista i music\u00f2leg garriguenc Emili Pujol (la Granadella, 1886 \u2013 Barcelona, 1980) figura representativa internacional de ... Llegiu m\u00e9s","og_url":"https:\/\/www.turismegarrigues.com\/blog\/el-garriguitar-tanca-el-festival-al-celler-mas-blanch-i-jove\/","og_site_name":"Turisme de les Garrigues","article_published_time":"2022-08-26T07:58:42+00:00","article_modified_time":"2022-08-26T07:58:44+00:00","og_image":[{"width":1024,"height":683,"url":"https:\/\/www.turismegarrigues.com\/blog\/wp-content\/uploads\/MasBlanch_Home_03_Celler-1024x683-1.jpeg","type":"image\/jpeg"}],"author":"turismegarrigues","twitter_card":"summary_large_image","twitter_misc":{"Escrit per":"turismegarrigues","Temps estimat de lectura":"2 minuts"},"schema":{"@context":"https:\/\/schema.org","@graph":[{"@type":"WebPage","@id":"https:\/\/www.turismegarrigues.com\/blog\/el-garriguitar-tanca-el-festival-al-celler-mas-blanch-i-jove\/","url":"https:\/\/www.turismegarrigues.com\/blog\/el-garriguitar-tanca-el-festival-al-celler-mas-blanch-i-jove\/","name":"El GarriGuitar tanca el Festival al Celler Mas Blanch i Jov\u00e9 - Turisme de les Garrigues","isPartOf":{"@id":"https:\/\/www.turismegarrigues.com\/blog\/#website"},"primaryImageOfPage":{"@id":"https:\/\/www.turismegarrigues.com\/blog\/el-garriguitar-tanca-el-festival-al-celler-mas-blanch-i-jove\/#primaryimage"},"image":{"@id":"https:\/\/www.turismegarrigues.com\/blog\/el-garriguitar-tanca-el-festival-al-celler-mas-blanch-i-jove\/#primaryimage"},"thumbnailUrl":"https:\/\/www.turismegarrigues.com\/blog\/wp-content\/uploads\/MasBlanch_Home_03_Celler-1024x683-1.jpeg","datePublished":"2022-08-26T07:58:42+00:00","dateModified":"2022-08-26T07:58:44+00:00","author":{"@id":"https:\/\/www.turismegarrigues.com\/blog\/#\/schema\/person\/7ada9dce6475184bb0c0a652f29c9653"},"breadcrumb":{"@id":"https:\/\/www.turismegarrigues.com\/blog\/el-garriguitar-tanca-el-festival-al-celler-mas-blanch-i-jove\/#breadcrumb"},"inLanguage":"ca","potentialAction":[{"@type":"ReadAction","target":["https:\/\/www.turismegarrigues.com\/blog\/el-garriguitar-tanca-el-festival-al-celler-mas-blanch-i-jove\/"]}]},{"@type":"ImageObject","inLanguage":"ca","@id":"https:\/\/www.turismegarrigues.com\/blog\/el-garriguitar-tanca-el-festival-al-celler-mas-blanch-i-jove\/#primaryimage","url":"https:\/\/www.turismegarrigues.com\/blog\/wp-content\/uploads\/MasBlanch_Home_03_Celler-1024x683-1.jpeg","contentUrl":"https:\/\/www.turismegarrigues.com\/blog\/wp-content\/uploads\/MasBlanch_Home_03_Celler-1024x683-1.jpeg","width":1024,"height":683},{"@type":"BreadcrumbList","@id":"https:\/\/www.turismegarrigues.com\/blog\/el-garriguitar-tanca-el-festival-al-celler-mas-blanch-i-jove\/#breadcrumb","itemListElement":[{"@type":"ListItem","position":1,"name":"Inici","item":"https:\/\/www.turismegarrigues.com\/blog\/"},{"@type":"ListItem","position":2,"name":"El GarriGuitar tanca el Festival al Celler Mas Blanch i Jov\u00e9"}]},{"@type":"WebSite","@id":"https:\/\/www.turismegarrigues.com\/blog\/#website","url":"https:\/\/www.turismegarrigues.com\/blog\/","name":"Turisme de les Garrigues","description":"Blog","potentialAction":[{"@type":"SearchAction","target":{"@type":"EntryPoint","urlTemplate":"https:\/\/www.turismegarrigues.com\/blog\/?s={search_term_string}"},"query-input":{"@type":"PropertyValueSpecification","valueRequired":true,"valueName":"search_term_string"}}],"inLanguage":"ca"},{"@type":"Person","@id":"https:\/\/www.turismegarrigues.com\/blog\/#\/schema\/person\/7ada9dce6475184bb0c0a652f29c9653","name":"turismegarrigues","image":{"@type":"ImageObject","inLanguage":"ca","@id":"https:\/\/www.turismegarrigues.com\/blog\/#\/schema\/person\/image\/","url":"https:\/\/secure.gravatar.com\/avatar\/2479dec683bf2f700ffae0009a0a72796d18201a99196df0e23b11ae9749e88e?s=96&d=mm&r=g","contentUrl":"https:\/\/secure.gravatar.com\/avatar\/2479dec683bf2f700ffae0009a0a72796d18201a99196df0e23b11ae9749e88e?s=96&d=mm&r=g","caption":"turismegarrigues"},"sameAs":["http:\/\/www.turismegarrigues.com\/"],"url":"https:\/\/www.turismegarrigues.com\/blog\/author\/turismegarrigues\/"}]}},"_links":{"self":[{"href":"https:\/\/www.turismegarrigues.com\/blog\/wp-json\/wp\/v2\/posts\/2696","targetHints":{"allow":["GET"]}}],"collection":[{"href":"https:\/\/www.turismegarrigues.com\/blog\/wp-json\/wp\/v2\/posts"}],"about":[{"href":"https:\/\/www.turismegarrigues.com\/blog\/wp-json\/wp\/v2\/types\/post"}],"author":[{"embeddable":true,"href":"https:\/\/www.turismegarrigues.com\/blog\/wp-json\/wp\/v2\/users\/2"}],"replies":[{"embeddable":true,"href":"https:\/\/www.turismegarrigues.com\/blog\/wp-json\/wp\/v2\/comments?post=2696"}],"version-history":[{"count":1,"href":"https:\/\/www.turismegarrigues.com\/blog\/wp-json\/wp\/v2\/posts\/2696\/revisions"}],"predecessor-version":[{"id":2699,"href":"https:\/\/www.turismegarrigues.com\/blog\/wp-json\/wp\/v2\/posts\/2696\/revisions\/2699"}],"wp:featuredmedia":[{"embeddable":true,"href":"https:\/\/www.turismegarrigues.com\/blog\/wp-json\/wp\/v2\/media\/2697"}],"wp:attachment":[{"href":"https:\/\/www.turismegarrigues.com\/blog\/wp-json\/wp\/v2\/media?parent=2696"}],"wp:term":[{"taxonomy":"category","embeddable":true,"href":"https:\/\/www.turismegarrigues.com\/blog\/wp-json\/wp\/v2\/categories?post=2696"},{"taxonomy":"post_tag","embeddable":true,"href":"https:\/\/www.turismegarrigues.com\/blog\/wp-json\/wp\/v2\/tags?post=2696"}],"curies":[{"name":"wp","href":"https:\/\/api.w.org\/{rel}","templated":true}]}}