{"id":3009,"date":"2024-03-21T16:34:55","date_gmt":"2024-03-21T15:34:55","guid":{"rendered":"https:\/\/www.turismegarrigues.com\/blog\/?p=3009"},"modified":"2024-03-21T16:34:56","modified_gmt":"2024-03-21T15:34:56","slug":"descobreix-la-bellesa-dels-ametllers-florits-a-les-garrigues-amb-aquestes-5-fotografies-captivadores","status":"publish","type":"post","link":"https:\/\/www.turismegarrigues.com\/blog\/descobreix-la-bellesa-dels-ametllers-florits-a-les-garrigues-amb-aquestes-5-fotografies-captivadores\/","title":{"rendered":"Descobreix la bellesa dels ametllers florits a les Garrigues amb aquestes 5 fotografies captivadores"},"content":{"rendered":"\n<p>Acabada ja una de les \u00e8poques m\u00e9s m\u00e0giques de l&#8217;any a la nostra comarca, volem compartir-vos cinc fotografies que capturen l\u2019espectacular floraci\u00f3 dels ametllers. Els camps de fruiters florits esdevenen un escenari perfecte per captar imatges creatives i impressionants, com la de la <a href=\"https:\/\/www.instagram.com\/mariaaa_pardo\/\">mariaaa_pardo<\/a>, que mostra la seva visi\u00f3 \u00fanica dels ametllers florits.<\/p>\n\n\n\n<figure class=\"wp-block-image\"><img decoding=\"async\" src=\"https:\/\/lh7-us.googleusercontent.com\/VxZhzA8kt9nQVS98W46vqOJ92-LQl_7bNcVRk-1NyoG8wCAnPVOAlAUtIOxduFG-3qhjcWiHy5e9I1_M-TNgGYRkf1ErsoxRjIhEINP8watKfjQTkTncgQ7NIiNJ7arTyFk-5wjFk-_P86cJuW_igg\" alt=\"\"\/><\/figure>\n\n\n\n<p><a href=\"https:\/\/www.instagram.com\/p\/C4ESSB0CcbP\/\"><\/a><\/p>\n\n\n\n<p>Des de l&#8217;aire tamb\u00e9 podem gaudir de vistes espectaculars dels camps florits, com demostra la fotografia de <a href=\"https:\/\/www.instagram.com\/vistaocell\/\">vistaocell<\/a>:<\/p>\n\n\n\n<figure class=\"wp-block-image\"><img decoding=\"async\" src=\"https:\/\/lh7-us.googleusercontent.com\/1BndV7yBn5p-G9KTnhpCprA6uONJN8xMmIwR1PZDeiv9zi-sKe7eSw0iuJfpdIvS_9T2oaKotJFwfsK5gPk1aiiCU5nfjwP5e9VO2eXPWvoEbMeaQP4IkAsuRl6ewhSGZ8jiCuCmcpE8Vvr7SoxUHw\" alt=\"\"\/><\/figure>\n\n\n\n<p><a href=\"https:\/\/www.instagram.com\/p\/C4Gn8sUNL-c\/?igsh=MW82emdzYzZ1cmE4Mg%3D%3D\"><\/a><\/p>\n\n\n\n<p>La <a href=\"https:\/\/www.instagram.com\/turafoc\/\">turafoc<\/a> va optar per fer la ruta de la Vall del Riu Set en bicicleta, per poder gaudir de 70 km d&#8217;indescriptible bellesa amb els camps florits de fons.<\/p>\n\n\n\n<figure class=\"wp-block-image\"><img decoding=\"async\" src=\"https:\/\/lh7-us.googleusercontent.com\/J58fG0eLqWIOvqe_HUYYDPnBEcBQYt7mm9XisYTaHFmwJMknzGeQMNVVfjSzotMAt7lej9tv9loaCK6UTU4ETGaEEvJlyiFrSE00ZD_z6pvkAmvDsT9ThoTPlV50nBwNNG6kSZFbR_vJyMafD0IdEw\" alt=\"\"\/><\/figure>\n\n\n\n<p><a href=\"https:\/\/www.instagram.com\/p\/C4Wdh5tNQ45\/?igsh=MWNrbHFmMHByZXR3Nw%3D%3D\"><\/a><\/p>\n\n\n\n<p>Els ametllers durant aquesta \u00e8poca enquadren les poblacions de la nostra comarca, com podem veure en la imatge de <a href=\"https:\/\/www.instagram.com\/martasolart3\/\">martasolart<\/a><\/p>\n\n\n\n<figure class=\"wp-block-image\"><img decoding=\"async\" src=\"https:\/\/lh7-us.googleusercontent.com\/hUqS8pUdyMOqxIvH8SD8CvWKvxpcV4WB90um-8PTCXzOGOqo-1YWpdH0ZX57q6rDKYzxCdyv8QsZFMEegzgdrWvzJcJA5lAoa-FdvzaPahto4LeXp_tyt0vV-YMgrkwNB9K-q-Y5HrRgmS6ZHBb39w\" alt=\"\"\/><\/figure>\n\n\n\n<p><a href=\"https:\/\/www.instagram.com\/p\/C4APf8ftwIf\/?igsh=cWd3ZmRkem9zbnFh\"><\/a><\/p>\n\n\n\n<p>Aquesta floraci\u00f3 \u00e9s perfecta fins i tot com a escenari per un shooting de moda, com ens demostra les imatges de<a href=\"https:\/\/www.instagram.com\/b.a.r.b.a.r.a.b.m\/\"> b.a.r.b.a.r.a.b.m<\/a><\/p>\n\n\n\n<figure class=\"wp-block-image\"><img decoding=\"async\" src=\"https:\/\/lh7-us.googleusercontent.com\/3YGpO8Aor7-KAfXVFYGWI459PbtGNSpe4AO54adNoqB5Ez-M8eVq5i5bshUGPXadFfaWiMDOf7ohutrqqSMRwCJUr9DW_2mVRizeKohqEji_og8JGIY-4BfR0pgKTef0Kbh4ZQ007b6dizZBVSeCrA\" alt=\"\"\/><\/figure>\n\n\n\n<p><a href=\"https:\/\/www.instagram.com\/p\/C4FqbxuqTQN\/?img_index=1\"><\/a><\/p>\n\n\n\n<p>No deixeu de compartir les vostres imatges de la nostra terra i recordeu que tenim un concurs d&#8217;Instagram en marxa amb els hashtags #LesGarriguesDesDeLaire3 i #LesArranDeTerra1, on podeu presentar les vostres fotografies i guanyar incre\u00efbles premis.<\/p>\n","protected":false},"excerpt":{"rendered":"<p>Acabada ja una de les \u00e8poques m\u00e9s m\u00e0giques de l&#8217;any a la nostra comarca, volem compartir-vos cinc fotografies que capturen l\u2019espectacular floraci\u00f3 dels ametllers. Els camps de fruiters florits esdevenen un escenari perfecte per captar imatges creatives i impressionants, com la de la mariaaa_pardo, que mostra la seva visi\u00f3 \u00fanica dels ametllers florits. Des de &#8230; <a title=\"Descobreix la bellesa dels ametllers florits a les Garrigues amb aquestes 5 fotografies captivadores\" class=\"read-more\" href=\"https:\/\/www.turismegarrigues.com\/blog\/descobreix-la-bellesa-dels-ametllers-florits-a-les-garrigues-amb-aquestes-5-fotografies-captivadores\/\" aria-label=\"M\u00e9s informaci\u00f3 sobre Descobreix la bellesa dels ametllers florits a les Garrigues amb aquestes 5 fotografies captivadores\">Llegiu m\u00e9s<\/a><\/p>\n","protected":false},"author":2,"featured_media":2544,"comment_status":"closed","ping_status":"closed","sticky":false,"template":"","format":"standard","meta":{"footnotes":""},"categories":[1],"tags":[78,215,216,38],"class_list":["post-3009","post","type-post","status-publish","format-standard","has-post-thumbnail","hentry","category-turisme","tag-ametllers-florits","tag-bellesa-ametllers-florits","tag-floracio-fruiters","tag-les-garrigues"],"yoast_head":"<!-- This site is optimized with the Yoast SEO plugin v24.4 - https:\/\/yoast.com\/wordpress\/plugins\/seo\/ -->\n<title>Descobreix la bellesa dels ametllers florits a les Garrigues amb aquestes 5 fotografies captivadores - Turisme de les Garrigues<\/title>\n<meta name=\"robots\" content=\"index, follow, max-snippet:-1, max-image-preview:large, max-video-preview:-1\" \/>\n<link rel=\"canonical\" href=\"https:\/\/www.turismegarrigues.com\/blog\/descobreix-la-bellesa-dels-ametllers-florits-a-les-garrigues-amb-aquestes-5-fotografies-captivadores\/\" \/>\n<meta property=\"og:locale\" content=\"ca_ES\" \/>\n<meta property=\"og:type\" content=\"article\" \/>\n<meta property=\"og:title\" content=\"Descobreix la bellesa dels ametllers florits a les Garrigues amb aquestes 5 fotografies captivadores - Turisme de les Garrigues\" \/>\n<meta property=\"og:description\" content=\"Acabada ja una de les \u00e8poques m\u00e9s m\u00e0giques de l&#8217;any a la nostra comarca, volem compartir-vos cinc fotografies que capturen l\u2019espectacular floraci\u00f3 dels ametllers. Els camps de fruiters florits esdevenen un escenari perfecte per captar imatges creatives i impressionants, com la de la mariaaa_pardo, que mostra la seva visi\u00f3 \u00fanica dels ametllers florits. Des de ... Llegiu m\u00e9s\" \/>\n<meta property=\"og:url\" content=\"https:\/\/www.turismegarrigues.com\/blog\/descobreix-la-bellesa-dels-ametllers-florits-a-les-garrigues-amb-aquestes-5-fotografies-captivadores\/\" \/>\n<meta property=\"og:site_name\" content=\"Turisme de les Garrigues\" \/>\n<meta property=\"article:published_time\" content=\"2024-03-21T15:34:55+00:00\" \/>\n<meta property=\"article:modified_time\" content=\"2024-03-21T15:34:56+00:00\" \/>\n<meta property=\"og:image\" content=\"https:\/\/www.turismegarrigues.com\/blog\/wp-content\/uploads\/Ametllers-Flors-petita.jpg\" \/>\n\t<meta property=\"og:image:width\" content=\"1024\" \/>\n\t<meta property=\"og:image:height\" content=\"683\" \/>\n\t<meta property=\"og:image:type\" content=\"image\/jpeg\" \/>\n<meta name=\"author\" content=\"turismegarrigues\" \/>\n<meta name=\"twitter:card\" content=\"summary_large_image\" \/>\n<meta name=\"twitter:label1\" content=\"Escrit per\" \/>\n\t<meta name=\"twitter:data1\" content=\"turismegarrigues\" \/>\n\t<meta name=\"twitter:label2\" content=\"Temps estimat de lectura\" \/>\n\t<meta name=\"twitter:data2\" content=\"2 minuts\" \/>\n<script type=\"application\/ld+json\" class=\"yoast-schema-graph\">{\"@context\":\"https:\/\/schema.org\",\"@graph\":[{\"@type\":\"WebPage\",\"@id\":\"https:\/\/www.turismegarrigues.com\/blog\/descobreix-la-bellesa-dels-ametllers-florits-a-les-garrigues-amb-aquestes-5-fotografies-captivadores\/\",\"url\":\"https:\/\/www.turismegarrigues.com\/blog\/descobreix-la-bellesa-dels-ametllers-florits-a-les-garrigues-amb-aquestes-5-fotografies-captivadores\/\",\"name\":\"Descobreix la bellesa dels ametllers florits a les Garrigues amb aquestes 5 fotografies captivadores - Turisme de les Garrigues\",\"isPartOf\":{\"@id\":\"https:\/\/www.turismegarrigues.com\/blog\/#website\"},\"primaryImageOfPage\":{\"@id\":\"https:\/\/www.turismegarrigues.com\/blog\/descobreix-la-bellesa-dels-ametllers-florits-a-les-garrigues-amb-aquestes-5-fotografies-captivadores\/#primaryimage\"},\"image\":{\"@id\":\"https:\/\/www.turismegarrigues.com\/blog\/descobreix-la-bellesa-dels-ametllers-florits-a-les-garrigues-amb-aquestes-5-fotografies-captivadores\/#primaryimage\"},\"thumbnailUrl\":\"https:\/\/www.turismegarrigues.com\/blog\/wp-content\/uploads\/Ametllers-Flors-petita.jpg\",\"datePublished\":\"2024-03-21T15:34:55+00:00\",\"dateModified\":\"2024-03-21T15:34:56+00:00\",\"author\":{\"@id\":\"https:\/\/www.turismegarrigues.com\/blog\/#\/schema\/person\/7ada9dce6475184bb0c0a652f29c9653\"},\"breadcrumb\":{\"@id\":\"https:\/\/www.turismegarrigues.com\/blog\/descobreix-la-bellesa-dels-ametllers-florits-a-les-garrigues-amb-aquestes-5-fotografies-captivadores\/#breadcrumb\"},\"inLanguage\":\"ca\",\"potentialAction\":[{\"@type\":\"ReadAction\",\"target\":[\"https:\/\/www.turismegarrigues.com\/blog\/descobreix-la-bellesa-dels-ametllers-florits-a-les-garrigues-amb-aquestes-5-fotografies-captivadores\/\"]}]},{\"@type\":\"ImageObject\",\"inLanguage\":\"ca\",\"@id\":\"https:\/\/www.turismegarrigues.com\/blog\/descobreix-la-bellesa-dels-ametllers-florits-a-les-garrigues-amb-aquestes-5-fotografies-captivadores\/#primaryimage\",\"url\":\"https:\/\/www.turismegarrigues.com\/blog\/wp-content\/uploads\/Ametllers-Flors-petita.jpg\",\"contentUrl\":\"https:\/\/www.turismegarrigues.com\/blog\/wp-content\/uploads\/Ametllers-Flors-petita.jpg\",\"width\":1024,\"height\":683},{\"@type\":\"BreadcrumbList\",\"@id\":\"https:\/\/www.turismegarrigues.com\/blog\/descobreix-la-bellesa-dels-ametllers-florits-a-les-garrigues-amb-aquestes-5-fotografies-captivadores\/#breadcrumb\",\"itemListElement\":[{\"@type\":\"ListItem\",\"position\":1,\"name\":\"Inici\",\"item\":\"https:\/\/www.turismegarrigues.com\/blog\/\"},{\"@type\":\"ListItem\",\"position\":2,\"name\":\"Descobreix la bellesa dels ametllers florits a les Garrigues amb aquestes 5 fotografies captivadores\"}]},{\"@type\":\"WebSite\",\"@id\":\"https:\/\/www.turismegarrigues.com\/blog\/#website\",\"url\":\"https:\/\/www.turismegarrigues.com\/blog\/\",\"name\":\"Turisme de les Garrigues\",\"description\":\"Blog\",\"potentialAction\":[{\"@type\":\"SearchAction\",\"target\":{\"@type\":\"EntryPoint\",\"urlTemplate\":\"https:\/\/www.turismegarrigues.com\/blog\/?s={search_term_string}\"},\"query-input\":{\"@type\":\"PropertyValueSpecification\",\"valueRequired\":true,\"valueName\":\"search_term_string\"}}],\"inLanguage\":\"ca\"},{\"@type\":\"Person\",\"@id\":\"https:\/\/www.turismegarrigues.com\/blog\/#\/schema\/person\/7ada9dce6475184bb0c0a652f29c9653\",\"name\":\"turismegarrigues\",\"image\":{\"@type\":\"ImageObject\",\"inLanguage\":\"ca\",\"@id\":\"https:\/\/www.turismegarrigues.com\/blog\/#\/schema\/person\/image\/\",\"url\":\"https:\/\/secure.gravatar.com\/avatar\/2479dec683bf2f700ffae0009a0a72796d18201a99196df0e23b11ae9749e88e?s=96&d=mm&r=g\",\"contentUrl\":\"https:\/\/secure.gravatar.com\/avatar\/2479dec683bf2f700ffae0009a0a72796d18201a99196df0e23b11ae9749e88e?s=96&d=mm&r=g\",\"caption\":\"turismegarrigues\"},\"sameAs\":[\"http:\/\/www.turismegarrigues.com\/\"],\"url\":\"https:\/\/www.turismegarrigues.com\/blog\/author\/turismegarrigues\/\"}]}<\/script>\n<!-- \/ Yoast SEO plugin. -->","yoast_head_json":{"title":"Descobreix la bellesa dels ametllers florits a les Garrigues amb aquestes 5 fotografies captivadores - Turisme de les Garrigues","robots":{"index":"index","follow":"follow","max-snippet":"max-snippet:-1","max-image-preview":"max-image-preview:large","max-video-preview":"max-video-preview:-1"},"canonical":"https:\/\/www.turismegarrigues.com\/blog\/descobreix-la-bellesa-dels-ametllers-florits-a-les-garrigues-amb-aquestes-5-fotografies-captivadores\/","og_locale":"ca_ES","og_type":"article","og_title":"Descobreix la bellesa dels ametllers florits a les Garrigues amb aquestes 5 fotografies captivadores - Turisme de les Garrigues","og_description":"Acabada ja una de les \u00e8poques m\u00e9s m\u00e0giques de l&#8217;any a la nostra comarca, volem compartir-vos cinc fotografies que capturen l\u2019espectacular floraci\u00f3 dels ametllers. Els camps de fruiters florits esdevenen un escenari perfecte per captar imatges creatives i impressionants, com la de la mariaaa_pardo, que mostra la seva visi\u00f3 \u00fanica dels ametllers florits. Des de ... Llegiu m\u00e9s","og_url":"https:\/\/www.turismegarrigues.com\/blog\/descobreix-la-bellesa-dels-ametllers-florits-a-les-garrigues-amb-aquestes-5-fotografies-captivadores\/","og_site_name":"Turisme de les Garrigues","article_published_time":"2024-03-21T15:34:55+00:00","article_modified_time":"2024-03-21T15:34:56+00:00","og_image":[{"width":1024,"height":683,"url":"https:\/\/www.turismegarrigues.com\/blog\/wp-content\/uploads\/Ametllers-Flors-petita.jpg","type":"image\/jpeg"}],"author":"turismegarrigues","twitter_card":"summary_large_image","twitter_misc":{"Escrit per":"turismegarrigues","Temps estimat de lectura":"2 minuts"},"schema":{"@context":"https:\/\/schema.org","@graph":[{"@type":"WebPage","@id":"https:\/\/www.turismegarrigues.com\/blog\/descobreix-la-bellesa-dels-ametllers-florits-a-les-garrigues-amb-aquestes-5-fotografies-captivadores\/","url":"https:\/\/www.turismegarrigues.com\/blog\/descobreix-la-bellesa-dels-ametllers-florits-a-les-garrigues-amb-aquestes-5-fotografies-captivadores\/","name":"Descobreix la bellesa dels ametllers florits a les Garrigues amb aquestes 5 fotografies captivadores - Turisme de les Garrigues","isPartOf":{"@id":"https:\/\/www.turismegarrigues.com\/blog\/#website"},"primaryImageOfPage":{"@id":"https:\/\/www.turismegarrigues.com\/blog\/descobreix-la-bellesa-dels-ametllers-florits-a-les-garrigues-amb-aquestes-5-fotografies-captivadores\/#primaryimage"},"image":{"@id":"https:\/\/www.turismegarrigues.com\/blog\/descobreix-la-bellesa-dels-ametllers-florits-a-les-garrigues-amb-aquestes-5-fotografies-captivadores\/#primaryimage"},"thumbnailUrl":"https:\/\/www.turismegarrigues.com\/blog\/wp-content\/uploads\/Ametllers-Flors-petita.jpg","datePublished":"2024-03-21T15:34:55+00:00","dateModified":"2024-03-21T15:34:56+00:00","author":{"@id":"https:\/\/www.turismegarrigues.com\/blog\/#\/schema\/person\/7ada9dce6475184bb0c0a652f29c9653"},"breadcrumb":{"@id":"https:\/\/www.turismegarrigues.com\/blog\/descobreix-la-bellesa-dels-ametllers-florits-a-les-garrigues-amb-aquestes-5-fotografies-captivadores\/#breadcrumb"},"inLanguage":"ca","potentialAction":[{"@type":"ReadAction","target":["https:\/\/www.turismegarrigues.com\/blog\/descobreix-la-bellesa-dels-ametllers-florits-a-les-garrigues-amb-aquestes-5-fotografies-captivadores\/"]}]},{"@type":"ImageObject","inLanguage":"ca","@id":"https:\/\/www.turismegarrigues.com\/blog\/descobreix-la-bellesa-dels-ametllers-florits-a-les-garrigues-amb-aquestes-5-fotografies-captivadores\/#primaryimage","url":"https:\/\/www.turismegarrigues.com\/blog\/wp-content\/uploads\/Ametllers-Flors-petita.jpg","contentUrl":"https:\/\/www.turismegarrigues.com\/blog\/wp-content\/uploads\/Ametllers-Flors-petita.jpg","width":1024,"height":683},{"@type":"BreadcrumbList","@id":"https:\/\/www.turismegarrigues.com\/blog\/descobreix-la-bellesa-dels-ametllers-florits-a-les-garrigues-amb-aquestes-5-fotografies-captivadores\/#breadcrumb","itemListElement":[{"@type":"ListItem","position":1,"name":"Inici","item":"https:\/\/www.turismegarrigues.com\/blog\/"},{"@type":"ListItem","position":2,"name":"Descobreix la bellesa dels ametllers florits a les Garrigues amb aquestes 5 fotografies captivadores"}]},{"@type":"WebSite","@id":"https:\/\/www.turismegarrigues.com\/blog\/#website","url":"https:\/\/www.turismegarrigues.com\/blog\/","name":"Turisme de les Garrigues","description":"Blog","potentialAction":[{"@type":"SearchAction","target":{"@type":"EntryPoint","urlTemplate":"https:\/\/www.turismegarrigues.com\/blog\/?s={search_term_string}"},"query-input":{"@type":"PropertyValueSpecification","valueRequired":true,"valueName":"search_term_string"}}],"inLanguage":"ca"},{"@type":"Person","@id":"https:\/\/www.turismegarrigues.com\/blog\/#\/schema\/person\/7ada9dce6475184bb0c0a652f29c9653","name":"turismegarrigues","image":{"@type":"ImageObject","inLanguage":"ca","@id":"https:\/\/www.turismegarrigues.com\/blog\/#\/schema\/person\/image\/","url":"https:\/\/secure.gravatar.com\/avatar\/2479dec683bf2f700ffae0009a0a72796d18201a99196df0e23b11ae9749e88e?s=96&d=mm&r=g","contentUrl":"https:\/\/secure.gravatar.com\/avatar\/2479dec683bf2f700ffae0009a0a72796d18201a99196df0e23b11ae9749e88e?s=96&d=mm&r=g","caption":"turismegarrigues"},"sameAs":["http:\/\/www.turismegarrigues.com\/"],"url":"https:\/\/www.turismegarrigues.com\/blog\/author\/turismegarrigues\/"}]}},"_links":{"self":[{"href":"https:\/\/www.turismegarrigues.com\/blog\/wp-json\/wp\/v2\/posts\/3009","targetHints":{"allow":["GET"]}}],"collection":[{"href":"https:\/\/www.turismegarrigues.com\/blog\/wp-json\/wp\/v2\/posts"}],"about":[{"href":"https:\/\/www.turismegarrigues.com\/blog\/wp-json\/wp\/v2\/types\/post"}],"author":[{"embeddable":true,"href":"https:\/\/www.turismegarrigues.com\/blog\/wp-json\/wp\/v2\/users\/2"}],"replies":[{"embeddable":true,"href":"https:\/\/www.turismegarrigues.com\/blog\/wp-json\/wp\/v2\/comments?post=3009"}],"version-history":[{"count":1,"href":"https:\/\/www.turismegarrigues.com\/blog\/wp-json\/wp\/v2\/posts\/3009\/revisions"}],"predecessor-version":[{"id":3010,"href":"https:\/\/www.turismegarrigues.com\/blog\/wp-json\/wp\/v2\/posts\/3009\/revisions\/3010"}],"wp:featuredmedia":[{"embeddable":true,"href":"https:\/\/www.turismegarrigues.com\/blog\/wp-json\/wp\/v2\/media\/2544"}],"wp:attachment":[{"href":"https:\/\/www.turismegarrigues.com\/blog\/wp-json\/wp\/v2\/media?parent=3009"}],"wp:term":[{"taxonomy":"category","embeddable":true,"href":"https:\/\/www.turismegarrigues.com\/blog\/wp-json\/wp\/v2\/categories?post=3009"},{"taxonomy":"post_tag","embeddable":true,"href":"https:\/\/www.turismegarrigues.com\/blog\/wp-json\/wp\/v2\/tags?post=3009"}],"curies":[{"name":"wp","href":"https:\/\/api.w.org\/{rel}","templated":true}]}}