{"id":3024,"date":"2024-06-25T08:29:00","date_gmt":"2024-06-25T06:29:00","guid":{"rendered":"https:\/\/www.turismegarrigues.com\/blog\/?p=3024"},"modified":"2024-06-12T15:34:45","modified_gmt":"2024-06-12T13:34:45","slug":"descobreix-el-cartell-de-luxe-del-festival-els-rentadors-de-juneda-2024","status":"publish","type":"post","link":"https:\/\/www.turismegarrigues.com\/blog\/descobreix-el-cartell-de-luxe-del-festival-els-rentadors-de-juneda-2024\/","title":{"rendered":"Descobreix el cartell de luxe del Festival Els Rentadors de Juneda 2024"},"content":{"rendered":"\n<p>El <strong>Festival Els Rentadors de Juneda<\/strong> ja ha anunciat el seu cartell estel\u00b7lar per a l&#8217;edici\u00f3 del 2024, i promet ser una experi\u00e8ncia inoblidable per a tots els amants de la m\u00fasica en directe en un espai id\u00edl\u00b7lic. Amb un espectacle digne dels millors festivals internacionals, aquest esdeveniment cultural reuneix artistes de renom com <strong>Manu Guix, Marala + Els Llums de colors i Ramon Mirabet.<\/strong><\/p>\n\n\n\n<p><strong>Manu Guix<\/strong>, reconegut compositor i productor musical, promet portar tota la seva energia i talent a l\u2019escenari del <strong>Festival Els Rentadors <\/strong>el 4 de juliol. Amb \u00e8xits com &#8220;Que tinguem sort&#8221; o &#8220;Amb tu&#8221;, els seus concerts s\u00f3n sempre un viatge emocional i vibrant a trav\u00e9s de la m\u00fasica.<\/p>\n\n\n\n<figure class=\"wp-block-image size-full\"><img loading=\"lazy\" decoding=\"async\" width=\"1024\" height=\"1024\" src=\"https:\/\/www.turismegarrigues.com\/blog\/wp-content\/uploads\/Rentadors-Juneda-Manu-Guix.png\" alt=\"\" class=\"wp-image-3025\" srcset=\"https:\/\/www.turismegarrigues.com\/blog\/wp-content\/uploads\/Rentadors-Juneda-Manu-Guix.png 1024w, https:\/\/www.turismegarrigues.com\/blog\/wp-content\/uploads\/Rentadors-Juneda-Manu-Guix-300x300.png 300w, https:\/\/www.turismegarrigues.com\/blog\/wp-content\/uploads\/Rentadors-Juneda-Manu-Guix-150x150.png 150w, https:\/\/www.turismegarrigues.com\/blog\/wp-content\/uploads\/Rentadors-Juneda-Manu-Guix-768x768.png 768w\" sizes=\"auto, (max-width: 1024px) 100vw, 1024px\" \/><\/figure>\n\n\n\n<p><strong>Marala + Els Llums de colors<\/strong>, una banda emergent del panorama musical catal\u00e0, combinen ritmes frescos i melodies contagioses que conviden a ballar i gaudir de la m\u00fasica en directe. Amb una proposta fresca i diferent, segur que sorprenen i conquisten el p\u00fablic del festival el dia 5 de juliol.<\/p>\n\n\n\n<figure class=\"wp-block-image size-full\"><img loading=\"lazy\" decoding=\"async\" width=\"1024\" height=\"1024\" src=\"https:\/\/www.turismegarrigues.com\/blog\/wp-content\/uploads\/Rentadors-Juneda-MARALA-I-ELS-LLUMS-DE-COLORS.png\" alt=\"\" class=\"wp-image-3027\" srcset=\"https:\/\/www.turismegarrigues.com\/blog\/wp-content\/uploads\/Rentadors-Juneda-MARALA-I-ELS-LLUMS-DE-COLORS.png 1024w, https:\/\/www.turismegarrigues.com\/blog\/wp-content\/uploads\/Rentadors-Juneda-MARALA-I-ELS-LLUMS-DE-COLORS-300x300.png 300w, https:\/\/www.turismegarrigues.com\/blog\/wp-content\/uploads\/Rentadors-Juneda-MARALA-I-ELS-LLUMS-DE-COLORS-150x150.png 150w, https:\/\/www.turismegarrigues.com\/blog\/wp-content\/uploads\/Rentadors-Juneda-MARALA-I-ELS-LLUMS-DE-COLORS-768x768.png 768w\" sizes=\"auto, (max-width: 1024px) 100vw, 1024px\" \/><\/figure>\n\n\n\n<p>Per \u00faltim, el dia 6 de juliol, <strong>Ramon Mirabet<\/strong> posar\u00e0 la cirereta a aquest cartell de luxe amb la seva inconfusible veu i les seves can\u00e7ons emotives i captivadores. Amb \u00e8xits com &#8220;Es nadal a les trinxeres&#8221; o &#8220;Mum&#8217;s cake&#8221;, el cantautor catal\u00e0 promet un espectacle \u00fanic i ple d&#8217;emocions.<\/p>\n\n\n\n<figure class=\"wp-block-image size-full\"><img loading=\"lazy\" decoding=\"async\" width=\"1024\" height=\"1024\" src=\"https:\/\/www.turismegarrigues.com\/blog\/wp-content\/uploads\/Rentadors-Juneda-Ramon-Mirabet.png\" alt=\"\" class=\"wp-image-3029\" srcset=\"https:\/\/www.turismegarrigues.com\/blog\/wp-content\/uploads\/Rentadors-Juneda-Ramon-Mirabet.png 1024w, https:\/\/www.turismegarrigues.com\/blog\/wp-content\/uploads\/Rentadors-Juneda-Ramon-Mirabet-300x300.png 300w, https:\/\/www.turismegarrigues.com\/blog\/wp-content\/uploads\/Rentadors-Juneda-Ramon-Mirabet-150x150.png 150w, https:\/\/www.turismegarrigues.com\/blog\/wp-content\/uploads\/Rentadors-Juneda-Ramon-Mirabet-768x768.png 768w\" sizes=\"auto, (max-width: 1024px) 100vw, 1024px\" \/><\/figure>\n\n\n\n<p>Amb aquest cartell d&#8217;excepci\u00f3, el <strong>Festival Els Rentadors de Juneda<\/strong> es consolida com un dels esdeveniments musicals m\u00e9s esperats de la temporada a <strong>les Garrigues<\/strong>. Aix\u00ed que no et perdis aquesta oportunitat \u00fanica de disfrutar de la millor m\u00fasica en directe en un entorn inigualable i compra la teva entrada <a href=\"https:\/\/elsrentadors.cat\/\">aqu\u00ed.<\/a> No hi ha dubte que ser\u00e0 un festival per recordar!&nbsp;<\/p>\n","protected":false},"excerpt":{"rendered":"<p>El Festival Els Rentadors de Juneda ja ha anunciat el seu cartell estel\u00b7lar per a l&#8217;edici\u00f3 del 2024, i promet ser una experi\u00e8ncia inoblidable per a tots els amants de la m\u00fasica en directe en un espai id\u00edl\u00b7lic. Amb un espectacle digne dels millors festivals internacionals, aquest esdeveniment cultural reuneix artistes de renom com Manu &#8230; <a title=\"Descobreix el cartell de luxe del Festival Els Rentadors de Juneda 2024\" class=\"read-more\" href=\"https:\/\/www.turismegarrigues.com\/blog\/descobreix-el-cartell-de-luxe-del-festival-els-rentadors-de-juneda-2024\/\" aria-label=\"M\u00e9s informaci\u00f3 sobre Descobreix el cartell de luxe del Festival Els Rentadors de Juneda 2024\">Llegiu m\u00e9s<\/a><\/p>\n","protected":false},"author":2,"featured_media":3031,"comment_status":"closed","ping_status":"closed","sticky":false,"template":"","format":"standard","meta":{"footnotes":""},"categories":[1],"tags":[238,237,241,235,239,99,38,233,234,236,240],"class_list":["post-3024","post","type-post","status-publish","format-standard","has-post-thumbnail","hentry","category-turisme","tag-artistes-destacats","tag-els-llums-de-colors","tag-esdeveniment-cultural","tag-festival-els-rentadors-de-juneda","tag-festival-musica","tag-juneda","tag-les-garrigues","tag-manu-guix","tag-marala","tag-musica-en-directe","tag-ramon-mirabet"],"yoast_head":"<!-- This site is optimized with the Yoast SEO plugin v24.4 - https:\/\/yoast.com\/wordpress\/plugins\/seo\/ -->\n<title>Descobreix el cartell de luxe del Festival Els Rentadors de Juneda 2024 - Turisme de les Garrigues<\/title>\n<meta name=\"robots\" content=\"index, follow, max-snippet:-1, max-image-preview:large, max-video-preview:-1\" \/>\n<link rel=\"canonical\" href=\"https:\/\/www.turismegarrigues.com\/blog\/descobreix-el-cartell-de-luxe-del-festival-els-rentadors-de-juneda-2024\/\" \/>\n<meta property=\"og:locale\" content=\"ca_ES\" \/>\n<meta property=\"og:type\" content=\"article\" \/>\n<meta property=\"og:title\" content=\"Descobreix el cartell de luxe del Festival Els Rentadors de Juneda 2024 - Turisme de les Garrigues\" \/>\n<meta property=\"og:description\" content=\"El Festival Els Rentadors de Juneda ja ha anunciat el seu cartell estel\u00b7lar per a l&#8217;edici\u00f3 del 2024, i promet ser una experi\u00e8ncia inoblidable per a tots els amants de la m\u00fasica en directe en un espai id\u00edl\u00b7lic. Amb un espectacle digne dels millors festivals internacionals, aquest esdeveniment cultural reuneix artistes de renom com Manu ... Llegiu m\u00e9s\" \/>\n<meta property=\"og:url\" content=\"https:\/\/www.turismegarrigues.com\/blog\/descobreix-el-cartell-de-luxe-del-festival-els-rentadors-de-juneda-2024\/\" \/>\n<meta property=\"og:site_name\" content=\"Turisme de les Garrigues\" \/>\n<meta property=\"article:published_time\" content=\"2024-06-25T06:29:00+00:00\" \/>\n<meta property=\"og:image\" content=\"https:\/\/www.turismegarrigues.com\/blog\/wp-content\/uploads\/2023070613455311710.jpeg\" \/>\n\t<meta property=\"og:image:width\" content=\"1024\" \/>\n\t<meta property=\"og:image:height\" content=\"532\" \/>\n\t<meta property=\"og:image:type\" content=\"image\/jpeg\" \/>\n<meta name=\"author\" content=\"turismegarrigues\" \/>\n<meta name=\"twitter:card\" content=\"summary_large_image\" \/>\n<meta name=\"twitter:label1\" content=\"Escrit per\" \/>\n\t<meta name=\"twitter:data1\" content=\"turismegarrigues\" \/>\n\t<meta name=\"twitter:label2\" content=\"Temps estimat de lectura\" \/>\n\t<meta name=\"twitter:data2\" content=\"3 minuts\" \/>\n<script type=\"application\/ld+json\" class=\"yoast-schema-graph\">{\"@context\":\"https:\/\/schema.org\",\"@graph\":[{\"@type\":\"WebPage\",\"@id\":\"https:\/\/www.turismegarrigues.com\/blog\/descobreix-el-cartell-de-luxe-del-festival-els-rentadors-de-juneda-2024\/\",\"url\":\"https:\/\/www.turismegarrigues.com\/blog\/descobreix-el-cartell-de-luxe-del-festival-els-rentadors-de-juneda-2024\/\",\"name\":\"Descobreix el cartell de luxe del Festival Els Rentadors de Juneda 2024 - Turisme de les Garrigues\",\"isPartOf\":{\"@id\":\"https:\/\/www.turismegarrigues.com\/blog\/#website\"},\"primaryImageOfPage\":{\"@id\":\"https:\/\/www.turismegarrigues.com\/blog\/descobreix-el-cartell-de-luxe-del-festival-els-rentadors-de-juneda-2024\/#primaryimage\"},\"image\":{\"@id\":\"https:\/\/www.turismegarrigues.com\/blog\/descobreix-el-cartell-de-luxe-del-festival-els-rentadors-de-juneda-2024\/#primaryimage\"},\"thumbnailUrl\":\"https:\/\/www.turismegarrigues.com\/blog\/wp-content\/uploads\/2023070613455311710.jpeg\",\"datePublished\":\"2024-06-25T06:29:00+00:00\",\"author\":{\"@id\":\"https:\/\/www.turismegarrigues.com\/blog\/#\/schema\/person\/7ada9dce6475184bb0c0a652f29c9653\"},\"breadcrumb\":{\"@id\":\"https:\/\/www.turismegarrigues.com\/blog\/descobreix-el-cartell-de-luxe-del-festival-els-rentadors-de-juneda-2024\/#breadcrumb\"},\"inLanguage\":\"ca\",\"potentialAction\":[{\"@type\":\"ReadAction\",\"target\":[\"https:\/\/www.turismegarrigues.com\/blog\/descobreix-el-cartell-de-luxe-del-festival-els-rentadors-de-juneda-2024\/\"]}]},{\"@type\":\"ImageObject\",\"inLanguage\":\"ca\",\"@id\":\"https:\/\/www.turismegarrigues.com\/blog\/descobreix-el-cartell-de-luxe-del-festival-els-rentadors-de-juneda-2024\/#primaryimage\",\"url\":\"https:\/\/www.turismegarrigues.com\/blog\/wp-content\/uploads\/2023070613455311710.jpeg\",\"contentUrl\":\"https:\/\/www.turismegarrigues.com\/blog\/wp-content\/uploads\/2023070613455311710.jpeg\",\"width\":1024,\"height\":532},{\"@type\":\"BreadcrumbList\",\"@id\":\"https:\/\/www.turismegarrigues.com\/blog\/descobreix-el-cartell-de-luxe-del-festival-els-rentadors-de-juneda-2024\/#breadcrumb\",\"itemListElement\":[{\"@type\":\"ListItem\",\"position\":1,\"name\":\"Inici\",\"item\":\"https:\/\/www.turismegarrigues.com\/blog\/\"},{\"@type\":\"ListItem\",\"position\":2,\"name\":\"Descobreix el cartell de luxe del Festival Els Rentadors de Juneda 2024\"}]},{\"@type\":\"WebSite\",\"@id\":\"https:\/\/www.turismegarrigues.com\/blog\/#website\",\"url\":\"https:\/\/www.turismegarrigues.com\/blog\/\",\"name\":\"Turisme de les Garrigues\",\"description\":\"Blog\",\"potentialAction\":[{\"@type\":\"SearchAction\",\"target\":{\"@type\":\"EntryPoint\",\"urlTemplate\":\"https:\/\/www.turismegarrigues.com\/blog\/?s={search_term_string}\"},\"query-input\":{\"@type\":\"PropertyValueSpecification\",\"valueRequired\":true,\"valueName\":\"search_term_string\"}}],\"inLanguage\":\"ca\"},{\"@type\":\"Person\",\"@id\":\"https:\/\/www.turismegarrigues.com\/blog\/#\/schema\/person\/7ada9dce6475184bb0c0a652f29c9653\",\"name\":\"turismegarrigues\",\"image\":{\"@type\":\"ImageObject\",\"inLanguage\":\"ca\",\"@id\":\"https:\/\/www.turismegarrigues.com\/blog\/#\/schema\/person\/image\/\",\"url\":\"https:\/\/secure.gravatar.com\/avatar\/2479dec683bf2f700ffae0009a0a72796d18201a99196df0e23b11ae9749e88e?s=96&d=mm&r=g\",\"contentUrl\":\"https:\/\/secure.gravatar.com\/avatar\/2479dec683bf2f700ffae0009a0a72796d18201a99196df0e23b11ae9749e88e?s=96&d=mm&r=g\",\"caption\":\"turismegarrigues\"},\"sameAs\":[\"http:\/\/www.turismegarrigues.com\/\"],\"url\":\"https:\/\/www.turismegarrigues.com\/blog\/author\/turismegarrigues\/\"}]}<\/script>\n<!-- \/ Yoast SEO plugin. -->","yoast_head_json":{"title":"Descobreix el cartell de luxe del Festival Els Rentadors de Juneda 2024 - Turisme de les Garrigues","robots":{"index":"index","follow":"follow","max-snippet":"max-snippet:-1","max-image-preview":"max-image-preview:large","max-video-preview":"max-video-preview:-1"},"canonical":"https:\/\/www.turismegarrigues.com\/blog\/descobreix-el-cartell-de-luxe-del-festival-els-rentadors-de-juneda-2024\/","og_locale":"ca_ES","og_type":"article","og_title":"Descobreix el cartell de luxe del Festival Els Rentadors de Juneda 2024 - Turisme de les Garrigues","og_description":"El Festival Els Rentadors de Juneda ja ha anunciat el seu cartell estel\u00b7lar per a l&#8217;edici\u00f3 del 2024, i promet ser una experi\u00e8ncia inoblidable per a tots els amants de la m\u00fasica en directe en un espai id\u00edl\u00b7lic. Amb un espectacle digne dels millors festivals internacionals, aquest esdeveniment cultural reuneix artistes de renom com Manu ... Llegiu m\u00e9s","og_url":"https:\/\/www.turismegarrigues.com\/blog\/descobreix-el-cartell-de-luxe-del-festival-els-rentadors-de-juneda-2024\/","og_site_name":"Turisme de les Garrigues","article_published_time":"2024-06-25T06:29:00+00:00","og_image":[{"width":1024,"height":532,"url":"https:\/\/www.turismegarrigues.com\/blog\/wp-content\/uploads\/2023070613455311710.jpeg","type":"image\/jpeg"}],"author":"turismegarrigues","twitter_card":"summary_large_image","twitter_misc":{"Escrit per":"turismegarrigues","Temps estimat de lectura":"3 minuts"},"schema":{"@context":"https:\/\/schema.org","@graph":[{"@type":"WebPage","@id":"https:\/\/www.turismegarrigues.com\/blog\/descobreix-el-cartell-de-luxe-del-festival-els-rentadors-de-juneda-2024\/","url":"https:\/\/www.turismegarrigues.com\/blog\/descobreix-el-cartell-de-luxe-del-festival-els-rentadors-de-juneda-2024\/","name":"Descobreix el cartell de luxe del Festival Els Rentadors de Juneda 2024 - Turisme de les Garrigues","isPartOf":{"@id":"https:\/\/www.turismegarrigues.com\/blog\/#website"},"primaryImageOfPage":{"@id":"https:\/\/www.turismegarrigues.com\/blog\/descobreix-el-cartell-de-luxe-del-festival-els-rentadors-de-juneda-2024\/#primaryimage"},"image":{"@id":"https:\/\/www.turismegarrigues.com\/blog\/descobreix-el-cartell-de-luxe-del-festival-els-rentadors-de-juneda-2024\/#primaryimage"},"thumbnailUrl":"https:\/\/www.turismegarrigues.com\/blog\/wp-content\/uploads\/2023070613455311710.jpeg","datePublished":"2024-06-25T06:29:00+00:00","author":{"@id":"https:\/\/www.turismegarrigues.com\/blog\/#\/schema\/person\/7ada9dce6475184bb0c0a652f29c9653"},"breadcrumb":{"@id":"https:\/\/www.turismegarrigues.com\/blog\/descobreix-el-cartell-de-luxe-del-festival-els-rentadors-de-juneda-2024\/#breadcrumb"},"inLanguage":"ca","potentialAction":[{"@type":"ReadAction","target":["https:\/\/www.turismegarrigues.com\/blog\/descobreix-el-cartell-de-luxe-del-festival-els-rentadors-de-juneda-2024\/"]}]},{"@type":"ImageObject","inLanguage":"ca","@id":"https:\/\/www.turismegarrigues.com\/blog\/descobreix-el-cartell-de-luxe-del-festival-els-rentadors-de-juneda-2024\/#primaryimage","url":"https:\/\/www.turismegarrigues.com\/blog\/wp-content\/uploads\/2023070613455311710.jpeg","contentUrl":"https:\/\/www.turismegarrigues.com\/blog\/wp-content\/uploads\/2023070613455311710.jpeg","width":1024,"height":532},{"@type":"BreadcrumbList","@id":"https:\/\/www.turismegarrigues.com\/blog\/descobreix-el-cartell-de-luxe-del-festival-els-rentadors-de-juneda-2024\/#breadcrumb","itemListElement":[{"@type":"ListItem","position":1,"name":"Inici","item":"https:\/\/www.turismegarrigues.com\/blog\/"},{"@type":"ListItem","position":2,"name":"Descobreix el cartell de luxe del Festival Els Rentadors de Juneda 2024"}]},{"@type":"WebSite","@id":"https:\/\/www.turismegarrigues.com\/blog\/#website","url":"https:\/\/www.turismegarrigues.com\/blog\/","name":"Turisme de les Garrigues","description":"Blog","potentialAction":[{"@type":"SearchAction","target":{"@type":"EntryPoint","urlTemplate":"https:\/\/www.turismegarrigues.com\/blog\/?s={search_term_string}"},"query-input":{"@type":"PropertyValueSpecification","valueRequired":true,"valueName":"search_term_string"}}],"inLanguage":"ca"},{"@type":"Person","@id":"https:\/\/www.turismegarrigues.com\/blog\/#\/schema\/person\/7ada9dce6475184bb0c0a652f29c9653","name":"turismegarrigues","image":{"@type":"ImageObject","inLanguage":"ca","@id":"https:\/\/www.turismegarrigues.com\/blog\/#\/schema\/person\/image\/","url":"https:\/\/secure.gravatar.com\/avatar\/2479dec683bf2f700ffae0009a0a72796d18201a99196df0e23b11ae9749e88e?s=96&d=mm&r=g","contentUrl":"https:\/\/secure.gravatar.com\/avatar\/2479dec683bf2f700ffae0009a0a72796d18201a99196df0e23b11ae9749e88e?s=96&d=mm&r=g","caption":"turismegarrigues"},"sameAs":["http:\/\/www.turismegarrigues.com\/"],"url":"https:\/\/www.turismegarrigues.com\/blog\/author\/turismegarrigues\/"}]}},"_links":{"self":[{"href":"https:\/\/www.turismegarrigues.com\/blog\/wp-json\/wp\/v2\/posts\/3024","targetHints":{"allow":["GET"]}}],"collection":[{"href":"https:\/\/www.turismegarrigues.com\/blog\/wp-json\/wp\/v2\/posts"}],"about":[{"href":"https:\/\/www.turismegarrigues.com\/blog\/wp-json\/wp\/v2\/types\/post"}],"author":[{"embeddable":true,"href":"https:\/\/www.turismegarrigues.com\/blog\/wp-json\/wp\/v2\/users\/2"}],"replies":[{"embeddable":true,"href":"https:\/\/www.turismegarrigues.com\/blog\/wp-json\/wp\/v2\/comments?post=3024"}],"version-history":[{"count":1,"href":"https:\/\/www.turismegarrigues.com\/blog\/wp-json\/wp\/v2\/posts\/3024\/revisions"}],"predecessor-version":[{"id":3033,"href":"https:\/\/www.turismegarrigues.com\/blog\/wp-json\/wp\/v2\/posts\/3024\/revisions\/3033"}],"wp:featuredmedia":[{"embeddable":true,"href":"https:\/\/www.turismegarrigues.com\/blog\/wp-json\/wp\/v2\/media\/3031"}],"wp:attachment":[{"href":"https:\/\/www.turismegarrigues.com\/blog\/wp-json\/wp\/v2\/media?parent=3024"}],"wp:term":[{"taxonomy":"category","embeddable":true,"href":"https:\/\/www.turismegarrigues.com\/blog\/wp-json\/wp\/v2\/categories?post=3024"},{"taxonomy":"post_tag","embeddable":true,"href":"https:\/\/www.turismegarrigues.com\/blog\/wp-json\/wp\/v2\/tags?post=3024"}],"curies":[{"name":"wp","href":"https:\/\/api.w.org\/{rel}","templated":true}]}}