{"id":3039,"date":"2024-07-05T14:28:46","date_gmt":"2024-07-05T12:28:46","guid":{"rendered":"https:\/\/www.turismegarrigues.com\/blog\/?p=3039"},"modified":"2024-07-05T14:28:48","modified_gmt":"2024-07-05T12:28:48","slug":"18-concerts-per-gaudir-del-garrigues-guitarfest-2024-a-la-comarca","status":"publish","type":"post","link":"https:\/\/www.turismegarrigues.com\/blog\/18-concerts-per-gaudir-del-garrigues-guitarfest-2024-a-la-comarca\/","title":{"rendered":"18 concerts per gaudir del Garrigues Guitarfest 2024 a la comarca"},"content":{"rendered":"\n<p>Del 6 de juliol fins al 24 d\u2019agost, el <strong>Consell Comarcal de les Garrigues<\/strong> organitza la <strong>13a edici\u00f3 del Garrigues Guitarfest 2024,<\/strong> un festival en el qual la guitarra \u00e9s la protagonista indiscutible. Des de l&#8217;inici al Soler\u00e0s fins a la clausura a Arbeca, podr\u00e0s gaudir de 18 concerts \u00fanics en diferents pobles de les Garrigues.<\/p>\n\n\n\n<p>A cada concert, a m\u00e9s de la guitarra, podr\u00e0s descobrir altres instruments de corda, vent, percussi\u00f3, etc. en entorns emblem\u00e0tics de la comarca. L&#8217;objectiu d&#8217;aquest esdeveniment \u00e9s no nom\u00e9s rendir homenatge al mestre Emili Pujol, sin\u00f3 tamb\u00e9 donar a con\u00e8ixer el ric patrimoni cultural i gastron\u00f2mic de les Garrigues.<\/p>\n\n\n\n<p>No deixis passar l&#8217;oportunitat de viure aquesta experi\u00e8ncia \u00fanica! Descobreix els 18 concerts programats!<\/p>\n\n\n\n<p><strong>1.&nbsp; Blua Maro \u2013 Tramuntana, el Soler\u00e0s<\/strong><\/p>\n\n\n\n<p>El 6 de juliol Anna i Eugeni es retroben per formar el duo Blua Maro, que ofereix espectacle \u00fanic, proper i vibrant amb una posada en escena atractiva i din\u00e0mica d\u2019\u00e0ries d\u2019\u00f2pera, can\u00e7ons cl\u00e0ssiques i cants tradicionals, juntament amb obres originals del mateix Eugeni Muriel. T\u2019hi esperem a l\u2019esgl\u00e9sia de l\u2019Assumpci\u00f3 de la Mare de D\u00e9u a les 20 h.&nbsp;<\/p>\n\n\n\n<figure class=\"wp-block-embed is-type-video is-provider-youtube wp-block-embed-youtube wp-embed-aspect-16-9 wp-has-aspect-ratio\"><div class=\"wp-block-embed__wrapper\">\n<iframe loading=\"lazy\" title=\"I want Jesus to walk with me - Blua Maro\" width=\"1200\" height=\"675\" src=\"https:\/\/www.youtube.com\/embed\/IEaOotRiirw?feature=oembed\" frameborder=\"0\" allow=\"accelerometer; autoplay; clipboard-write; encrypted-media; gyroscope; picture-in-picture; web-share\" referrerpolicy=\"strict-origin-when-cross-origin\" allowfullscreen><\/iframe>\n<\/div><\/figure>\n\n\n\n<p><strong>2. Belmin Okanovi\u0107 \u2013 Tango, Torrebesses<\/strong><\/p>\n\n\n\n<p>Divendres 12 de juliol a les 20 h a l&#8217;esgl\u00e9sia de Sant Salvador podr\u00e0s gaudir del guanyador de la darrera edici\u00f3 del Certamen Llobet, va n\u00e9ixer el 1997 a Tuzla. Va comen\u00e7ar a tocar la guitarra als vuit anys i ha guanyat m\u00e9s de 20 premis internacionals. Estudia a l\u2019Escola Robert Schumann de D\u00fcsseldorf i \u00e9s solista de la Fundaci\u00f3 Yehudi Menuhin. Belmin ens presenta una selecci\u00f3 de magnes obres de la literatura guitarrista.<\/p>\n\n\n\n<figure class=\"wp-block-embed is-type-video is-provider-youtube wp-block-embed-youtube wp-embed-aspect-16-9 wp-has-aspect-ratio\"><div class=\"wp-block-embed__wrapper\">\n<iframe loading=\"lazy\" title=\"Belmin Okanovi\u0107 plays Mallorca by Isaac Alb\u00e9niz on a  2015\/16 Henner Hagenlocher\" width=\"1200\" height=\"675\" src=\"https:\/\/www.youtube.com\/embed\/v4-ZIeG_bxA?feature=oembed\" frameborder=\"0\" allow=\"accelerometer; autoplay; clipboard-write; encrypted-media; gyroscope; picture-in-picture; web-share\" referrerpolicy=\"strict-origin-when-cross-origin\" allowfullscreen><\/iframe>\n<\/div><\/figure>\n\n\n\n<p><strong>3. Alenta Duo \u2013 En les dues ribes, els Torms<\/strong><\/p>\n\n\n\n<p>En les dues ribes explora la tradici\u00f3 musical iberoamericana en set pa\u00efsos a ambd\u00f3s costats de l\u2019Atl\u00e0ntic. Duet format per viola i guitarra, ofereix una perspectiva fresca, que exalta l\u2019expressi\u00f3 multicultural amb melodies inspirades en antics pobles i una fusi\u00f3 \u00edntima entre el folklore i la m\u00fasica cl\u00e0ssica. T\u2019hi esperem el dissabte 13 de juliol a l\u2019esgl\u00e9sia Sant Joan Baptista a les 20 h!<\/p>\n\n\n\n<figure class=\"wp-block-embed is-type-video is-provider-youtube wp-block-embed-youtube wp-embed-aspect-16-9 wp-has-aspect-ratio\"><div class=\"wp-block-embed__wrapper\">\n<iframe loading=\"lazy\" title=\"Celso Machado. Ana Valero &amp; Ra\u00fal Viela\" width=\"1200\" height=\"675\" src=\"https:\/\/www.youtube.com\/embed\/9ZUjDLNEzec?feature=oembed\" frameborder=\"0\" allow=\"accelerometer; autoplay; clipboard-write; encrypted-media; gyroscope; picture-in-picture; web-share\" referrerpolicy=\"strict-origin-when-cross-origin\" allowfullscreen><\/iframe>\n<\/div><\/figure>\n\n\n\n<p><strong>4.&nbsp; Anila Padr\u00f3s &amp; Trio Desconcierto \u2013 Can\u00e7ons amb Trementina, les Borges Blanques<\/strong><\/p>\n\n\n\n<p>La Jove Aina ens explica, entre can\u00e7ons i danses d\u2019arrel, de quina manera la hist\u00f2ria de la seva \u00e0via, quan tenia tretze anys i repartia trementina, l\u2019ha ajudat a combatre el seu conflicte intern.\u2028Segons sembla, el can\u00e7oner popular catal\u00e0 \u00e9s ple d\u2019hist\u00f2ries d\u2019amor amb una punyent aroma de trementina sanadora. El concert tindr\u00e0 lloc el diumenge 14 de juliol a les 20 h a la Pla\u00e7a de l\u2019u d\u2019Octubre.<\/p>\n\n\n\n<figure class=\"wp-block-embed is-type-video is-provider-youtube wp-block-embed-youtube wp-embed-aspect-16-9 wp-has-aspect-ratio\"><div class=\"wp-block-embed__wrapper\">\n<iframe loading=\"lazy\" title=\"TEASER - Can\u00e7ons amb trementina - Anila Padr\u00f3s &amp; Trio Desconcierto\" width=\"1200\" height=\"675\" src=\"https:\/\/www.youtube.com\/embed\/E9IN_lXWg5E?feature=oembed\" frameborder=\"0\" allow=\"accelerometer; autoplay; clipboard-write; encrypted-media; gyroscope; picture-in-picture; web-share\" referrerpolicy=\"strict-origin-when-cross-origin\" allowfullscreen><\/iframe>\n<\/div><\/figure>\n\n\n\n<p><strong>5. Anabel Montesinos \u2013 Baroque Inspiratio, la Granadella<\/strong><\/p>\n\n\n\n<p>Guanyadora als 17 anys del Concurs Internacional de Guitarra Francisco T\u00e1rrega, va comen\u00e7ar la seva formaci\u00f3 musical als 5 anys al seu poble natal, l\u2019Hospitalet de l\u2019Infant. Ha guanyat m\u00e9s de 10 primers premis internacionals i ha actuat en sales de concert importants. Anabel toca amb una guitarra del luthier Steve Connor, anomenada Jasmine (2018).<\/p>\n\n\n\n<p>Vine el divendres 19 de juliol a partir de les 20 h a l\u2019esgl\u00e9sia Santa Maria de Gr\u00e0cia!<\/p>\n\n\n\n<figure class=\"wp-block-embed is-type-video is-provider-youtube wp-block-embed-youtube wp-embed-aspect-16-9 wp-has-aspect-ratio\"><div class=\"wp-block-embed__wrapper\">\n<iframe loading=\"lazy\" title=\"Chaconne, 2nd Partita BWV 1004 by J. S. Bach, Anabel Montesinos\" width=\"1200\" height=\"675\" src=\"https:\/\/www.youtube.com\/embed\/N_WTmnh0Zqw?feature=oembed\" frameborder=\"0\" allow=\"accelerometer; autoplay; clipboard-write; encrypted-media; gyroscope; picture-in-picture; web-share\" referrerpolicy=\"strict-origin-when-cross-origin\" allowfullscreen><\/iframe>\n<\/div><\/figure>\n\n\n\n<p><strong>6. Certamen Pujol 2024 \u2013 Classificaci\u00f3, la Granadella<\/strong><\/p>\n\n\n\n<p>El Certamen Internacional de Guitarra Emili Pujol \u00e9s un concurs d\u2019interpretaci\u00f3 de guitarra cl\u00e0ssica per a guitarristes de fins als 35 anys, amb el prop\u00f2sit de con\u00e8ixer i il\u00b7lustrar la seva obra compositiva. Tindr\u00e0 lloc el 20 de juliol a les 10 h al Centre C\u00edvic Garrigues Altes!<\/p>\n\n\n\n<p>Hi interpretaran l\u2019obra obligada \u201cBagatela\u201d, d\u2019Emili Pujol, i una obra de lliure elecci\u00f3 de m\u00e0xim 5 minuts.<\/p>\n\n\n\n<figure class=\"wp-block-embed is-type-video is-provider-youtube wp-block-embed-youtube wp-embed-aspect-16-9 wp-has-aspect-ratio\"><div class=\"wp-block-embed__wrapper\">\n<iframe loading=\"lazy\" title=\"FINAL CERTAMEN PUJOL 2019 | LA GRANADELLA | lesborgestv.cat\" width=\"1200\" height=\"675\" src=\"https:\/\/www.youtube.com\/embed\/Z23mKP6gRAE?feature=oembed\" frameborder=\"0\" allow=\"accelerometer; autoplay; clipboard-write; encrypted-media; gyroscope; picture-in-picture; web-share\" referrerpolicy=\"strict-origin-when-cross-origin\" allowfullscreen><\/iframe>\n<\/div><\/figure>\n\n\n\n<p><strong>7. Duo Malibran\u2013 Chantez l\u2019amour, Celler Mas Blanch i Jov\u00e9 de la Pobla de C\u00e9rvoles&nbsp;<\/strong><\/p>\n\n\n\n<p>Parla d\u2019amor amb melodies tradicionals populars i s\u2019apropa a les sonoritats de la tradici\u00f3 oral i rural, amb un programa que viatja a les antigues can\u00e7ons d\u2019Anglaterra de Madame Sidney Pratten, continua pel Mediterrani amb un recull del can\u00e7oner sefardita per Matilde Salvador i finalitza amb les romances de la soprano Maria Malibran.<\/p>\n\n\n\n<p>El dissabte 20 de juliol a partir de les 18 h podr\u00e0s fer una visita a la Vinya dels Artistes, a partir de les 19 h un tast i a les 20 h, comen\u00e7ar\u00e0 el concert.&nbsp;<\/p>\n\n\n\n<figure class=\"wp-block-embed is-type-video is-provider-youtube wp-block-embed-youtube wp-embed-aspect-16-9 wp-has-aspect-ratio\"><div class=\"wp-block-embed__wrapper\">\n<iframe loading=\"lazy\" title=\"#ARTLLOBET 2023 | DUO MALIBR\u00c1N - Rataplan, Mar\u00eda Malibr\u00e1n #envivo #mariamalibran #malibran #rataplan\" width=\"1200\" height=\"675\" src=\"https:\/\/www.youtube.com\/embed\/wIBIF48aXW0?feature=oembed\" frameborder=\"0\" allow=\"accelerometer; autoplay; clipboard-write; encrypted-media; gyroscope; picture-in-picture; web-share\" referrerpolicy=\"strict-origin-when-cross-origin\" allowfullscreen><\/iframe>\n<\/div><\/figure>\n\n\n\n<p><strong>8. Certamen Pujol 2024 \u2013 Final + Orquestra de guitarres de Barcelona, la Granadella<\/strong><\/p>\n\n\n\n<p>El Certamen Internacional de Guitarra Emili Pujol \u00e9s un concurs d\u2019interpretaci\u00f3 de guitarra cl\u00e0ssica per a guitarristes de fins als 35 anys, amb el prop\u00f2sit de con\u00e8ixer i il\u00b7lustrar la seva obra compositiva. Hi interpretaran l\u2019obra obligada \u201cBarcarola\u201d, d\u2019Emili Pujol, i una obra de lliure elecci\u00f3 de m\u00e0xim 8 minuts.<\/p>\n\n\n\n<p>Podr\u00e0s veure l\u2019espectacle el diumenge 21 de juliol al Centre C\u00edvic Garrigues Altes de la Granadella a les 20 h.&nbsp;<\/p>\n\n\n\n<figure class=\"wp-block-embed is-type-video is-provider-youtube wp-block-embed-youtube wp-embed-aspect-16-9 wp-has-aspect-ratio\"><div class=\"wp-block-embed__wrapper\">\n<iframe loading=\"lazy\" title=\"FINAL CERTAMEN PUJOL 2019 | LA GRANADELLA | lesborgestv.cat\" width=\"1200\" height=\"675\" src=\"https:\/\/www.youtube.com\/embed\/Z23mKP6gRAE?feature=oembed\" frameborder=\"0\" allow=\"accelerometer; autoplay; clipboard-write; encrypted-media; gyroscope; picture-in-picture; web-share\" referrerpolicy=\"strict-origin-when-cross-origin\" allowfullscreen><\/iframe>\n<\/div><\/figure>\n\n\n\n<p><strong>9. Jos\u00e9 Antonio Chic \u2013 Tresors de la guitarra cl\u00e0ssica, Vinaixa<\/strong><\/p>\n\n\n\n<p>El mestre guitarrista i compositor Jos\u00e9 Antonio Chic ens presenta un concert amb les joies m\u00e9s belles de la literatura de la guitarra cl\u00e0ssica de tots els temps: les obres m\u00e9s aclamades d\u2019Alb\u00e9niz, T\u00e1rrega, Pujol, Barrios, Mil\u00e1n i altres joies amagades encara per descobrir. \u00c9s una m\u00fasica per somiar i gaudir de la m\u00e0gia de la guitarra.<\/p>\n\n\n\n<p>T\u2019hi esperem dissabte 27 de juliol a l\u2019esgl\u00e9sia Sant Joan Baptista!<\/p>\n\n\n\n<figure class=\"wp-block-embed is-type-video is-provider-youtube wp-block-embed-youtube wp-embed-aspect-16-9 wp-has-aspect-ratio\"><div class=\"wp-block-embed__wrapper\">\n<iframe loading=\"lazy\" title=\"Homenaje a Emili Pujol  Composed and performed by Jos\u00e9 Antonio Chic, guitar\" width=\"1200\" height=\"675\" src=\"https:\/\/www.youtube.com\/embed\/uKpIvFpnM5Q?feature=oembed\" frameborder=\"0\" allow=\"accelerometer; autoplay; clipboard-write; encrypted-media; gyroscope; picture-in-picture; web-share\" referrerpolicy=\"strict-origin-when-cross-origin\" allowfullscreen><\/iframe>\n<\/div><\/figure>\n\n\n\n<p><strong>10. La Folia Consort \u2013 Vicis i virtuts, Arbeca<\/strong><\/p>\n\n\n\n<p>El recull Vicis i virtuts \u00e9s una compilaci\u00f3 de madrigals i m\u00fasica profana d\u2019obres del can\u00e7oner d\u2019Uppsala (Duc de Cal\u00e0bria), irreverents villancicos com els de Juan del Encina i obres de Claudio Monteverdi, que va suposar la transici\u00f3 del Renaixement al Barroc i el naixement de l\u2019\u00f2pera.<\/p>\n\n\n\n<p>Tens una cita el diumenge 28 de juliol a l\u2019esgl\u00e9sia Sant Jaume!<\/p>\n\n\n\n<figure class=\"wp-block-embed is-type-video is-provider-youtube wp-block-embed-youtube wp-embed-aspect-16-9 wp-has-aspect-ratio\"><div class=\"wp-block-embed__wrapper\">\n<iframe loading=\"lazy\" title=\"vi\u0301deo promo la Follia Consort\" width=\"1200\" height=\"675\" src=\"https:\/\/www.youtube.com\/embed\/sq9ejNJVd9A?feature=oembed\" frameborder=\"0\" allow=\"accelerometer; autoplay; clipboard-write; encrypted-media; gyroscope; picture-in-picture; web-share\" referrerpolicy=\"strict-origin-when-cross-origin\" allowfullscreen><\/iframe>\n<\/div><\/figure>\n\n\n\n<p><strong>11. Sara Guerrero \u2013 Tonadilla<\/strong><\/p>\n\n\n\n<p>Nascuda el 1997, Sara Guerrero \u00e9s una guitarrista destacada de Zamora. Guardonada amb m\u00faltiples premis, va debutar com a solista als 17 anys a l\u2019Auditori Nacional de Madrid. Sara ens presenta el 2 d\u2019agost a les 20 h a l\u2019esgl\u00e9sia de Sant Salvador, una selecci\u00f3 hist\u00f2rica de les obres per a guitarra m\u00e9s rellevants sobre can\u00e7ons i danses del folklore musical.<\/p>\n\n\n\n<figure class=\"wp-block-embed is-type-video is-provider-youtube wp-block-embed-youtube wp-embed-aspect-16-9 wp-has-aspect-ratio\"><div class=\"wp-block-embed__wrapper\">\n<iframe loading=\"lazy\" title=\"Sara Guerrero Concert - Festival Sor 2021\" width=\"1200\" height=\"675\" src=\"https:\/\/www.youtube.com\/embed\/GnjtEtlf_cU?feature=oembed\" frameborder=\"0\" allow=\"accelerometer; autoplay; clipboard-write; encrypted-media; gyroscope; picture-in-picture; web-share\" referrerpolicy=\"strict-origin-when-cross-origin\" allowfullscreen><\/iframe>\n<\/div><\/figure>\n\n\n\n<p><strong>12. Tangozzola \u2013 Piazzolla Colors, Granyena de les Garrigues<\/strong><\/p>\n\n\n\n<p>El dissabte 3 d\u2019agost podr\u00e0s gaudir de Tangozzolla, un projecte fresc i innovador que presenta la m\u00fasica d\u2019Astor Piazzolla amb una formaci\u00f3 redu\u00efda a viol\u00ed i guitarra. S\u00f3n adaptacions pr\u00f2pies, plens de matisos i colors, amb una posada en escena vibrant; un segell aut\u00e8ntic que ens apropa els contrastos an\u00edmics i la passi\u00f3 que caracteritza el personal estil tanguero del compositor argent\u00ed. A partir de les 19.30 h a l\u2019esgl\u00e9sia Sant Miquel.<\/p>\n\n\n\n<figure class=\"wp-block-embed is-type-video is-provider-youtube wp-block-embed-youtube wp-embed-aspect-16-9 wp-has-aspect-ratio\"><div class=\"wp-block-embed__wrapper\">\n<iframe loading=\"lazy\" title=\"Primavera Porte\u00f1a, A. Piazzolla from Tangozzolla con la Selma in Rocafort\" width=\"1200\" height=\"675\" src=\"https:\/\/www.youtube.com\/embed\/RuhQHfpGrxk?feature=oembed\" frameborder=\"0\" allow=\"accelerometer; autoplay; clipboard-write; encrypted-media; gyroscope; picture-in-picture; web-share\" referrerpolicy=\"strict-origin-when-cross-origin\" allowfullscreen><\/iframe>\n<\/div><\/figure>\n\n\n\n<p><strong>13. Alba Avil\u00e9s &amp; Victor Paradis Quartet \u2013 AAVP4t, el Cogul<\/strong><\/p>\n\n\n\n<p>El divendres 9 d\u2019agost far\u00e0s un viatge cap al latin jazz a ritmes reinterpretats en un formaci\u00f3 at\u00edpica, on la veu i la guitarra manouche fan un veritable tour de force interpretatiu brillant amb destresa sobre una potent base r\u00edtmica formada per la percussi\u00f3 i el contrabaix.<\/p>\n\n\n\n<p>A partir de les 20 h visita guiada al Conjunt Rupestre la Roca dels Moros i a les 21 h, concert!<\/p>\n\n\n\n<figure class=\"wp-block-embed is-type-video is-provider-youtube wp-block-embed-youtube wp-embed-aspect-16-9 wp-has-aspect-ratio\"><div class=\"wp-block-embed__wrapper\">\n<iframe loading=\"lazy\" title=\"Alba Avil\u00e9s &amp; Victor Paradis -\u201cIdilio\u201d\" width=\"1200\" height=\"675\" src=\"https:\/\/www.youtube.com\/embed\/R1T765X5S9M?feature=oembed\" frameborder=\"0\" allow=\"accelerometer; autoplay; clipboard-write; encrypted-media; gyroscope; picture-in-picture; web-share\" referrerpolicy=\"strict-origin-when-cross-origin\" allowfullscreen><\/iframe>\n<\/div><\/figure>\n\n\n\n<p><strong>14. Duo Rubio-Franch &amp; Andrea Peir\u00f3n \u2013 Ess\u00e8ncies, la Floresta<\/strong><\/p>\n\n\n\n<p>Perqu\u00e8 la m\u00fasica \u00e9s per a nosaltres l\u2019expressi\u00f3 de tot all\u00f2 que som i ens passa i la interpretaci\u00f3 \u00e9s l\u2019eina que tenim per mostrar-ho, presentem Ess\u00e8ncies. Melodies, ritmes i harmonies del folklore s\u00f3n l\u2019ess\u00e8ncia de les grans obres universals.<\/p>\n\n\n\n<p>A partir de les 21 h del dissabte 10 d\u2019agost podr\u00e0s fer una visita al castell i despr\u00e9s gaudir del concert al jard\u00ed del castell!<\/p>\n\n\n\n<figure class=\"wp-block-embed is-type-video is-provider-youtube wp-block-embed-youtube wp-embed-aspect-16-9 wp-has-aspect-ratio\"><div class=\"wp-block-embed__wrapper\">\n<iframe loading=\"lazy\" title=\"Calle Sonora | Duo Rubio Franch amb Andrea Peir\u00f3n - Nana-Polo (Manuel de Falla)\" width=\"1200\" height=\"675\" src=\"https:\/\/www.youtube.com\/embed\/crxCXuetkZ4?feature=oembed\" frameborder=\"0\" allow=\"accelerometer; autoplay; clipboard-write; encrypted-media; gyroscope; picture-in-picture; web-share\" referrerpolicy=\"strict-origin-when-cross-origin\" allowfullscreen><\/iframe>\n<\/div><\/figure>\n\n\n\n<p><strong>15. Astrolabi \u2013 El Manuscrit de Vilanova, l\u2019Espluga Calba<\/strong><\/p>\n\n\n\n<p>Aquest concert del diumenge 11 d\u2019agost a l\u2019esgl\u00e9sia la Immaculada Concepci\u00f3 presenta peces redescobertes per Jordi Giron\u00e8s al manuscrit MS. 145 de la Biblioteca Museu V\u00edctor Balaguer de Vilanova i la Geltr\u00fa, que inclou danses en estil franc\u00e8s, itali\u00e0 i espanyol, aix\u00ed com peces catalanes del segle XVIII. Les obres, originals per a guitarra barroca, han estat arranjades per crear un espectacle que celebra el nostre patrimoni cultural.<\/p>\n\n\n\n<figure class=\"wp-block-embed is-type-video is-provider-youtube wp-block-embed-youtube wp-embed-aspect-16-9 wp-has-aspect-ratio\"><div class=\"wp-block-embed__wrapper\">\n<iframe loading=\"lazy\" title=\"Jordi et Guillem Giron\u00e8s | EL MANUSCRIT DE VILANOVA\" width=\"1200\" height=\"675\" src=\"https:\/\/www.youtube.com\/embed\/cngIetPZlk8?feature=oembed\" frameborder=\"0\" allow=\"accelerometer; autoplay; clipboard-write; encrypted-media; gyroscope; picture-in-picture; web-share\" referrerpolicy=\"strict-origin-when-cross-origin\" allowfullscreen><\/iframe>\n<\/div><\/figure>\n\n\n\n<p><strong>16. Elisa Arias &amp; Dani Jan\u00e9 \u2013 Batibull, Bellaguarda<\/strong><\/p>\n\n\n\n<p>El divendres 16 d\u2019agost descobrir\u00e0s a l\u2019esgl\u00e9sia Sant Antoni Abat una proposta musical atrevida, desvergonyida i caracteritzada que combina arranjaments de sonoritat mediterr\u00e0nia, sensibles i energ\u00e8tics. El duet captiva el seu p\u00fablic interpretant un repertori que va des de la m\u00fasica popular i tradicional catalana fins al tango argent\u00ed passant pels boleros i la m\u00fasica popular espanyola. T\u2019hi esperem a partir de les 20 h.&nbsp;<\/p>\n\n\n\n<figure class=\"wp-block-embed is-type-video is-provider-youtube wp-block-embed-youtube wp-embed-aspect-16-9 wp-has-aspect-ratio\"><div class=\"wp-block-embed__wrapper\">\n<iframe loading=\"lazy\" title=\"Cl\u00e0ssics I: La cigu\u0308en\u0303a, Leyenda del tiempo i La Tarara_Elisa Arias i Dani Jan\u00e9\" width=\"1200\" height=\"675\" src=\"https:\/\/www.youtube.com\/embed\/3C_6sHa5DDE?feature=oembed\" frameborder=\"0\" allow=\"accelerometer; autoplay; clipboard-write; encrypted-media; gyroscope; picture-in-picture; web-share\" referrerpolicy=\"strict-origin-when-cross-origin\" allowfullscreen><\/iframe>\n<\/div><\/figure>\n\n\n\n<p><strong>17.&nbsp; Karol Samuelcik \u2013 Seguidilla<\/strong><\/p>\n\n\n\n<p>Guitarrista eslovac nascut el 1991, ha actuat internacionalment, ha col\u00b7laborat amb importants orquestres i ha guanyat diversos premis. Ha gravat tres CD i ha publicat un llibre sobre l\u2019\u00fas del dit petit en la guitarra. Actualment, ensenya a l\u2019Acad\u00e8mia de M\u00fasica i Arts Esc\u00e8niques de Bratislava.<\/p>\n\n\n\n<p>El podr\u00e0s veure a les 20 h del 23 d\u2019agost a l\u2019esgl\u00e9sia Sant Salvador de Torrebesses!<\/p>\n\n\n\n<figure class=\"wp-block-embed is-type-video is-provider-youtube wp-block-embed-youtube wp-embed-aspect-16-9 wp-has-aspect-ratio\"><div class=\"wp-block-embed__wrapper\">\n<iframe loading=\"lazy\" title=\"Karol Samuelcik - classical guitar\" width=\"1200\" height=\"675\" src=\"https:\/\/www.youtube.com\/embed\/ZFqNDw9Ei9Q?feature=oembed\" frameborder=\"0\" allow=\"accelerometer; autoplay; clipboard-write; encrypted-media; gyroscope; picture-in-picture; web-share\" referrerpolicy=\"strict-origin-when-cross-origin\" allowfullscreen><\/iframe>\n<\/div><\/figure>\n\n\n\n<p><strong>18. Pac\u00edfico Sur Tr\u00edo \u2013 Fusi\u00f3 Llatinoamericana, Arbeca<\/strong><\/p>\n\n\n\n<p>Tancarem el festival el 24 d\u2019agost al celler Vinya Vilars d\u2019Arbeca amb ensemble llatinoameric\u00e0 que combina obres originals amb arranjaments tradicionals i populars i est\u00e0ndards de jazz. Fan composicions d\u2019instint explorat\u00f2ries amb toc contemporani i variacions de gran riquesa r\u00edtmica i t\u00edmbrica, que aporten sofisticaci\u00f3 i distinci\u00f3 al so ac\u00fastic del grup.<\/p>\n\n\n\n<p>Podr\u00e0s fer una visita guiada al celler i un tast a les 21 h i despr\u00e9s, gaudir del concert a les 22 h.&nbsp;<\/p>\n\n\n\n<figure class=\"wp-block-embed is-type-video is-provider-youtube wp-block-embed-youtube wp-embed-aspect-16-9 wp-has-aspect-ratio\"><div class=\"wp-block-embed__wrapper\">\n<iframe loading=\"lazy\" title=\"#OFFLLOBET 2024 | PACIFICO SUR TRIO | Footprints, Wayne Shorter #footprints #wayneshorter #charango\" width=\"1200\" height=\"675\" src=\"https:\/\/www.youtube.com\/embed\/PY00UJK_BSw?feature=oembed\" frameborder=\"0\" allow=\"accelerometer; autoplay; clipboard-write; encrypted-media; gyroscope; picture-in-picture; web-share\" referrerpolicy=\"strict-origin-when-cross-origin\" allowfullscreen><\/iframe>\n<\/div><\/figure>\n\n\n\n<p>Celebra l&#8217;estiu amb el Garrigues Guitarfest 2024! Des de concerts intims en esgl\u00e9sies rom\u00e0niques fins a sessions animades en castells, aquest festival promet una experi\u00e8ncia \u00fanica i inoblidable. No et perdis aquesta oportunitat de gaudir de la m\u00fasica enmig del magn\u00edfic entorn de les Garrigues. Et ve de gust un cop d&#8217;ull a la programaci\u00f3? Aleshores no esperis m\u00e9s i fes clic aqu\u00ed per aconseguir les entrades avui mateix!<\/p>\n","protected":false},"excerpt":{"rendered":"<p>Del 6 de juliol fins al 24 d\u2019agost, el Consell Comarcal de les Garrigues organitza la 13a edici\u00f3 del Garrigues Guitarfest 2024, un festival en el qual la guitarra \u00e9s la protagonista indiscutible. Des de l&#8217;inici al Soler\u00e0s fins a la clausura a Arbeca, podr\u00e0s gaudir de 18 concerts \u00fanics en diferents pobles de les &#8230; <a title=\"18 concerts per gaudir del Garrigues Guitarfest 2024 a la comarca\" class=\"read-more\" href=\"https:\/\/www.turismegarrigues.com\/blog\/18-concerts-per-gaudir-del-garrigues-guitarfest-2024-a-la-comarca\/\" aria-label=\"M\u00e9s informaci\u00f3 sobre 18 concerts per gaudir del Garrigues Guitarfest 2024 a la comarca\">Llegiu m\u00e9s<\/a><\/p>\n","protected":false},"author":2,"featured_media":3040,"comment_status":"closed","ping_status":"closed","sticky":false,"template":"","format":"standard","meta":{"footnotes":""},"categories":[1],"tags":[249,115,112,38],"class_list":["post-3039","post","type-post","status-publish","format-standard","has-post-thumbnail","hentry","category-turisme","tag-concert-a-les-garrigues","tag-emili-pujol","tag-garrigues-guitar-festival","tag-les-garrigues"],"yoast_head":"<!-- This site is optimized with the Yoast SEO plugin v24.4 - https:\/\/yoast.com\/wordpress\/plugins\/seo\/ -->\n<title>18 concerts per gaudir del Garrigues Guitarfest 2024 a la comarca - Turisme de les Garrigues<\/title>\n<meta name=\"robots\" content=\"index, follow, max-snippet:-1, max-image-preview:large, max-video-preview:-1\" \/>\n<link rel=\"canonical\" href=\"https:\/\/www.turismegarrigues.com\/blog\/18-concerts-per-gaudir-del-garrigues-guitarfest-2024-a-la-comarca\/\" \/>\n<meta property=\"og:locale\" content=\"ca_ES\" \/>\n<meta property=\"og:type\" content=\"article\" \/>\n<meta property=\"og:title\" content=\"18 concerts per gaudir del Garrigues Guitarfest 2024 a la comarca - Turisme de les Garrigues\" \/>\n<meta property=\"og:description\" content=\"Del 6 de juliol fins al 24 d\u2019agost, el Consell Comarcal de les Garrigues organitza la 13a edici\u00f3 del Garrigues Guitarfest 2024, un festival en el qual la guitarra \u00e9s la protagonista indiscutible. Des de l&#8217;inici al Soler\u00e0s fins a la clausura a Arbeca, podr\u00e0s gaudir de 18 concerts \u00fanics en diferents pobles de les ... Llegiu m\u00e9s\" \/>\n<meta property=\"og:url\" content=\"https:\/\/www.turismegarrigues.com\/blog\/18-concerts-per-gaudir-del-garrigues-guitarfest-2024-a-la-comarca\/\" \/>\n<meta property=\"og:site_name\" content=\"Turisme de les Garrigues\" \/>\n<meta property=\"article:published_time\" content=\"2024-07-05T12:28:46+00:00\" \/>\n<meta property=\"article:modified_time\" content=\"2024-07-05T12:28:48+00:00\" \/>\n<meta property=\"og:image\" content=\"https:\/\/www.turismegarrigues.com\/blog\/wp-content\/uploads\/449690682_841343048047404_1475602883182630478_n.jpg\" \/>\n\t<meta property=\"og:image:width\" content=\"1024\" \/>\n\t<meta property=\"og:image:height\" content=\"576\" \/>\n\t<meta property=\"og:image:type\" content=\"image\/jpeg\" \/>\n<meta name=\"author\" content=\"turismegarrigues\" \/>\n<meta name=\"twitter:card\" content=\"summary_large_image\" \/>\n<meta name=\"twitter:label1\" content=\"Escrit per\" \/>\n\t<meta name=\"twitter:data1\" content=\"turismegarrigues\" \/>\n\t<meta name=\"twitter:label2\" content=\"Temps estimat de lectura\" \/>\n\t<meta name=\"twitter:data2\" content=\"9 minuts\" \/>\n<script type=\"application\/ld+json\" class=\"yoast-schema-graph\">{\"@context\":\"https:\/\/schema.org\",\"@graph\":[{\"@type\":\"WebPage\",\"@id\":\"https:\/\/www.turismegarrigues.com\/blog\/18-concerts-per-gaudir-del-garrigues-guitarfest-2024-a-la-comarca\/\",\"url\":\"https:\/\/www.turismegarrigues.com\/blog\/18-concerts-per-gaudir-del-garrigues-guitarfest-2024-a-la-comarca\/\",\"name\":\"18 concerts per gaudir del Garrigues Guitarfest 2024 a la comarca - Turisme de les Garrigues\",\"isPartOf\":{\"@id\":\"https:\/\/www.turismegarrigues.com\/blog\/#website\"},\"primaryImageOfPage\":{\"@id\":\"https:\/\/www.turismegarrigues.com\/blog\/18-concerts-per-gaudir-del-garrigues-guitarfest-2024-a-la-comarca\/#primaryimage\"},\"image\":{\"@id\":\"https:\/\/www.turismegarrigues.com\/blog\/18-concerts-per-gaudir-del-garrigues-guitarfest-2024-a-la-comarca\/#primaryimage\"},\"thumbnailUrl\":\"https:\/\/www.turismegarrigues.com\/blog\/wp-content\/uploads\/449690682_841343048047404_1475602883182630478_n.jpg\",\"datePublished\":\"2024-07-05T12:28:46+00:00\",\"dateModified\":\"2024-07-05T12:28:48+00:00\",\"author\":{\"@id\":\"https:\/\/www.turismegarrigues.com\/blog\/#\/schema\/person\/7ada9dce6475184bb0c0a652f29c9653\"},\"breadcrumb\":{\"@id\":\"https:\/\/www.turismegarrigues.com\/blog\/18-concerts-per-gaudir-del-garrigues-guitarfest-2024-a-la-comarca\/#breadcrumb\"},\"inLanguage\":\"ca\",\"potentialAction\":[{\"@type\":\"ReadAction\",\"target\":[\"https:\/\/www.turismegarrigues.com\/blog\/18-concerts-per-gaudir-del-garrigues-guitarfest-2024-a-la-comarca\/\"]}]},{\"@type\":\"ImageObject\",\"inLanguage\":\"ca\",\"@id\":\"https:\/\/www.turismegarrigues.com\/blog\/18-concerts-per-gaudir-del-garrigues-guitarfest-2024-a-la-comarca\/#primaryimage\",\"url\":\"https:\/\/www.turismegarrigues.com\/blog\/wp-content\/uploads\/449690682_841343048047404_1475602883182630478_n.jpg\",\"contentUrl\":\"https:\/\/www.turismegarrigues.com\/blog\/wp-content\/uploads\/449690682_841343048047404_1475602883182630478_n.jpg\",\"width\":1024,\"height\":576},{\"@type\":\"BreadcrumbList\",\"@id\":\"https:\/\/www.turismegarrigues.com\/blog\/18-concerts-per-gaudir-del-garrigues-guitarfest-2024-a-la-comarca\/#breadcrumb\",\"itemListElement\":[{\"@type\":\"ListItem\",\"position\":1,\"name\":\"Inici\",\"item\":\"https:\/\/www.turismegarrigues.com\/blog\/\"},{\"@type\":\"ListItem\",\"position\":2,\"name\":\"18 concerts per gaudir del Garrigues Guitarfest 2024 a la comarca\"}]},{\"@type\":\"WebSite\",\"@id\":\"https:\/\/www.turismegarrigues.com\/blog\/#website\",\"url\":\"https:\/\/www.turismegarrigues.com\/blog\/\",\"name\":\"Turisme de les Garrigues\",\"description\":\"Blog\",\"potentialAction\":[{\"@type\":\"SearchAction\",\"target\":{\"@type\":\"EntryPoint\",\"urlTemplate\":\"https:\/\/www.turismegarrigues.com\/blog\/?s={search_term_string}\"},\"query-input\":{\"@type\":\"PropertyValueSpecification\",\"valueRequired\":true,\"valueName\":\"search_term_string\"}}],\"inLanguage\":\"ca\"},{\"@type\":\"Person\",\"@id\":\"https:\/\/www.turismegarrigues.com\/blog\/#\/schema\/person\/7ada9dce6475184bb0c0a652f29c9653\",\"name\":\"turismegarrigues\",\"image\":{\"@type\":\"ImageObject\",\"inLanguage\":\"ca\",\"@id\":\"https:\/\/www.turismegarrigues.com\/blog\/#\/schema\/person\/image\/\",\"url\":\"https:\/\/secure.gravatar.com\/avatar\/2479dec683bf2f700ffae0009a0a72796d18201a99196df0e23b11ae9749e88e?s=96&d=mm&r=g\",\"contentUrl\":\"https:\/\/secure.gravatar.com\/avatar\/2479dec683bf2f700ffae0009a0a72796d18201a99196df0e23b11ae9749e88e?s=96&d=mm&r=g\",\"caption\":\"turismegarrigues\"},\"sameAs\":[\"http:\/\/www.turismegarrigues.com\/\"],\"url\":\"https:\/\/www.turismegarrigues.com\/blog\/author\/turismegarrigues\/\"}]}<\/script>\n<!-- \/ Yoast SEO plugin. -->","yoast_head_json":{"title":"18 concerts per gaudir del Garrigues Guitarfest 2024 a la comarca - Turisme de les Garrigues","robots":{"index":"index","follow":"follow","max-snippet":"max-snippet:-1","max-image-preview":"max-image-preview:large","max-video-preview":"max-video-preview:-1"},"canonical":"https:\/\/www.turismegarrigues.com\/blog\/18-concerts-per-gaudir-del-garrigues-guitarfest-2024-a-la-comarca\/","og_locale":"ca_ES","og_type":"article","og_title":"18 concerts per gaudir del Garrigues Guitarfest 2024 a la comarca - Turisme de les Garrigues","og_description":"Del 6 de juliol fins al 24 d\u2019agost, el Consell Comarcal de les Garrigues organitza la 13a edici\u00f3 del Garrigues Guitarfest 2024, un festival en el qual la guitarra \u00e9s la protagonista indiscutible. Des de l&#8217;inici al Soler\u00e0s fins a la clausura a Arbeca, podr\u00e0s gaudir de 18 concerts \u00fanics en diferents pobles de les ... Llegiu m\u00e9s","og_url":"https:\/\/www.turismegarrigues.com\/blog\/18-concerts-per-gaudir-del-garrigues-guitarfest-2024-a-la-comarca\/","og_site_name":"Turisme de les Garrigues","article_published_time":"2024-07-05T12:28:46+00:00","article_modified_time":"2024-07-05T12:28:48+00:00","og_image":[{"width":1024,"height":576,"url":"https:\/\/www.turismegarrigues.com\/blog\/wp-content\/uploads\/449690682_841343048047404_1475602883182630478_n.jpg","type":"image\/jpeg"}],"author":"turismegarrigues","twitter_card":"summary_large_image","twitter_misc":{"Escrit per":"turismegarrigues","Temps estimat de lectura":"9 minuts"},"schema":{"@context":"https:\/\/schema.org","@graph":[{"@type":"WebPage","@id":"https:\/\/www.turismegarrigues.com\/blog\/18-concerts-per-gaudir-del-garrigues-guitarfest-2024-a-la-comarca\/","url":"https:\/\/www.turismegarrigues.com\/blog\/18-concerts-per-gaudir-del-garrigues-guitarfest-2024-a-la-comarca\/","name":"18 concerts per gaudir del Garrigues Guitarfest 2024 a la comarca - Turisme de les Garrigues","isPartOf":{"@id":"https:\/\/www.turismegarrigues.com\/blog\/#website"},"primaryImageOfPage":{"@id":"https:\/\/www.turismegarrigues.com\/blog\/18-concerts-per-gaudir-del-garrigues-guitarfest-2024-a-la-comarca\/#primaryimage"},"image":{"@id":"https:\/\/www.turismegarrigues.com\/blog\/18-concerts-per-gaudir-del-garrigues-guitarfest-2024-a-la-comarca\/#primaryimage"},"thumbnailUrl":"https:\/\/www.turismegarrigues.com\/blog\/wp-content\/uploads\/449690682_841343048047404_1475602883182630478_n.jpg","datePublished":"2024-07-05T12:28:46+00:00","dateModified":"2024-07-05T12:28:48+00:00","author":{"@id":"https:\/\/www.turismegarrigues.com\/blog\/#\/schema\/person\/7ada9dce6475184bb0c0a652f29c9653"},"breadcrumb":{"@id":"https:\/\/www.turismegarrigues.com\/blog\/18-concerts-per-gaudir-del-garrigues-guitarfest-2024-a-la-comarca\/#breadcrumb"},"inLanguage":"ca","potentialAction":[{"@type":"ReadAction","target":["https:\/\/www.turismegarrigues.com\/blog\/18-concerts-per-gaudir-del-garrigues-guitarfest-2024-a-la-comarca\/"]}]},{"@type":"ImageObject","inLanguage":"ca","@id":"https:\/\/www.turismegarrigues.com\/blog\/18-concerts-per-gaudir-del-garrigues-guitarfest-2024-a-la-comarca\/#primaryimage","url":"https:\/\/www.turismegarrigues.com\/blog\/wp-content\/uploads\/449690682_841343048047404_1475602883182630478_n.jpg","contentUrl":"https:\/\/www.turismegarrigues.com\/blog\/wp-content\/uploads\/449690682_841343048047404_1475602883182630478_n.jpg","width":1024,"height":576},{"@type":"BreadcrumbList","@id":"https:\/\/www.turismegarrigues.com\/blog\/18-concerts-per-gaudir-del-garrigues-guitarfest-2024-a-la-comarca\/#breadcrumb","itemListElement":[{"@type":"ListItem","position":1,"name":"Inici","item":"https:\/\/www.turismegarrigues.com\/blog\/"},{"@type":"ListItem","position":2,"name":"18 concerts per gaudir del Garrigues Guitarfest 2024 a la comarca"}]},{"@type":"WebSite","@id":"https:\/\/www.turismegarrigues.com\/blog\/#website","url":"https:\/\/www.turismegarrigues.com\/blog\/","name":"Turisme de les Garrigues","description":"Blog","potentialAction":[{"@type":"SearchAction","target":{"@type":"EntryPoint","urlTemplate":"https:\/\/www.turismegarrigues.com\/blog\/?s={search_term_string}"},"query-input":{"@type":"PropertyValueSpecification","valueRequired":true,"valueName":"search_term_string"}}],"inLanguage":"ca"},{"@type":"Person","@id":"https:\/\/www.turismegarrigues.com\/blog\/#\/schema\/person\/7ada9dce6475184bb0c0a652f29c9653","name":"turismegarrigues","image":{"@type":"ImageObject","inLanguage":"ca","@id":"https:\/\/www.turismegarrigues.com\/blog\/#\/schema\/person\/image\/","url":"https:\/\/secure.gravatar.com\/avatar\/2479dec683bf2f700ffae0009a0a72796d18201a99196df0e23b11ae9749e88e?s=96&d=mm&r=g","contentUrl":"https:\/\/secure.gravatar.com\/avatar\/2479dec683bf2f700ffae0009a0a72796d18201a99196df0e23b11ae9749e88e?s=96&d=mm&r=g","caption":"turismegarrigues"},"sameAs":["http:\/\/www.turismegarrigues.com\/"],"url":"https:\/\/www.turismegarrigues.com\/blog\/author\/turismegarrigues\/"}]}},"_links":{"self":[{"href":"https:\/\/www.turismegarrigues.com\/blog\/wp-json\/wp\/v2\/posts\/3039","targetHints":{"allow":["GET"]}}],"collection":[{"href":"https:\/\/www.turismegarrigues.com\/blog\/wp-json\/wp\/v2\/posts"}],"about":[{"href":"https:\/\/www.turismegarrigues.com\/blog\/wp-json\/wp\/v2\/types\/post"}],"author":[{"embeddable":true,"href":"https:\/\/www.turismegarrigues.com\/blog\/wp-json\/wp\/v2\/users\/2"}],"replies":[{"embeddable":true,"href":"https:\/\/www.turismegarrigues.com\/blog\/wp-json\/wp\/v2\/comments?post=3039"}],"version-history":[{"count":1,"href":"https:\/\/www.turismegarrigues.com\/blog\/wp-json\/wp\/v2\/posts\/3039\/revisions"}],"predecessor-version":[{"id":3042,"href":"https:\/\/www.turismegarrigues.com\/blog\/wp-json\/wp\/v2\/posts\/3039\/revisions\/3042"}],"wp:featuredmedia":[{"embeddable":true,"href":"https:\/\/www.turismegarrigues.com\/blog\/wp-json\/wp\/v2\/media\/3040"}],"wp:attachment":[{"href":"https:\/\/www.turismegarrigues.com\/blog\/wp-json\/wp\/v2\/media?parent=3039"}],"wp:term":[{"taxonomy":"category","embeddable":true,"href":"https:\/\/www.turismegarrigues.com\/blog\/wp-json\/wp\/v2\/categories?post=3039"},{"taxonomy":"post_tag","embeddable":true,"href":"https:\/\/www.turismegarrigues.com\/blog\/wp-json\/wp\/v2\/tags?post=3039"}],"curies":[{"name":"wp","href":"https:\/\/api.w.org\/{rel}","templated":true}]}}