{"id":3121,"date":"2025-01-10T13:18:22","date_gmt":"2025-01-10T12:18:22","guid":{"rendered":"https:\/\/www.turismegarrigues.com\/blog\/?p=3121"},"modified":"2025-01-10T13:18:24","modified_gmt":"2025-01-10T12:18:24","slug":"les-7-activitats-mes-destacades-de-la-fira-de-loli-de-les-borges-blanques-2025","status":"publish","type":"post","link":"https:\/\/www.turismegarrigues.com\/blog\/les-7-activitats-mes-destacades-de-la-fira-de-loli-de-les-borges-blanques-2025\/","title":{"rendered":"Les 7 activitats m\u00e9s destacades de la Fira de l&#8217;Oli de les Borges Blanques 2025"},"content":{"rendered":"\n<p>La <strong>Fira de l&#8217;Oli de les Borges Blanques 2025<\/strong> arriba del 17 al 19 de gener carregada d&#8217;activitats, propostes gastron\u00f2miques i experi\u00e8ncies culturals que celebren l&#8217;ess\u00e8ncia de l&#8217;<strong>Oli Verge Extra de les Garrigues<\/strong>. Aqu\u00ed tens un resum de les activitats m\u00e9s destacades perqu\u00e8 no et perdis res!<\/p>\n\n\n\n<h4 class=\"wp-block-heading\"><strong>1. Espai gastron\u00f2mic: xou cooking i tastets d&#8217;alt nivell<\/strong><\/h4>\n\n\n\n<p>Una de les atraccions principals ser\u00e0 al <strong>Pavell\u00f3 de l\u2019Ol<\/strong>i, on destacats xefs com Jordi Vil\u00e0 (Alkimia, 1 estrella Michelin), Pau Castell (Les Moles, 1 estrella Michelin i 1 estrella verda) oferiran xoucookings inoblidables, aix\u00ed com tamb\u00e9 els germans Torres, xefs dels restaurant Cocina Hermanos Torres (3 estrelles Michelin).<\/p>\n\n\n\n<figure class=\"wp-block-image size-full\"><img loading=\"lazy\" decoding=\"async\" width=\"960\" height=\"540\" src=\"https:\/\/www.turismegarrigues.com\/blog\/wp-content\/uploads\/2024012207461931841.jpg\" alt=\"\" class=\"wp-image-3122\" srcset=\"https:\/\/www.turismegarrigues.com\/blog\/wp-content\/uploads\/2024012207461931841.jpg 960w, https:\/\/www.turismegarrigues.com\/blog\/wp-content\/uploads\/2024012207461931841-300x169.jpg 300w, https:\/\/www.turismegarrigues.com\/blog\/wp-content\/uploads\/2024012207461931841-768x432.jpg 768w\" sizes=\"auto, (max-width: 960px) 100vw, 960px\" \/><\/figure>\n\n\n\n<h4 class=\"wp-block-heading\"><strong>2. Tast d&#8217;olis verge extra i maridatges<\/strong><\/h4>\n\n\n\n<p>L\u2019<strong>Espai Oleoteca<\/strong> ser\u00e0 el lloc ideal per gaudir de <strong>tastos guiats d\u2019OOVE <\/strong>(Oli d\u2019Oliva Verge Extra) en sessions tem\u00e0tiques com:<\/p>\n\n\n\n<ul class=\"wp-block-list\">\n<li><strong>&#8220;Jo nom\u00e9s compro oli bo&#8221;<\/strong> o <strong>&#8220;Paladar d&#8217;or l\u00edquid&#8221;<\/strong>. Tamb\u00e9 podr\u00e0s combinar els olis amb productes de proximitat com formatges artesans o vins DO Costers del Segre.<\/li>\n<\/ul>\n\n\n\n<figure class=\"wp-block-image size-large\"><img loading=\"lazy\" decoding=\"async\" width=\"1024\" height=\"683\" src=\"https:\/\/www.turismegarrigues.com\/blog\/wp-content\/uploads\/Captura-de-pantalla-2020-01-13-a-las-18.42.11-1024x683.png\" alt=\"\" class=\"wp-image-1964\" srcset=\"https:\/\/www.turismegarrigues.com\/blog\/wp-content\/uploads\/Captura-de-pantalla-2020-01-13-a-las-18.42.11.png 1024w, https:\/\/www.turismegarrigues.com\/blog\/wp-content\/uploads\/Captura-de-pantalla-2020-01-13-a-las-18.42.11-300x200.png 300w, https:\/\/www.turismegarrigues.com\/blog\/wp-content\/uploads\/Captura-de-pantalla-2020-01-13-a-las-18.42.11-768x512.png 768w\" sizes=\"auto, (max-width: 1024px) 100vw, 1024px\" \/><\/figure>\n\n\n\n<h4 class=\"wp-block-heading\"><strong>3. Activitats infantils i familiars<\/strong><\/h4>\n\n\n\n<p>La Fira tamb\u00e9 pensa en els m\u00e9s petits i les fam\u00edlies amb activitats com:<\/p>\n\n\n\n<ul class=\"wp-block-list\">\n<li><strong>Tallers de pintura amb oli d\u2019oliva verge extra i vi sense alcohol<\/strong>, organitzats per Tinta i Vi &#8211; Estudi d&#8217;Art.<\/li>\n\n\n\n<li><strong>Taller de bastonets de pa amb olives i oli d\u2019oliva verge extra<\/strong>, on els infants podran aprendre a preparar aperitius saludables.<\/li>\n<\/ul>\n\n\n\n<h4 class=\"wp-block-heading\"><strong>4. Cultura i tradici\u00f3<\/strong><\/h4>\n\n\n\n<p>La Fira ofereix una combinaci\u00f3 \u00fanica de tradici\u00f3 i cultura local. Entre els esdeveniments m\u00e9s destacats:<\/p>\n\n\n\n<ul class=\"wp-block-list\">\n<li>La <strong>Cantada de &#8220;L&#8217;Oliver de les Garrigues&#8221;<\/strong>, l\u2019himne de la comarca.<\/li>\n\n\n\n<li><strong>Jornada t\u00e8cnica sobre resili\u00e8ncia agr\u00edcola<\/strong> davant del canvi clim\u00e0tic, adre\u00e7ada al sector professional.<\/li>\n\n\n\n<li>Exposicions com la de pintura d\u2019Elena Clivill\u00e9.<\/li>\n\n\n\n<li>El tradicional<strong> Tres Tombs <\/strong>amb animals i carroses<\/li>\n<\/ul>\n\n\n\n<figure class=\"wp-block-image size-large\"><img loading=\"lazy\" decoding=\"async\" width=\"1024\" height=\"700\" src=\"https:\/\/www.turismegarrigues.com\/blog\/wp-content\/uploads\/Captura-de-pantalla-2020-01-13-a-las-18.42.28-1024x700.png\" alt=\"\" class=\"wp-image-1958\" srcset=\"https:\/\/www.turismegarrigues.com\/blog\/wp-content\/uploads\/Captura-de-pantalla-2020-01-13-a-las-18.42.28.png 1024w, https:\/\/www.turismegarrigues.com\/blog\/wp-content\/uploads\/Captura-de-pantalla-2020-01-13-a-las-18.42.28-300x205.png 300w, https:\/\/www.turismegarrigues.com\/blog\/wp-content\/uploads\/Captura-de-pantalla-2020-01-13-a-las-18.42.28-768x525.png 768w\" sizes=\"auto, (max-width: 1024px) 100vw, 1024px\" \/><\/figure>\n\n\n\n<h4 class=\"wp-block-heading\"><strong>5. M\u00fasica i espectacles<\/strong><\/h4>\n\n\n\n<p>Cada nit, l\u2019Espai Envelat vibrar\u00e0 amb concerts i espectacles en directe. Entre els caps de cartell destaca el <strong>10\u00e8 Concert de l&#8217;Oli<\/strong>, amb actuacions de grups com <strong>Hotel Cochambre<\/strong>.<\/p>\n\n\n\n<h4 class=\"wp-block-heading\"><strong>6. Experi\u00e8ncies oleotur\u00edstiques<\/strong><\/h4>\n\n\n\n<p>Per als amants de la natura i la hist\u00f2ria, l&#8217;activitat <strong>Oli Experi\u00e8ncia<\/strong> ofereix una visita guiada entre camps d&#8217;oliveres i construccions de pedra seca, amb intervencions teatrals i tast d&#8217;esmorzars t\u00edpics garriguencs.<\/p>\n\n\n\n<h4 class=\"wp-block-heading\"><strong>7. Espai comercial i oleoteca<\/strong><\/h4>\n\n\n\n<p>Descobreix les novetats dels millors productors d&#8217;oli i productes gourmet al Pavell\u00f3 Comercial i a l&#8217;Espai Oleoteca. Podr\u00e0s adquirir productes \u00fanics i con\u00e8ixer els guanyadors del concurs oficial dels millors OOVE de la Fira.<\/p>\n\n\n\n<h3 class=\"wp-block-heading\"><strong>Planifica la teva visita!<\/strong><\/h3>\n\n\n\n<p>Amb un programa tan ric en activitats, \u00e9s impossible no gaudir d\u2019aquesta edici\u00f3 de la Fira de l\u2019Oli. Consulta els horaris <a href=\"https:\/\/firaoli.cat\/programa\/\">aqu\u00ed<\/a> i organitza\u2019t per aprofitar al m\u00e0xim tot el que aquesta gran festa de l&#8217;oli i la cultura ofereix.<\/p>\n\n\n\n<p>No deixis passar aquesta oportunitat per endinsar-te en la tradici\u00f3, la gastronomia i el patrimoni de<strong> les Garrigues<\/strong>. Ens veiem a les Borges Blanques!<\/p>\n","protected":false},"excerpt":{"rendered":"<p>La Fira de l&#8217;Oli de les Borges Blanques 2025 arriba del 17 al 19 de gener carregada d&#8217;activitats, propostes gastron\u00f2miques i experi\u00e8ncies culturals que celebren l&#8217;ess\u00e8ncia de l&#8217;Oli Verge Extra de les Garrigues. Aqu\u00ed tens un resum de les activitats m\u00e9s destacades perqu\u00e8 no et perdis res! 1. Espai gastron\u00f2mic: xou cooking i tastets d&#8217;alt &#8230; <a title=\"Les 7 activitats m\u00e9s destacades de la Fira de l&#8217;Oli de les Borges Blanques 2025\" class=\"read-more\" href=\"https:\/\/www.turismegarrigues.com\/blog\/les-7-activitats-mes-destacades-de-la-fira-de-loli-de-les-borges-blanques-2025\/\" aria-label=\"M\u00e9s informaci\u00f3 sobre Les 7 activitats m\u00e9s destacades de la Fira de l&#8217;Oli de les Borges Blanques 2025\">Llegiu m\u00e9s<\/a><\/p>\n","protected":false},"author":2,"featured_media":3124,"comment_status":"closed","ping_status":"closed","sticky":false,"template":"","format":"standard","meta":{"footnotes":""},"categories":[1],"tags":[276,59,38],"class_list":["post-3121","post","type-post","status-publish","format-standard","has-post-thumbnail","hentry","category-turisme","tag-fira-oli-borges-2025","tag-les-borges-blanques","tag-les-garrigues"],"yoast_head":"<!-- This site is optimized with the Yoast SEO plugin v24.4 - https:\/\/yoast.com\/wordpress\/plugins\/seo\/ -->\n<title>Les 7 activitats m\u00e9s destacades de la Fira de l&#039;Oli de les Borges Blanques 2025 - Turisme de les Garrigues<\/title>\n<meta name=\"robots\" content=\"index, follow, max-snippet:-1, max-image-preview:large, max-video-preview:-1\" \/>\n<link rel=\"canonical\" href=\"https:\/\/www.turismegarrigues.com\/blog\/les-7-activitats-mes-destacades-de-la-fira-de-loli-de-les-borges-blanques-2025\/\" \/>\n<meta property=\"og:locale\" content=\"ca_ES\" \/>\n<meta property=\"og:type\" content=\"article\" \/>\n<meta property=\"og:title\" content=\"Les 7 activitats m\u00e9s destacades de la Fira de l&#039;Oli de les Borges Blanques 2025 - Turisme de les Garrigues\" \/>\n<meta property=\"og:description\" content=\"La Fira de l&#8217;Oli de les Borges Blanques 2025 arriba del 17 al 19 de gener carregada d&#8217;activitats, propostes gastron\u00f2miques i experi\u00e8ncies culturals que celebren l&#8217;ess\u00e8ncia de l&#8217;Oli Verge Extra de les Garrigues. Aqu\u00ed tens un resum de les activitats m\u00e9s destacades perqu\u00e8 no et perdis res! 1. Espai gastron\u00f2mic: xou cooking i tastets d&#8217;alt ... Llegiu m\u00e9s\" \/>\n<meta property=\"og:url\" content=\"https:\/\/www.turismegarrigues.com\/blog\/les-7-activitats-mes-destacades-de-la-fira-de-loli-de-les-borges-blanques-2025\/\" \/>\n<meta property=\"og:site_name\" content=\"Turisme de les Garrigues\" \/>\n<meta property=\"article:published_time\" content=\"2025-01-10T12:18:22+00:00\" \/>\n<meta property=\"article:modified_time\" content=\"2025-01-10T12:18:24+00:00\" \/>\n<meta property=\"og:image\" content=\"https:\/\/www.turismegarrigues.com\/blog\/wp-content\/uploads\/feria-de-oli-2025.png\" \/>\n\t<meta property=\"og:image:width\" content=\"661\" \/>\n\t<meta property=\"og:image:height\" content=\"378\" \/>\n\t<meta property=\"og:image:type\" content=\"image\/png\" \/>\n<meta name=\"author\" content=\"turismegarrigues\" \/>\n<meta name=\"twitter:card\" content=\"summary_large_image\" \/>\n<meta name=\"twitter:label1\" content=\"Escrit per\" \/>\n\t<meta name=\"twitter:data1\" content=\"turismegarrigues\" \/>\n\t<meta name=\"twitter:label2\" content=\"Temps estimat de lectura\" \/>\n\t<meta name=\"twitter:data2\" content=\"4 minuts\" \/>\n<script type=\"application\/ld+json\" class=\"yoast-schema-graph\">{\"@context\":\"https:\/\/schema.org\",\"@graph\":[{\"@type\":\"WebPage\",\"@id\":\"https:\/\/www.turismegarrigues.com\/blog\/les-7-activitats-mes-destacades-de-la-fira-de-loli-de-les-borges-blanques-2025\/\",\"url\":\"https:\/\/www.turismegarrigues.com\/blog\/les-7-activitats-mes-destacades-de-la-fira-de-loli-de-les-borges-blanques-2025\/\",\"name\":\"Les 7 activitats m\u00e9s destacades de la Fira de l'Oli de les Borges Blanques 2025 - Turisme de les Garrigues\",\"isPartOf\":{\"@id\":\"https:\/\/www.turismegarrigues.com\/blog\/#website\"},\"primaryImageOfPage\":{\"@id\":\"https:\/\/www.turismegarrigues.com\/blog\/les-7-activitats-mes-destacades-de-la-fira-de-loli-de-les-borges-blanques-2025\/#primaryimage\"},\"image\":{\"@id\":\"https:\/\/www.turismegarrigues.com\/blog\/les-7-activitats-mes-destacades-de-la-fira-de-loli-de-les-borges-blanques-2025\/#primaryimage\"},\"thumbnailUrl\":\"https:\/\/www.turismegarrigues.com\/blog\/wp-content\/uploads\/feria-de-oli-2025.png\",\"datePublished\":\"2025-01-10T12:18:22+00:00\",\"dateModified\":\"2025-01-10T12:18:24+00:00\",\"author\":{\"@id\":\"https:\/\/www.turismegarrigues.com\/blog\/#\/schema\/person\/7ada9dce6475184bb0c0a652f29c9653\"},\"breadcrumb\":{\"@id\":\"https:\/\/www.turismegarrigues.com\/blog\/les-7-activitats-mes-destacades-de-la-fira-de-loli-de-les-borges-blanques-2025\/#breadcrumb\"},\"inLanguage\":\"ca\",\"potentialAction\":[{\"@type\":\"ReadAction\",\"target\":[\"https:\/\/www.turismegarrigues.com\/blog\/les-7-activitats-mes-destacades-de-la-fira-de-loli-de-les-borges-blanques-2025\/\"]}]},{\"@type\":\"ImageObject\",\"inLanguage\":\"ca\",\"@id\":\"https:\/\/www.turismegarrigues.com\/blog\/les-7-activitats-mes-destacades-de-la-fira-de-loli-de-les-borges-blanques-2025\/#primaryimage\",\"url\":\"https:\/\/www.turismegarrigues.com\/blog\/wp-content\/uploads\/feria-de-oli-2025.png\",\"contentUrl\":\"https:\/\/www.turismegarrigues.com\/blog\/wp-content\/uploads\/feria-de-oli-2025.png\",\"width\":661,\"height\":378},{\"@type\":\"BreadcrumbList\",\"@id\":\"https:\/\/www.turismegarrigues.com\/blog\/les-7-activitats-mes-destacades-de-la-fira-de-loli-de-les-borges-blanques-2025\/#breadcrumb\",\"itemListElement\":[{\"@type\":\"ListItem\",\"position\":1,\"name\":\"Inici\",\"item\":\"https:\/\/www.turismegarrigues.com\/blog\/\"},{\"@type\":\"ListItem\",\"position\":2,\"name\":\"Les 7 activitats m\u00e9s destacades de la Fira de l&#8217;Oli de les Borges Blanques 2025\"}]},{\"@type\":\"WebSite\",\"@id\":\"https:\/\/www.turismegarrigues.com\/blog\/#website\",\"url\":\"https:\/\/www.turismegarrigues.com\/blog\/\",\"name\":\"Turisme de les Garrigues\",\"description\":\"Blog\",\"potentialAction\":[{\"@type\":\"SearchAction\",\"target\":{\"@type\":\"EntryPoint\",\"urlTemplate\":\"https:\/\/www.turismegarrigues.com\/blog\/?s={search_term_string}\"},\"query-input\":{\"@type\":\"PropertyValueSpecification\",\"valueRequired\":true,\"valueName\":\"search_term_string\"}}],\"inLanguage\":\"ca\"},{\"@type\":\"Person\",\"@id\":\"https:\/\/www.turismegarrigues.com\/blog\/#\/schema\/person\/7ada9dce6475184bb0c0a652f29c9653\",\"name\":\"turismegarrigues\",\"image\":{\"@type\":\"ImageObject\",\"inLanguage\":\"ca\",\"@id\":\"https:\/\/www.turismegarrigues.com\/blog\/#\/schema\/person\/image\/\",\"url\":\"https:\/\/secure.gravatar.com\/avatar\/2479dec683bf2f700ffae0009a0a72796d18201a99196df0e23b11ae9749e88e?s=96&d=mm&r=g\",\"contentUrl\":\"https:\/\/secure.gravatar.com\/avatar\/2479dec683bf2f700ffae0009a0a72796d18201a99196df0e23b11ae9749e88e?s=96&d=mm&r=g\",\"caption\":\"turismegarrigues\"},\"sameAs\":[\"http:\/\/www.turismegarrigues.com\/\"],\"url\":\"https:\/\/www.turismegarrigues.com\/blog\/author\/turismegarrigues\/\"}]}<\/script>\n<!-- \/ Yoast SEO plugin. -->","yoast_head_json":{"title":"Les 7 activitats m\u00e9s destacades de la Fira de l'Oli de les Borges Blanques 2025 - Turisme de les Garrigues","robots":{"index":"index","follow":"follow","max-snippet":"max-snippet:-1","max-image-preview":"max-image-preview:large","max-video-preview":"max-video-preview:-1"},"canonical":"https:\/\/www.turismegarrigues.com\/blog\/les-7-activitats-mes-destacades-de-la-fira-de-loli-de-les-borges-blanques-2025\/","og_locale":"ca_ES","og_type":"article","og_title":"Les 7 activitats m\u00e9s destacades de la Fira de l'Oli de les Borges Blanques 2025 - Turisme de les Garrigues","og_description":"La Fira de l&#8217;Oli de les Borges Blanques 2025 arriba del 17 al 19 de gener carregada d&#8217;activitats, propostes gastron\u00f2miques i experi\u00e8ncies culturals que celebren l&#8217;ess\u00e8ncia de l&#8217;Oli Verge Extra de les Garrigues. Aqu\u00ed tens un resum de les activitats m\u00e9s destacades perqu\u00e8 no et perdis res! 1. Espai gastron\u00f2mic: xou cooking i tastets d&#8217;alt ... Llegiu m\u00e9s","og_url":"https:\/\/www.turismegarrigues.com\/blog\/les-7-activitats-mes-destacades-de-la-fira-de-loli-de-les-borges-blanques-2025\/","og_site_name":"Turisme de les Garrigues","article_published_time":"2025-01-10T12:18:22+00:00","article_modified_time":"2025-01-10T12:18:24+00:00","og_image":[{"width":661,"height":378,"url":"https:\/\/www.turismegarrigues.com\/blog\/wp-content\/uploads\/feria-de-oli-2025.png","type":"image\/png"}],"author":"turismegarrigues","twitter_card":"summary_large_image","twitter_misc":{"Escrit per":"turismegarrigues","Temps estimat de lectura":"4 minuts"},"schema":{"@context":"https:\/\/schema.org","@graph":[{"@type":"WebPage","@id":"https:\/\/www.turismegarrigues.com\/blog\/les-7-activitats-mes-destacades-de-la-fira-de-loli-de-les-borges-blanques-2025\/","url":"https:\/\/www.turismegarrigues.com\/blog\/les-7-activitats-mes-destacades-de-la-fira-de-loli-de-les-borges-blanques-2025\/","name":"Les 7 activitats m\u00e9s destacades de la Fira de l'Oli de les Borges Blanques 2025 - Turisme de les Garrigues","isPartOf":{"@id":"https:\/\/www.turismegarrigues.com\/blog\/#website"},"primaryImageOfPage":{"@id":"https:\/\/www.turismegarrigues.com\/blog\/les-7-activitats-mes-destacades-de-la-fira-de-loli-de-les-borges-blanques-2025\/#primaryimage"},"image":{"@id":"https:\/\/www.turismegarrigues.com\/blog\/les-7-activitats-mes-destacades-de-la-fira-de-loli-de-les-borges-blanques-2025\/#primaryimage"},"thumbnailUrl":"https:\/\/www.turismegarrigues.com\/blog\/wp-content\/uploads\/feria-de-oli-2025.png","datePublished":"2025-01-10T12:18:22+00:00","dateModified":"2025-01-10T12:18:24+00:00","author":{"@id":"https:\/\/www.turismegarrigues.com\/blog\/#\/schema\/person\/7ada9dce6475184bb0c0a652f29c9653"},"breadcrumb":{"@id":"https:\/\/www.turismegarrigues.com\/blog\/les-7-activitats-mes-destacades-de-la-fira-de-loli-de-les-borges-blanques-2025\/#breadcrumb"},"inLanguage":"ca","potentialAction":[{"@type":"ReadAction","target":["https:\/\/www.turismegarrigues.com\/blog\/les-7-activitats-mes-destacades-de-la-fira-de-loli-de-les-borges-blanques-2025\/"]}]},{"@type":"ImageObject","inLanguage":"ca","@id":"https:\/\/www.turismegarrigues.com\/blog\/les-7-activitats-mes-destacades-de-la-fira-de-loli-de-les-borges-blanques-2025\/#primaryimage","url":"https:\/\/www.turismegarrigues.com\/blog\/wp-content\/uploads\/feria-de-oli-2025.png","contentUrl":"https:\/\/www.turismegarrigues.com\/blog\/wp-content\/uploads\/feria-de-oli-2025.png","width":661,"height":378},{"@type":"BreadcrumbList","@id":"https:\/\/www.turismegarrigues.com\/blog\/les-7-activitats-mes-destacades-de-la-fira-de-loli-de-les-borges-blanques-2025\/#breadcrumb","itemListElement":[{"@type":"ListItem","position":1,"name":"Inici","item":"https:\/\/www.turismegarrigues.com\/blog\/"},{"@type":"ListItem","position":2,"name":"Les 7 activitats m\u00e9s destacades de la Fira de l&#8217;Oli de les Borges Blanques 2025"}]},{"@type":"WebSite","@id":"https:\/\/www.turismegarrigues.com\/blog\/#website","url":"https:\/\/www.turismegarrigues.com\/blog\/","name":"Turisme de les Garrigues","description":"Blog","potentialAction":[{"@type":"SearchAction","target":{"@type":"EntryPoint","urlTemplate":"https:\/\/www.turismegarrigues.com\/blog\/?s={search_term_string}"},"query-input":{"@type":"PropertyValueSpecification","valueRequired":true,"valueName":"search_term_string"}}],"inLanguage":"ca"},{"@type":"Person","@id":"https:\/\/www.turismegarrigues.com\/blog\/#\/schema\/person\/7ada9dce6475184bb0c0a652f29c9653","name":"turismegarrigues","image":{"@type":"ImageObject","inLanguage":"ca","@id":"https:\/\/www.turismegarrigues.com\/blog\/#\/schema\/person\/image\/","url":"https:\/\/secure.gravatar.com\/avatar\/2479dec683bf2f700ffae0009a0a72796d18201a99196df0e23b11ae9749e88e?s=96&d=mm&r=g","contentUrl":"https:\/\/secure.gravatar.com\/avatar\/2479dec683bf2f700ffae0009a0a72796d18201a99196df0e23b11ae9749e88e?s=96&d=mm&r=g","caption":"turismegarrigues"},"sameAs":["http:\/\/www.turismegarrigues.com\/"],"url":"https:\/\/www.turismegarrigues.com\/blog\/author\/turismegarrigues\/"}]}},"_links":{"self":[{"href":"https:\/\/www.turismegarrigues.com\/blog\/wp-json\/wp\/v2\/posts\/3121","targetHints":{"allow":["GET"]}}],"collection":[{"href":"https:\/\/www.turismegarrigues.com\/blog\/wp-json\/wp\/v2\/posts"}],"about":[{"href":"https:\/\/www.turismegarrigues.com\/blog\/wp-json\/wp\/v2\/types\/post"}],"author":[{"embeddable":true,"href":"https:\/\/www.turismegarrigues.com\/blog\/wp-json\/wp\/v2\/users\/2"}],"replies":[{"embeddable":true,"href":"https:\/\/www.turismegarrigues.com\/blog\/wp-json\/wp\/v2\/comments?post=3121"}],"version-history":[{"count":1,"href":"https:\/\/www.turismegarrigues.com\/blog\/wp-json\/wp\/v2\/posts\/3121\/revisions"}],"predecessor-version":[{"id":3126,"href":"https:\/\/www.turismegarrigues.com\/blog\/wp-json\/wp\/v2\/posts\/3121\/revisions\/3126"}],"wp:featuredmedia":[{"embeddable":true,"href":"https:\/\/www.turismegarrigues.com\/blog\/wp-json\/wp\/v2\/media\/3124"}],"wp:attachment":[{"href":"https:\/\/www.turismegarrigues.com\/blog\/wp-json\/wp\/v2\/media?parent=3121"}],"wp:term":[{"taxonomy":"category","embeddable":true,"href":"https:\/\/www.turismegarrigues.com\/blog\/wp-json\/wp\/v2\/categories?post=3121"},{"taxonomy":"post_tag","embeddable":true,"href":"https:\/\/www.turismegarrigues.com\/blog\/wp-json\/wp\/v2\/tags?post=3121"}],"curies":[{"name":"wp","href":"https:\/\/api.w.org\/{rel}","templated":true}]}}