{"id":3128,"date":"2025-01-29T10:38:47","date_gmt":"2025-01-29T09:38:47","guid":{"rendered":"https:\/\/www.turismegarrigues.com\/blog\/?p=3128"},"modified":"2025-01-29T10:38:49","modified_gmt":"2025-01-29T09:38:49","slug":"el-sometent-un-esmorzar-popular-de-lespluga-calba-tradicio-historia-i-sabor-a-la-festa-major-dhivern","status":"publish","type":"post","link":"https:\/\/www.turismegarrigues.com\/blog\/el-sometent-un-esmorzar-popular-de-lespluga-calba-tradicio-historia-i-sabor-a-la-festa-major-dhivern\/","title":{"rendered":"El sometent, un esmorzar popular de l&#8217;Espluga Calba: tradici\u00f3, hist\u00f2ria i sabor a la Festa Major d\u2019hivern"},"content":{"rendered":"\n<p>Quan parlem de gastronomia tradicional a <strong>les Garrigues<\/strong>, pensem en l\u2019oli d\u2019oliva verge extra, en la cuina de proximitat i en plats amb molta hist\u00f2ria. Un d\u2019aquests plats \u00fanics \u00e9s el <em>sometent<\/em>, una recepta que nom\u00e9s es troba a l\u2019<strong>Espluga Calba<\/strong> i que forma part de la seva tradici\u00f3 de la Festa Major d\u2019hivern.<\/p>\n\n\n\n<h2 class=\"wp-block-heading\"><strong>Qu\u00e8 \u00e9s el sometent?<\/strong><\/h2>\n\n\n\n<p>El <em>sometent<\/em> \u00e9s un plat senzill, per\u00f2 intens en sabor, on l\u2019arengada salada \u00e9s la protagonista. Els ingredients s\u00f3n:<\/p>\n\n\n\n<p>&#x1f9c4; All fregit amb oli d\u2019arbequina<br>&#x1f41f; Arengada salada<br>&#x1f33f; Julivert<br>&#x1f33e; Farina<br>&#x1f336;&#xfe0f; Bitxo picant<br>&#x1f4a6; Aigua<\/p>\n\n\n\n<p>La clau d\u2019aquest plat \u00e9s la seva cocci\u00f3, que transforma aquests elements en un brou esp\u00e8s i picant. Tradicionalment, es menja sucant-hi pa sec, un clar exemple de cuina d\u2019aprofitament que antigament es preparava al camp durant els mesos freds d\u2019hivern. L\u2019arengada, un aliment econ\u00f2mic i f\u00e0cil de conservar, combinada amb el picant del bitxo, ajudava els pagesos a suportar les baixes temperatures mentre treballaven al tros.<\/p>\n\n\n\n<figure class=\"wp-block-image size-full\"><img loading=\"lazy\" decoding=\"async\" width=\"1024\" height=\"653\" src=\"https:\/\/www.turismegarrigues.com\/blog\/wp-content\/uploads\/IMG_6672.jpeg\" alt=\"\" class=\"wp-image-3129\" srcset=\"https:\/\/www.turismegarrigues.com\/blog\/wp-content\/uploads\/IMG_6672.jpeg 1024w, https:\/\/www.turismegarrigues.com\/blog\/wp-content\/uploads\/IMG_6672-300x191.jpeg 300w, https:\/\/www.turismegarrigues.com\/blog\/wp-content\/uploads\/IMG_6672-768x490.jpeg 768w\" sizes=\"auto, (max-width: 1024px) 100vw, 1024px\" \/><\/figure>\n\n\n\n<h2 class=\"wp-block-heading\"><strong>Un plat amb nom de mil\u00edcia popular<\/strong><\/h2>\n\n\n\n<p>El nom <em>sometent<\/em> prov\u00e9 d\u2019un antic sistema de mil\u00edcies populars a Catalunya, grups d\u2019autodefensa formats per ve\u00efns per protegir els pobles. \u00c9s un nom singular, ja que en altres localitats de les Garrigues es troben receptes similars sota denominacions diferents, com <em>arengada amb suc<\/em> o <em>arengada al xipoll<\/em>.<\/p>\n\n\n\n<h2 class=\"wp-block-heading\"><strong>La Festa del Sometent a l\u2019Espluga Calba<\/strong><\/h2>\n\n\n\n<p>Aquesta tradici\u00f3 no nom\u00e9s es mant\u00e9 viva, sin\u00f3 que cada any es celebra dins la <em>Festa Major d\u2019Hivern<\/em> de l\u2019Espluga Calba, el primer cap de setmana de febrer. Durant aquesta jornada, diversos grups d\u2019aficionats preparen les seves versions del plat i els visitants poden tastar-les en una mostra gastron\u00f2mica \u00fanica. Un esdeveniment que fusiona hist\u00f2ria, cultura i sabor, fent d\u2019aquest petit poble garriguenc una parada imprescindible per als amants de la cuina tradicional catalana.<\/p>\n\n\n\n<p>No t\u2019ho perdis! La propera Festa Major d\u2019Hivern se celebrar\u00e0 els dies <strong>31 de gener, 1 i 2 de febrer de 2025<\/strong>. Si vols viure una experi\u00e8ncia aut\u00e8ntica i degustar el <em>sometent<\/em>, vine a l\u2019Espluga Calba el dissabte 1 de febrer i submergeix-te en aquesta festa tan especial.Aqu\u00ed <a href=\"https:\/\/www.instagram.com\/p\/DFVVJh5pt6b\/?img_index=1\">trobar\u00e0s tot el programa<\/a>.<\/p>\n","protected":false},"excerpt":{"rendered":"<p>Quan parlem de gastronomia tradicional a les Garrigues, pensem en l\u2019oli d\u2019oliva verge extra, en la cuina de proximitat i en plats amb molta hist\u00f2ria. Un d\u2019aquests plats \u00fanics \u00e9s el sometent, una recepta que nom\u00e9s es troba a l\u2019Espluga Calba i que forma part de la seva tradici\u00f3 de la Festa Major d\u2019hivern. Qu\u00e8 &#8230; <a title=\"El sometent, un esmorzar popular de l&#8217;Espluga Calba: tradici\u00f3, hist\u00f2ria i sabor a la Festa Major d\u2019hivern\" class=\"read-more\" href=\"https:\/\/www.turismegarrigues.com\/blog\/el-sometent-un-esmorzar-popular-de-lespluga-calba-tradicio-historia-i-sabor-a-la-festa-major-dhivern\/\" aria-label=\"M\u00e9s informaci\u00f3 sobre El sometent, un esmorzar popular de l&#8217;Espluga Calba: tradici\u00f3, hist\u00f2ria i sabor a la Festa Major d\u2019hivern\">Llegiu m\u00e9s<\/a><\/p>\n","protected":false},"author":2,"featured_media":3131,"comment_status":"closed","ping_status":"closed","sticky":false,"template":"","format":"standard","meta":{"footnotes":""},"categories":[1],"tags":[278,279,280,38,277],"class_list":["post-3128","post","type-post","status-publish","format-standard","has-post-thumbnail","hentry","category-turisme","tag-esmorzar-popular","tag-espluga-calba","tag-festa-major-hivern","tag-les-garrigues","tag-sometent"],"yoast_head":"<!-- This site is optimized with the Yoast SEO plugin v24.4 - https:\/\/yoast.com\/wordpress\/plugins\/seo\/ -->\n<title>El sometent, un esmorzar popular de l&#039;Espluga Calba: tradici\u00f3, hist\u00f2ria i sabor a la Festa Major d\u2019hivern - Turisme de les Garrigues<\/title>\n<meta name=\"robots\" content=\"index, follow, max-snippet:-1, max-image-preview:large, max-video-preview:-1\" \/>\n<link rel=\"canonical\" href=\"https:\/\/www.turismegarrigues.com\/blog\/el-sometent-un-esmorzar-popular-de-lespluga-calba-tradicio-historia-i-sabor-a-la-festa-major-dhivern\/\" \/>\n<meta property=\"og:locale\" content=\"ca_ES\" \/>\n<meta property=\"og:type\" content=\"article\" \/>\n<meta property=\"og:title\" content=\"El sometent, un esmorzar popular de l&#039;Espluga Calba: tradici\u00f3, hist\u00f2ria i sabor a la Festa Major d\u2019hivern - Turisme de les Garrigues\" \/>\n<meta property=\"og:description\" content=\"Quan parlem de gastronomia tradicional a les Garrigues, pensem en l\u2019oli d\u2019oliva verge extra, en la cuina de proximitat i en plats amb molta hist\u00f2ria. Un d\u2019aquests plats \u00fanics \u00e9s el sometent, una recepta que nom\u00e9s es troba a l\u2019Espluga Calba i que forma part de la seva tradici\u00f3 de la Festa Major d\u2019hivern. Qu\u00e8 ... Llegiu m\u00e9s\" \/>\n<meta property=\"og:url\" content=\"https:\/\/www.turismegarrigues.com\/blog\/el-sometent-un-esmorzar-popular-de-lespluga-calba-tradicio-historia-i-sabor-a-la-festa-major-dhivern\/\" \/>\n<meta property=\"og:site_name\" content=\"Turisme de les Garrigues\" \/>\n<meta property=\"article:published_time\" content=\"2025-01-29T09:38:47+00:00\" \/>\n<meta property=\"article:modified_time\" content=\"2025-01-29T09:38:49+00:00\" \/>\n<meta property=\"og:image\" content=\"https:\/\/www.turismegarrigues.com\/blog\/wp-content\/uploads\/image002-1.jpg\" \/>\n\t<meta property=\"og:image:width\" content=\"1024\" \/>\n\t<meta property=\"og:image:height\" content=\"768\" \/>\n\t<meta property=\"og:image:type\" content=\"image\/jpeg\" \/>\n<meta name=\"author\" content=\"turismegarrigues\" \/>\n<meta name=\"twitter:card\" content=\"summary_large_image\" \/>\n<meta name=\"twitter:label1\" content=\"Escrit per\" \/>\n\t<meta name=\"twitter:data1\" content=\"turismegarrigues\" \/>\n\t<meta name=\"twitter:label2\" content=\"Temps estimat de lectura\" \/>\n\t<meta name=\"twitter:data2\" content=\"3 minuts\" \/>\n<script type=\"application\/ld+json\" class=\"yoast-schema-graph\">{\"@context\":\"https:\/\/schema.org\",\"@graph\":[{\"@type\":\"WebPage\",\"@id\":\"https:\/\/www.turismegarrigues.com\/blog\/el-sometent-un-esmorzar-popular-de-lespluga-calba-tradicio-historia-i-sabor-a-la-festa-major-dhivern\/\",\"url\":\"https:\/\/www.turismegarrigues.com\/blog\/el-sometent-un-esmorzar-popular-de-lespluga-calba-tradicio-historia-i-sabor-a-la-festa-major-dhivern\/\",\"name\":\"El sometent, un esmorzar popular de l'Espluga Calba: tradici\u00f3, hist\u00f2ria i sabor a la Festa Major d\u2019hivern - Turisme de les Garrigues\",\"isPartOf\":{\"@id\":\"https:\/\/www.turismegarrigues.com\/blog\/#website\"},\"primaryImageOfPage\":{\"@id\":\"https:\/\/www.turismegarrigues.com\/blog\/el-sometent-un-esmorzar-popular-de-lespluga-calba-tradicio-historia-i-sabor-a-la-festa-major-dhivern\/#primaryimage\"},\"image\":{\"@id\":\"https:\/\/www.turismegarrigues.com\/blog\/el-sometent-un-esmorzar-popular-de-lespluga-calba-tradicio-historia-i-sabor-a-la-festa-major-dhivern\/#primaryimage\"},\"thumbnailUrl\":\"https:\/\/www.turismegarrigues.com\/blog\/wp-content\/uploads\/image002-1.jpg\",\"datePublished\":\"2025-01-29T09:38:47+00:00\",\"dateModified\":\"2025-01-29T09:38:49+00:00\",\"author\":{\"@id\":\"https:\/\/www.turismegarrigues.com\/blog\/#\/schema\/person\/7ada9dce6475184bb0c0a652f29c9653\"},\"breadcrumb\":{\"@id\":\"https:\/\/www.turismegarrigues.com\/blog\/el-sometent-un-esmorzar-popular-de-lespluga-calba-tradicio-historia-i-sabor-a-la-festa-major-dhivern\/#breadcrumb\"},\"inLanguage\":\"ca\",\"potentialAction\":[{\"@type\":\"ReadAction\",\"target\":[\"https:\/\/www.turismegarrigues.com\/blog\/el-sometent-un-esmorzar-popular-de-lespluga-calba-tradicio-historia-i-sabor-a-la-festa-major-dhivern\/\"]}]},{\"@type\":\"ImageObject\",\"inLanguage\":\"ca\",\"@id\":\"https:\/\/www.turismegarrigues.com\/blog\/el-sometent-un-esmorzar-popular-de-lespluga-calba-tradicio-historia-i-sabor-a-la-festa-major-dhivern\/#primaryimage\",\"url\":\"https:\/\/www.turismegarrigues.com\/blog\/wp-content\/uploads\/image002-1.jpg\",\"contentUrl\":\"https:\/\/www.turismegarrigues.com\/blog\/wp-content\/uploads\/image002-1.jpg\",\"width\":1024,\"height\":768},{\"@type\":\"BreadcrumbList\",\"@id\":\"https:\/\/www.turismegarrigues.com\/blog\/el-sometent-un-esmorzar-popular-de-lespluga-calba-tradicio-historia-i-sabor-a-la-festa-major-dhivern\/#breadcrumb\",\"itemListElement\":[{\"@type\":\"ListItem\",\"position\":1,\"name\":\"Inici\",\"item\":\"https:\/\/www.turismegarrigues.com\/blog\/\"},{\"@type\":\"ListItem\",\"position\":2,\"name\":\"El sometent, un esmorzar popular de l&#8217;Espluga Calba: tradici\u00f3, hist\u00f2ria i sabor a la Festa Major d\u2019hivern\"}]},{\"@type\":\"WebSite\",\"@id\":\"https:\/\/www.turismegarrigues.com\/blog\/#website\",\"url\":\"https:\/\/www.turismegarrigues.com\/blog\/\",\"name\":\"Turisme de les Garrigues\",\"description\":\"Blog\",\"potentialAction\":[{\"@type\":\"SearchAction\",\"target\":{\"@type\":\"EntryPoint\",\"urlTemplate\":\"https:\/\/www.turismegarrigues.com\/blog\/?s={search_term_string}\"},\"query-input\":{\"@type\":\"PropertyValueSpecification\",\"valueRequired\":true,\"valueName\":\"search_term_string\"}}],\"inLanguage\":\"ca\"},{\"@type\":\"Person\",\"@id\":\"https:\/\/www.turismegarrigues.com\/blog\/#\/schema\/person\/7ada9dce6475184bb0c0a652f29c9653\",\"name\":\"turismegarrigues\",\"image\":{\"@type\":\"ImageObject\",\"inLanguage\":\"ca\",\"@id\":\"https:\/\/www.turismegarrigues.com\/blog\/#\/schema\/person\/image\/\",\"url\":\"https:\/\/secure.gravatar.com\/avatar\/2479dec683bf2f700ffae0009a0a72796d18201a99196df0e23b11ae9749e88e?s=96&d=mm&r=g\",\"contentUrl\":\"https:\/\/secure.gravatar.com\/avatar\/2479dec683bf2f700ffae0009a0a72796d18201a99196df0e23b11ae9749e88e?s=96&d=mm&r=g\",\"caption\":\"turismegarrigues\"},\"sameAs\":[\"http:\/\/www.turismegarrigues.com\/\"],\"url\":\"https:\/\/www.turismegarrigues.com\/blog\/author\/turismegarrigues\/\"}]}<\/script>\n<!-- \/ Yoast SEO plugin. -->","yoast_head_json":{"title":"El sometent, un esmorzar popular de l'Espluga Calba: tradici\u00f3, hist\u00f2ria i sabor a la Festa Major d\u2019hivern - Turisme de les Garrigues","robots":{"index":"index","follow":"follow","max-snippet":"max-snippet:-1","max-image-preview":"max-image-preview:large","max-video-preview":"max-video-preview:-1"},"canonical":"https:\/\/www.turismegarrigues.com\/blog\/el-sometent-un-esmorzar-popular-de-lespluga-calba-tradicio-historia-i-sabor-a-la-festa-major-dhivern\/","og_locale":"ca_ES","og_type":"article","og_title":"El sometent, un esmorzar popular de l'Espluga Calba: tradici\u00f3, hist\u00f2ria i sabor a la Festa Major d\u2019hivern - Turisme de les Garrigues","og_description":"Quan parlem de gastronomia tradicional a les Garrigues, pensem en l\u2019oli d\u2019oliva verge extra, en la cuina de proximitat i en plats amb molta hist\u00f2ria. Un d\u2019aquests plats \u00fanics \u00e9s el sometent, una recepta que nom\u00e9s es troba a l\u2019Espluga Calba i que forma part de la seva tradici\u00f3 de la Festa Major d\u2019hivern. Qu\u00e8 ... Llegiu m\u00e9s","og_url":"https:\/\/www.turismegarrigues.com\/blog\/el-sometent-un-esmorzar-popular-de-lespluga-calba-tradicio-historia-i-sabor-a-la-festa-major-dhivern\/","og_site_name":"Turisme de les Garrigues","article_published_time":"2025-01-29T09:38:47+00:00","article_modified_time":"2025-01-29T09:38:49+00:00","og_image":[{"width":1024,"height":768,"url":"https:\/\/www.turismegarrigues.com\/blog\/wp-content\/uploads\/image002-1.jpg","type":"image\/jpeg"}],"author":"turismegarrigues","twitter_card":"summary_large_image","twitter_misc":{"Escrit per":"turismegarrigues","Temps estimat de lectura":"3 minuts"},"schema":{"@context":"https:\/\/schema.org","@graph":[{"@type":"WebPage","@id":"https:\/\/www.turismegarrigues.com\/blog\/el-sometent-un-esmorzar-popular-de-lespluga-calba-tradicio-historia-i-sabor-a-la-festa-major-dhivern\/","url":"https:\/\/www.turismegarrigues.com\/blog\/el-sometent-un-esmorzar-popular-de-lespluga-calba-tradicio-historia-i-sabor-a-la-festa-major-dhivern\/","name":"El sometent, un esmorzar popular de l'Espluga Calba: tradici\u00f3, hist\u00f2ria i sabor a la Festa Major d\u2019hivern - Turisme de les Garrigues","isPartOf":{"@id":"https:\/\/www.turismegarrigues.com\/blog\/#website"},"primaryImageOfPage":{"@id":"https:\/\/www.turismegarrigues.com\/blog\/el-sometent-un-esmorzar-popular-de-lespluga-calba-tradicio-historia-i-sabor-a-la-festa-major-dhivern\/#primaryimage"},"image":{"@id":"https:\/\/www.turismegarrigues.com\/blog\/el-sometent-un-esmorzar-popular-de-lespluga-calba-tradicio-historia-i-sabor-a-la-festa-major-dhivern\/#primaryimage"},"thumbnailUrl":"https:\/\/www.turismegarrigues.com\/blog\/wp-content\/uploads\/image002-1.jpg","datePublished":"2025-01-29T09:38:47+00:00","dateModified":"2025-01-29T09:38:49+00:00","author":{"@id":"https:\/\/www.turismegarrigues.com\/blog\/#\/schema\/person\/7ada9dce6475184bb0c0a652f29c9653"},"breadcrumb":{"@id":"https:\/\/www.turismegarrigues.com\/blog\/el-sometent-un-esmorzar-popular-de-lespluga-calba-tradicio-historia-i-sabor-a-la-festa-major-dhivern\/#breadcrumb"},"inLanguage":"ca","potentialAction":[{"@type":"ReadAction","target":["https:\/\/www.turismegarrigues.com\/blog\/el-sometent-un-esmorzar-popular-de-lespluga-calba-tradicio-historia-i-sabor-a-la-festa-major-dhivern\/"]}]},{"@type":"ImageObject","inLanguage":"ca","@id":"https:\/\/www.turismegarrigues.com\/blog\/el-sometent-un-esmorzar-popular-de-lespluga-calba-tradicio-historia-i-sabor-a-la-festa-major-dhivern\/#primaryimage","url":"https:\/\/www.turismegarrigues.com\/blog\/wp-content\/uploads\/image002-1.jpg","contentUrl":"https:\/\/www.turismegarrigues.com\/blog\/wp-content\/uploads\/image002-1.jpg","width":1024,"height":768},{"@type":"BreadcrumbList","@id":"https:\/\/www.turismegarrigues.com\/blog\/el-sometent-un-esmorzar-popular-de-lespluga-calba-tradicio-historia-i-sabor-a-la-festa-major-dhivern\/#breadcrumb","itemListElement":[{"@type":"ListItem","position":1,"name":"Inici","item":"https:\/\/www.turismegarrigues.com\/blog\/"},{"@type":"ListItem","position":2,"name":"El sometent, un esmorzar popular de l&#8217;Espluga Calba: tradici\u00f3, hist\u00f2ria i sabor a la Festa Major d\u2019hivern"}]},{"@type":"WebSite","@id":"https:\/\/www.turismegarrigues.com\/blog\/#website","url":"https:\/\/www.turismegarrigues.com\/blog\/","name":"Turisme de les Garrigues","description":"Blog","potentialAction":[{"@type":"SearchAction","target":{"@type":"EntryPoint","urlTemplate":"https:\/\/www.turismegarrigues.com\/blog\/?s={search_term_string}"},"query-input":{"@type":"PropertyValueSpecification","valueRequired":true,"valueName":"search_term_string"}}],"inLanguage":"ca"},{"@type":"Person","@id":"https:\/\/www.turismegarrigues.com\/blog\/#\/schema\/person\/7ada9dce6475184bb0c0a652f29c9653","name":"turismegarrigues","image":{"@type":"ImageObject","inLanguage":"ca","@id":"https:\/\/www.turismegarrigues.com\/blog\/#\/schema\/person\/image\/","url":"https:\/\/secure.gravatar.com\/avatar\/2479dec683bf2f700ffae0009a0a72796d18201a99196df0e23b11ae9749e88e?s=96&d=mm&r=g","contentUrl":"https:\/\/secure.gravatar.com\/avatar\/2479dec683bf2f700ffae0009a0a72796d18201a99196df0e23b11ae9749e88e?s=96&d=mm&r=g","caption":"turismegarrigues"},"sameAs":["http:\/\/www.turismegarrigues.com\/"],"url":"https:\/\/www.turismegarrigues.com\/blog\/author\/turismegarrigues\/"}]}},"_links":{"self":[{"href":"https:\/\/www.turismegarrigues.com\/blog\/wp-json\/wp\/v2\/posts\/3128","targetHints":{"allow":["GET"]}}],"collection":[{"href":"https:\/\/www.turismegarrigues.com\/blog\/wp-json\/wp\/v2\/posts"}],"about":[{"href":"https:\/\/www.turismegarrigues.com\/blog\/wp-json\/wp\/v2\/types\/post"}],"author":[{"embeddable":true,"href":"https:\/\/www.turismegarrigues.com\/blog\/wp-json\/wp\/v2\/users\/2"}],"replies":[{"embeddable":true,"href":"https:\/\/www.turismegarrigues.com\/blog\/wp-json\/wp\/v2\/comments?post=3128"}],"version-history":[{"count":1,"href":"https:\/\/www.turismegarrigues.com\/blog\/wp-json\/wp\/v2\/posts\/3128\/revisions"}],"predecessor-version":[{"id":3133,"href":"https:\/\/www.turismegarrigues.com\/blog\/wp-json\/wp\/v2\/posts\/3128\/revisions\/3133"}],"wp:featuredmedia":[{"embeddable":true,"href":"https:\/\/www.turismegarrigues.com\/blog\/wp-json\/wp\/v2\/media\/3131"}],"wp:attachment":[{"href":"https:\/\/www.turismegarrigues.com\/blog\/wp-json\/wp\/v2\/media?parent=3128"}],"wp:term":[{"taxonomy":"category","embeddable":true,"href":"https:\/\/www.turismegarrigues.com\/blog\/wp-json\/wp\/v2\/categories?post=3128"},{"taxonomy":"post_tag","embeddable":true,"href":"https:\/\/www.turismegarrigues.com\/blog\/wp-json\/wp\/v2\/tags?post=3128"}],"curies":[{"name":"wp","href":"https:\/\/api.w.org\/{rel}","templated":true}]}}