{"id":3134,"date":"2025-02-04T14:52:05","date_gmt":"2025-02-04T13:52:05","guid":{"rendered":"https:\/\/www.turismegarrigues.com\/blog\/?p=3134"},"modified":"2025-02-04T14:52:07","modified_gmt":"2025-02-04T13:52:07","slug":"la-ruta-del-vi-a-les-garrigues-un-viatge-entre-vinyes-i-tradicio","status":"publish","type":"post","link":"https:\/\/www.turismegarrigues.com\/blog\/la-ruta-del-vi-a-les-garrigues-un-viatge-entre-vinyes-i-tradicio\/","title":{"rendered":"La Ruta del Vi a les Garrigues: un viatge entre vinyes i tradici\u00f3"},"content":{"rendered":"\n<p>Les Garrigues, una terra rica en cultura, hist\u00f2ria i productes de qualitat, es consolida com una destinaci\u00f3 de refer\u00e8ncia per als amants del vi. A trav\u00e9s de la <a href=\"https:\/\/www.turismegarrigues.com\/ca\/rutes\/ruta-del-vi\/\"><strong>Ruta del Vi<\/strong><\/a><strong>,<\/strong> aquesta comarca ofereix una experi\u00e8ncia \u00fanica que combina enoturisme amb descobriments naturals i culturals. Et convidem a explorar aquesta ruta i gaudir dels cellers, vins i paisatges de les Garrigues.<\/p>\n\n\n\n<h3 class=\"wp-block-heading\"><strong>Els 7 cellers de la ruta<\/strong><\/h3>\n\n\n\n<ol class=\"wp-block-list\">\n<li><a href=\"https:\/\/www.cellermatallonga.cat\/es\"><strong>Celler Matallonga<\/strong><\/a><strong>, Fulleda:<\/strong><\/li>\n<\/ol>\n\n\n\n<p>Enclavat enmig de boscos, aquest celler aposta per vins ecol\u00f2gics de m\u00ednima intervenci\u00f3. L\u2019experi\u00e8ncia inclou visites personalitzades i opcions com la visita de brasa o la pr\u00e8mium, ideal per a grups redu\u00efts. Aprofita per explorar l\u2019antic mol\u00ed d\u2019oli i el monument a l\u2019Agustina d\u2019Arag\u00f3.<\/p>\n\n\n\n<figure class=\"wp-block-image size-large\"><img loading=\"lazy\" decoding=\"async\" width=\"1024\" height=\"564\" src=\"https:\/\/www.turismegarrigues.com\/blog\/wp-content\/uploads\/fulleda-1024x564.jpg\" alt=\"\" class=\"wp-image-2029\" srcset=\"https:\/\/www.turismegarrigues.com\/blog\/wp-content\/uploads\/fulleda.jpg 1024w, https:\/\/www.turismegarrigues.com\/blog\/wp-content\/uploads\/fulleda-300x165.jpg 300w, https:\/\/www.turismegarrigues.com\/blog\/wp-content\/uploads\/fulleda-768x423.jpg 768w\" sizes=\"auto, (max-width: 1024px) 100vw, 1024px\" \/><\/figure>\n\n\n\n<ol class=\"wp-block-list\" start=\"2\">\n<li><a href=\"https:\/\/ponshome.es\/\"><strong>Celler Clos Pons<\/strong><\/a><strong>, l\u2019Albag\u00e9s:<\/strong><\/li>\n<\/ol>\n\n\n\n<p>Amb vinyes entre 500 i 700 metres d\u2019altitud, els seus vins ecol\u00f2gics destaquen per la concentraci\u00f3 i mineralitat. Les visites guiades inclouen un tast exclusiu i un recorregut per l\u2019entorn, amb punts d\u2019inter\u00e8s com el conjunt rupestre del Cogul.<\/p>\n\n\n\n<figure class=\"wp-block-image size-large\"><img loading=\"lazy\" decoding=\"async\" width=\"1024\" height=\"564\" src=\"https:\/\/www.turismegarrigues.com\/blog\/wp-content\/uploads\/clos-pons-1-1024x564.jpg\" alt=\"\" class=\"wp-image-2035\" srcset=\"https:\/\/www.turismegarrigues.com\/blog\/wp-content\/uploads\/clos-pons-1.jpg 1024w, https:\/\/www.turismegarrigues.com\/blog\/wp-content\/uploads\/clos-pons-1-300x165.jpg 300w, https:\/\/www.turismegarrigues.com\/blog\/wp-content\/uploads\/clos-pons-1-768x423.jpg 768w\" sizes=\"auto, (max-width: 1024px) 100vw, 1024px\" \/><\/figure>\n\n\n\n<ol class=\"wp-block-list\" start=\"3\">\n<li><a href=\"https:\/\/www.masblanchijove.com\/es\/\"><strong>Mas Blanch i Jov\u00e9<\/strong><\/a><strong>, la Pobla de C\u00e9rvoles:<\/strong><\/li>\n<\/ol>\n\n\n\n<p>Fusionant art i enologia, aquest celler ofereix vins de muntanya ecol\u00f2gics i experi\u00e8ncies immersives. A m\u00e9s del tast, podr\u00e0s gaudir de l&#8217;Ecomuseu de l&#8217;Oli i de les vistes a la Serra de la Llena.<\/p>\n\n\n\n<figure class=\"wp-block-image size-large\"><img loading=\"lazy\" decoding=\"async\" width=\"1024\" height=\"600\" src=\"https:\/\/www.turismegarrigues.com\/blog\/wp-content\/uploads\/MasBlanch_Artistes_InaugIglesias_01-2-1-1024x600.jpg\" alt=\"\" class=\"wp-image-2129\" srcset=\"https:\/\/www.turismegarrigues.com\/blog\/wp-content\/uploads\/MasBlanch_Artistes_InaugIglesias_01-2-1.jpg 1024w, https:\/\/www.turismegarrigues.com\/blog\/wp-content\/uploads\/MasBlanch_Artistes_InaugIglesias_01-2-1-300x176.jpg 300w, https:\/\/www.turismegarrigues.com\/blog\/wp-content\/uploads\/MasBlanch_Artistes_InaugIglesias_01-2-1-768x450.jpg 768w\" sizes=\"auto, (max-width: 1024px) 100vw, 1024px\" \/><\/figure>\n\n\n\n<ol class=\"wp-block-list\" start=\"4\">\n<li><a href=\"https:\/\/www.torres.es\/vinos\/familia-torres\/purgatori\"><strong>Celler Purgatori<\/strong><\/a><strong>, Juneda:<\/strong><\/li>\n<\/ol>\n\n\n\n<p>Part del llegat de la Fam\u00edlia Torres, els seus vins mediterranis i frescos s\u00f3n el resultat d\u2019una vinya ecol\u00f2gica cuidada amb detall. No et perdis les visites professionals al celler i l&#8217;entorn natural protegit dels Bessons.<\/p>\n\n\n\n<figure class=\"wp-block-image size-large\"><img loading=\"lazy\" decoding=\"async\" width=\"1024\" height=\"564\" src=\"https:\/\/www.turismegarrigues.com\/blog\/wp-content\/uploads\/purgatori-1024x564.jpg\" alt=\"\" class=\"wp-image-2027\" srcset=\"https:\/\/www.turismegarrigues.com\/blog\/wp-content\/uploads\/purgatori.jpg 1024w, https:\/\/www.turismegarrigues.com\/blog\/wp-content\/uploads\/purgatori-300x165.jpg 300w, https:\/\/www.turismegarrigues.com\/blog\/wp-content\/uploads\/purgatori-768x423.jpg 768w\" sizes=\"auto, (max-width: 1024px) 100vw, 1024px\" \/><\/figure>\n\n\n\n<ol class=\"wp-block-list\" start=\"5\">\n<li><a href=\"https:\/\/cervoles.com\/es\/\"><strong>C\u00e9rvoles Celler<\/strong><\/a><strong>, la Pobla de C\u00e9rvoles:<\/strong><\/li>\n<\/ol>\n\n\n\n<p>Conegut pels seus vins de muntanya amb una elegant complexitat, aquest celler destaca per oferir una experi\u00e8ncia enotur\u00edstica personalitzada. A m\u00e9s del tast de vins, podr\u00e0s descobrir l\u2019encant de l\u2019entorn natural i cultural que envolta la Pobla de C\u00e9rvoles.<\/p>\n\n\n\n<figure class=\"wp-block-image size-large\"><img loading=\"lazy\" decoding=\"async\" width=\"1024\" height=\"564\" src=\"https:\/\/www.turismegarrigues.com\/blog\/wp-content\/uploads\/cervoles-1024x564.jpg\" alt=\"\" class=\"wp-image-2033\" srcset=\"https:\/\/www.turismegarrigues.com\/blog\/wp-content\/uploads\/cervoles.jpg 1024w, https:\/\/www.turismegarrigues.com\/blog\/wp-content\/uploads\/cervoles-300x165.jpg 300w, https:\/\/www.turismegarrigues.com\/blog\/wp-content\/uploads\/cervoles-768x423.jpg 768w\" sizes=\"auto, (max-width: 1024px) 100vw, 1024px\" \/><\/figure>\n\n\n\n<ol class=\"wp-block-list\" start=\"6\">\n<li><a href=\"https:\/\/www.vinyaelsvilars.cat\/\"><strong>Vinya els Vilars<\/strong><\/a><strong>, Arbeca:<\/strong><\/li>\n<\/ol>\n\n\n\n<p>Aquest celler combina tradici\u00f3 i modernitat per elaborar vins de gran qualitat. Ofereix visites concertades on podr\u00e0s gaudir d\u2019un tast exclusiu i descobrir llocs emblem\u00e0tics com el poblat ib\u00e8ric dels Vilars i el nucli antic d\u2019Arbeca.<\/p>\n\n\n\n<figure class=\"wp-block-image size-large\"><img loading=\"lazy\" decoding=\"async\" width=\"1024\" height=\"564\" src=\"https:\/\/www.turismegarrigues.com\/blog\/wp-content\/uploads\/Vinya-Vilars-Arbeca-1024x564.jpg\" alt=\"\" class=\"wp-image-2025\" srcset=\"https:\/\/www.turismegarrigues.com\/blog\/wp-content\/uploads\/Vinya-Vilars-Arbeca.jpg 1024w, https:\/\/www.turismegarrigues.com\/blog\/wp-content\/uploads\/Vinya-Vilars-Arbeca-300x165.jpg 300w, https:\/\/www.turismegarrigues.com\/blog\/wp-content\/uploads\/Vinya-Vilars-Arbeca-768x423.jpg 768w\" sizes=\"auto, (max-width: 1024px) 100vw, 1024px\" \/><\/figure>\n\n\n\n<ol class=\"wp-block-list\" start=\"7\">\n<li><a href=\"https:\/\/www.tomascusine.com\/\"><strong>Tom\u00e0s Cusin\u00e9<\/strong><\/a><strong>, el Vilosell:<\/strong><\/li>\n<\/ol>\n\n\n\n<p>Amb vins elegants, complexos i amb personalitat, aquest celler de terrer ofereix visites concertades que inclouen el tast de tres vins i un recorregut pel nucli antic del Vilosell. Tamb\u00e9 podr\u00e0s gaudir de la ruta fins a l\u2019ermita de Sant Miquel de la Tosca i les impressionants vistes a la Serra de la Llena.<\/p>\n\n\n\n<figure class=\"wp-block-image size-large\"><img loading=\"lazy\" decoding=\"async\" width=\"1024\" height=\"685\" src=\"https:\/\/www.turismegarrigues.com\/blog\/wp-content\/uploads\/DSC_0008-1024x685.jpg\" alt=\"\" class=\"wp-image-281\" srcset=\"https:\/\/www.turismegarrigues.com\/blog\/wp-content\/uploads\/DSC_0008.jpg 1024w, https:\/\/www.turismegarrigues.com\/blog\/wp-content\/uploads\/DSC_0008-300x201.jpg 300w, https:\/\/www.turismegarrigues.com\/blog\/wp-content\/uploads\/DSC_0008-768x514.jpg 768w\" sizes=\"auto, (max-width: 1024px) 100vw, 1024px\" \/><\/figure>\n\n\n\n<h3 class=\"wp-block-heading\"><strong>Un entorn que enamora<\/strong><\/h3>\n\n\n\n<p>A m\u00e9s dels cellers, la Ruta del Vi et porta a descobrir el patrimoni cultural i natural de les Garrigues. Entre els punts destacats hi trobem:<\/p>\n\n\n\n<ul class=\"wp-block-list\">\n<li><strong>La Serra de la Llena i els seus miradors.<\/strong><\/li>\n\n\n\n<li><strong>Les cabanes de volta, exemples de l\u2019arquitectura rural.<\/strong><\/li>\n\n\n\n<li><strong>Nuclis antics com el Vilosell i el conjunt rupestre del Cogul.<\/strong><\/li>\n<\/ul>\n\n\n\n<p>Aquest paisatge es combina amb esdeveniments com la fira Tastavins a Juneda o la festa Vi6 a les Borges Blanques, on es demostra que el vi t\u00e9 un paper central en la cultura de la comarca.<\/p>\n\n\n\n<h3 class=\"wp-block-heading\"><strong>Per qu\u00e8 Visitar la Ruta del Vi a les Garrigues?<\/strong><\/h3>\n\n\n\n<ol class=\"wp-block-list\">\n<li><strong>Qualitat dels vins:<\/strong> Els cellers produeixen vins amb denominaci\u00f3 d&#8217;origen Costers del Segre, reconeguts pel seu car\u00e0cter i complexitat.<\/li>\n\n\n\n<li><strong>Experi\u00e8ncia \u00fanica:<\/strong> Les visites guiades ofereixen una visi\u00f3 profunda del proc\u00e9s vin\u00edcola i permeten tastar aut\u00e8ntiques joies enol\u00f2giques.<\/li>\n\n\n\n<li><strong>Patrimoni viu:<\/strong> Descobrir\u00e0s una comarca plena d\u2019hist\u00f2ria, tradicions i una gastronomia aut\u00e8ntica que complementa l\u2019experi\u00e8ncia enotur\u00edstica.<\/li>\n<\/ol>\n\n\n\n<h3 class=\"wp-block-heading\"><strong>Planifica la teva visita<\/strong><\/h3>\n\n\n\n<p>Per gaudir al m\u00e0xim de la Ruta del Vi, et recomanem reservar les visites amb antelaci\u00f3 a trav\u00e9s dels webs dels cellers. D\u2019aquesta manera, podr\u00e0s personalitzar l\u2019experi\u00e8ncia i aprofitar les activitats especials de cada lloc.<\/p>\n\n\n\n<p>Prepara\u2019t per brindar amb els sabors aut\u00e8ntics de les Garrigues i descobrir un indret que captiva amb la seva ess\u00e8ncia, paisatge i, sobretot, amb els seus vins excepcionals! &#x1f377;<\/p>\n\n\n\n<p>Visita<a href=\"https:\/\/www.ccgarrigues.com\"> Turisme Les Garrigues<\/a> per a m\u00e9s informaci\u00f3 i reserva la teva escapada avui mateix!<\/p>\n","protected":false},"excerpt":{"rendered":"<p>Les Garrigues, una terra rica en cultura, hist\u00f2ria i productes de qualitat, es consolida com una destinaci\u00f3 de refer\u00e8ncia per als amants del vi. A trav\u00e9s de la Ruta del Vi, aquesta comarca ofereix una experi\u00e8ncia \u00fanica que combina enoturisme amb descobriments naturals i culturals. Et convidem a explorar aquesta ruta i gaudir dels cellers, &#8230; <a title=\"La Ruta del Vi a les Garrigues: un viatge entre vinyes i tradici\u00f3\" class=\"read-more\" href=\"https:\/\/www.turismegarrigues.com\/blog\/la-ruta-del-vi-a-les-garrigues-un-viatge-entre-vinyes-i-tradicio\/\" aria-label=\"M\u00e9s informaci\u00f3 sobre La Ruta del Vi a les Garrigues: un viatge entre vinyes i tradici\u00f3\">Llegiu m\u00e9s<\/a><\/p>\n","protected":false},"author":2,"featured_media":2039,"comment_status":"closed","ping_status":"closed","sticky":false,"template":"","format":"standard","meta":{"footnotes":""},"categories":[1],"tags":[283,38,282],"class_list":["post-3134","post","type-post","status-publish","format-standard","has-post-thumbnail","hentry","category-turisme","tag-cellers-les-garrigues","tag-les-garrigues","tag-vi"],"yoast_head":"<!-- This site is optimized with the Yoast SEO plugin v24.4 - https:\/\/yoast.com\/wordpress\/plugins\/seo\/ -->\n<title>La Ruta del Vi a les Garrigues: un viatge entre vinyes i tradici\u00f3 - Turisme de les Garrigues<\/title>\n<meta name=\"robots\" content=\"index, follow, max-snippet:-1, max-image-preview:large, max-video-preview:-1\" \/>\n<link rel=\"canonical\" href=\"https:\/\/www.turismegarrigues.com\/blog\/la-ruta-del-vi-a-les-garrigues-un-viatge-entre-vinyes-i-tradicio\/\" \/>\n<meta property=\"og:locale\" content=\"ca_ES\" \/>\n<meta property=\"og:type\" content=\"article\" \/>\n<meta property=\"og:title\" content=\"La Ruta del Vi a les Garrigues: un viatge entre vinyes i tradici\u00f3 - Turisme de les Garrigues\" \/>\n<meta property=\"og:description\" content=\"Les Garrigues, una terra rica en cultura, hist\u00f2ria i productes de qualitat, es consolida com una destinaci\u00f3 de refer\u00e8ncia per als amants del vi. A trav\u00e9s de la Ruta del Vi, aquesta comarca ofereix una experi\u00e8ncia \u00fanica que combina enoturisme amb descobriments naturals i culturals. Et convidem a explorar aquesta ruta i gaudir dels cellers, ... Llegiu m\u00e9s\" \/>\n<meta property=\"og:url\" content=\"https:\/\/www.turismegarrigues.com\/blog\/la-ruta-del-vi-a-les-garrigues-un-viatge-entre-vinyes-i-tradicio\/\" \/>\n<meta property=\"og:site_name\" content=\"Turisme de les Garrigues\" \/>\n<meta property=\"article:published_time\" content=\"2025-02-04T13:52:05+00:00\" \/>\n<meta property=\"article:modified_time\" content=\"2025-02-04T13:52:07+00:00\" \/>\n<meta property=\"og:image\" content=\"https:\/\/www.turismegarrigues.com\/blog\/wp-content\/uploads\/vinya-artistes-.jpg\" \/>\n\t<meta property=\"og:image:width\" content=\"1024\" \/>\n\t<meta property=\"og:image:height\" content=\"564\" \/>\n\t<meta property=\"og:image:type\" content=\"image\/jpeg\" \/>\n<meta name=\"author\" content=\"turismegarrigues\" \/>\n<meta name=\"twitter:card\" content=\"summary_large_image\" \/>\n<meta name=\"twitter:label1\" content=\"Escrit per\" \/>\n\t<meta name=\"twitter:data1\" content=\"turismegarrigues\" \/>\n\t<meta name=\"twitter:label2\" content=\"Temps estimat de lectura\" \/>\n\t<meta name=\"twitter:data2\" content=\"5 minuts\" \/>\n<script type=\"application\/ld+json\" class=\"yoast-schema-graph\">{\"@context\":\"https:\/\/schema.org\",\"@graph\":[{\"@type\":\"WebPage\",\"@id\":\"https:\/\/www.turismegarrigues.com\/blog\/la-ruta-del-vi-a-les-garrigues-un-viatge-entre-vinyes-i-tradicio\/\",\"url\":\"https:\/\/www.turismegarrigues.com\/blog\/la-ruta-del-vi-a-les-garrigues-un-viatge-entre-vinyes-i-tradicio\/\",\"name\":\"La Ruta del Vi a les Garrigues: un viatge entre vinyes i tradici\u00f3 - Turisme de les Garrigues\",\"isPartOf\":{\"@id\":\"https:\/\/www.turismegarrigues.com\/blog\/#website\"},\"primaryImageOfPage\":{\"@id\":\"https:\/\/www.turismegarrigues.com\/blog\/la-ruta-del-vi-a-les-garrigues-un-viatge-entre-vinyes-i-tradicio\/#primaryimage\"},\"image\":{\"@id\":\"https:\/\/www.turismegarrigues.com\/blog\/la-ruta-del-vi-a-les-garrigues-un-viatge-entre-vinyes-i-tradicio\/#primaryimage\"},\"thumbnailUrl\":\"https:\/\/www.turismegarrigues.com\/blog\/wp-content\/uploads\/vinya-artistes-.jpg\",\"datePublished\":\"2025-02-04T13:52:05+00:00\",\"dateModified\":\"2025-02-04T13:52:07+00:00\",\"author\":{\"@id\":\"https:\/\/www.turismegarrigues.com\/blog\/#\/schema\/person\/7ada9dce6475184bb0c0a652f29c9653\"},\"breadcrumb\":{\"@id\":\"https:\/\/www.turismegarrigues.com\/blog\/la-ruta-del-vi-a-les-garrigues-un-viatge-entre-vinyes-i-tradicio\/#breadcrumb\"},\"inLanguage\":\"ca\",\"potentialAction\":[{\"@type\":\"ReadAction\",\"target\":[\"https:\/\/www.turismegarrigues.com\/blog\/la-ruta-del-vi-a-les-garrigues-un-viatge-entre-vinyes-i-tradicio\/\"]}]},{\"@type\":\"ImageObject\",\"inLanguage\":\"ca\",\"@id\":\"https:\/\/www.turismegarrigues.com\/blog\/la-ruta-del-vi-a-les-garrigues-un-viatge-entre-vinyes-i-tradicio\/#primaryimage\",\"url\":\"https:\/\/www.turismegarrigues.com\/blog\/wp-content\/uploads\/vinya-artistes-.jpg\",\"contentUrl\":\"https:\/\/www.turismegarrigues.com\/blog\/wp-content\/uploads\/vinya-artistes-.jpg\",\"width\":1024,\"height\":564},{\"@type\":\"BreadcrumbList\",\"@id\":\"https:\/\/www.turismegarrigues.com\/blog\/la-ruta-del-vi-a-les-garrigues-un-viatge-entre-vinyes-i-tradicio\/#breadcrumb\",\"itemListElement\":[{\"@type\":\"ListItem\",\"position\":1,\"name\":\"Inici\",\"item\":\"https:\/\/www.turismegarrigues.com\/blog\/\"},{\"@type\":\"ListItem\",\"position\":2,\"name\":\"La Ruta del Vi a les Garrigues: un viatge entre vinyes i tradici\u00f3\"}]},{\"@type\":\"WebSite\",\"@id\":\"https:\/\/www.turismegarrigues.com\/blog\/#website\",\"url\":\"https:\/\/www.turismegarrigues.com\/blog\/\",\"name\":\"Turisme de les Garrigues\",\"description\":\"Blog\",\"potentialAction\":[{\"@type\":\"SearchAction\",\"target\":{\"@type\":\"EntryPoint\",\"urlTemplate\":\"https:\/\/www.turismegarrigues.com\/blog\/?s={search_term_string}\"},\"query-input\":{\"@type\":\"PropertyValueSpecification\",\"valueRequired\":true,\"valueName\":\"search_term_string\"}}],\"inLanguage\":\"ca\"},{\"@type\":\"Person\",\"@id\":\"https:\/\/www.turismegarrigues.com\/blog\/#\/schema\/person\/7ada9dce6475184bb0c0a652f29c9653\",\"name\":\"turismegarrigues\",\"image\":{\"@type\":\"ImageObject\",\"inLanguage\":\"ca\",\"@id\":\"https:\/\/www.turismegarrigues.com\/blog\/#\/schema\/person\/image\/\",\"url\":\"https:\/\/secure.gravatar.com\/avatar\/2479dec683bf2f700ffae0009a0a72796d18201a99196df0e23b11ae9749e88e?s=96&d=mm&r=g\",\"contentUrl\":\"https:\/\/secure.gravatar.com\/avatar\/2479dec683bf2f700ffae0009a0a72796d18201a99196df0e23b11ae9749e88e?s=96&d=mm&r=g\",\"caption\":\"turismegarrigues\"},\"sameAs\":[\"http:\/\/www.turismegarrigues.com\/\"],\"url\":\"https:\/\/www.turismegarrigues.com\/blog\/author\/turismegarrigues\/\"}]}<\/script>\n<!-- \/ Yoast SEO plugin. -->","yoast_head_json":{"title":"La Ruta del Vi a les Garrigues: un viatge entre vinyes i tradici\u00f3 - Turisme de les Garrigues","robots":{"index":"index","follow":"follow","max-snippet":"max-snippet:-1","max-image-preview":"max-image-preview:large","max-video-preview":"max-video-preview:-1"},"canonical":"https:\/\/www.turismegarrigues.com\/blog\/la-ruta-del-vi-a-les-garrigues-un-viatge-entre-vinyes-i-tradicio\/","og_locale":"ca_ES","og_type":"article","og_title":"La Ruta del Vi a les Garrigues: un viatge entre vinyes i tradici\u00f3 - Turisme de les Garrigues","og_description":"Les Garrigues, una terra rica en cultura, hist\u00f2ria i productes de qualitat, es consolida com una destinaci\u00f3 de refer\u00e8ncia per als amants del vi. A trav\u00e9s de la Ruta del Vi, aquesta comarca ofereix una experi\u00e8ncia \u00fanica que combina enoturisme amb descobriments naturals i culturals. Et convidem a explorar aquesta ruta i gaudir dels cellers, ... Llegiu m\u00e9s","og_url":"https:\/\/www.turismegarrigues.com\/blog\/la-ruta-del-vi-a-les-garrigues-un-viatge-entre-vinyes-i-tradicio\/","og_site_name":"Turisme de les Garrigues","article_published_time":"2025-02-04T13:52:05+00:00","article_modified_time":"2025-02-04T13:52:07+00:00","og_image":[{"width":1024,"height":564,"url":"https:\/\/www.turismegarrigues.com\/blog\/wp-content\/uploads\/vinya-artistes-.jpg","type":"image\/jpeg"}],"author":"turismegarrigues","twitter_card":"summary_large_image","twitter_misc":{"Escrit per":"turismegarrigues","Temps estimat de lectura":"5 minuts"},"schema":{"@context":"https:\/\/schema.org","@graph":[{"@type":"WebPage","@id":"https:\/\/www.turismegarrigues.com\/blog\/la-ruta-del-vi-a-les-garrigues-un-viatge-entre-vinyes-i-tradicio\/","url":"https:\/\/www.turismegarrigues.com\/blog\/la-ruta-del-vi-a-les-garrigues-un-viatge-entre-vinyes-i-tradicio\/","name":"La Ruta del Vi a les Garrigues: un viatge entre vinyes i tradici\u00f3 - Turisme de les Garrigues","isPartOf":{"@id":"https:\/\/www.turismegarrigues.com\/blog\/#website"},"primaryImageOfPage":{"@id":"https:\/\/www.turismegarrigues.com\/blog\/la-ruta-del-vi-a-les-garrigues-un-viatge-entre-vinyes-i-tradicio\/#primaryimage"},"image":{"@id":"https:\/\/www.turismegarrigues.com\/blog\/la-ruta-del-vi-a-les-garrigues-un-viatge-entre-vinyes-i-tradicio\/#primaryimage"},"thumbnailUrl":"https:\/\/www.turismegarrigues.com\/blog\/wp-content\/uploads\/vinya-artistes-.jpg","datePublished":"2025-02-04T13:52:05+00:00","dateModified":"2025-02-04T13:52:07+00:00","author":{"@id":"https:\/\/www.turismegarrigues.com\/blog\/#\/schema\/person\/7ada9dce6475184bb0c0a652f29c9653"},"breadcrumb":{"@id":"https:\/\/www.turismegarrigues.com\/blog\/la-ruta-del-vi-a-les-garrigues-un-viatge-entre-vinyes-i-tradicio\/#breadcrumb"},"inLanguage":"ca","potentialAction":[{"@type":"ReadAction","target":["https:\/\/www.turismegarrigues.com\/blog\/la-ruta-del-vi-a-les-garrigues-un-viatge-entre-vinyes-i-tradicio\/"]}]},{"@type":"ImageObject","inLanguage":"ca","@id":"https:\/\/www.turismegarrigues.com\/blog\/la-ruta-del-vi-a-les-garrigues-un-viatge-entre-vinyes-i-tradicio\/#primaryimage","url":"https:\/\/www.turismegarrigues.com\/blog\/wp-content\/uploads\/vinya-artistes-.jpg","contentUrl":"https:\/\/www.turismegarrigues.com\/blog\/wp-content\/uploads\/vinya-artistes-.jpg","width":1024,"height":564},{"@type":"BreadcrumbList","@id":"https:\/\/www.turismegarrigues.com\/blog\/la-ruta-del-vi-a-les-garrigues-un-viatge-entre-vinyes-i-tradicio\/#breadcrumb","itemListElement":[{"@type":"ListItem","position":1,"name":"Inici","item":"https:\/\/www.turismegarrigues.com\/blog\/"},{"@type":"ListItem","position":2,"name":"La Ruta del Vi a les Garrigues: un viatge entre vinyes i tradici\u00f3"}]},{"@type":"WebSite","@id":"https:\/\/www.turismegarrigues.com\/blog\/#website","url":"https:\/\/www.turismegarrigues.com\/blog\/","name":"Turisme de les Garrigues","description":"Blog","potentialAction":[{"@type":"SearchAction","target":{"@type":"EntryPoint","urlTemplate":"https:\/\/www.turismegarrigues.com\/blog\/?s={search_term_string}"},"query-input":{"@type":"PropertyValueSpecification","valueRequired":true,"valueName":"search_term_string"}}],"inLanguage":"ca"},{"@type":"Person","@id":"https:\/\/www.turismegarrigues.com\/blog\/#\/schema\/person\/7ada9dce6475184bb0c0a652f29c9653","name":"turismegarrigues","image":{"@type":"ImageObject","inLanguage":"ca","@id":"https:\/\/www.turismegarrigues.com\/blog\/#\/schema\/person\/image\/","url":"https:\/\/secure.gravatar.com\/avatar\/2479dec683bf2f700ffae0009a0a72796d18201a99196df0e23b11ae9749e88e?s=96&d=mm&r=g","contentUrl":"https:\/\/secure.gravatar.com\/avatar\/2479dec683bf2f700ffae0009a0a72796d18201a99196df0e23b11ae9749e88e?s=96&d=mm&r=g","caption":"turismegarrigues"},"sameAs":["http:\/\/www.turismegarrigues.com\/"],"url":"https:\/\/www.turismegarrigues.com\/blog\/author\/turismegarrigues\/"}]}},"_links":{"self":[{"href":"https:\/\/www.turismegarrigues.com\/blog\/wp-json\/wp\/v2\/posts\/3134","targetHints":{"allow":["GET"]}}],"collection":[{"href":"https:\/\/www.turismegarrigues.com\/blog\/wp-json\/wp\/v2\/posts"}],"about":[{"href":"https:\/\/www.turismegarrigues.com\/blog\/wp-json\/wp\/v2\/types\/post"}],"author":[{"embeddable":true,"href":"https:\/\/www.turismegarrigues.com\/blog\/wp-json\/wp\/v2\/users\/2"}],"replies":[{"embeddable":true,"href":"https:\/\/www.turismegarrigues.com\/blog\/wp-json\/wp\/v2\/comments?post=3134"}],"version-history":[{"count":1,"href":"https:\/\/www.turismegarrigues.com\/blog\/wp-json\/wp\/v2\/posts\/3134\/revisions"}],"predecessor-version":[{"id":3135,"href":"https:\/\/www.turismegarrigues.com\/blog\/wp-json\/wp\/v2\/posts\/3134\/revisions\/3135"}],"wp:featuredmedia":[{"embeddable":true,"href":"https:\/\/www.turismegarrigues.com\/blog\/wp-json\/wp\/v2\/media\/2039"}],"wp:attachment":[{"href":"https:\/\/www.turismegarrigues.com\/blog\/wp-json\/wp\/v2\/media?parent=3134"}],"wp:term":[{"taxonomy":"category","embeddable":true,"href":"https:\/\/www.turismegarrigues.com\/blog\/wp-json\/wp\/v2\/categories?post=3134"},{"taxonomy":"post_tag","embeddable":true,"href":"https:\/\/www.turismegarrigues.com\/blog\/wp-json\/wp\/v2\/tags?post=3134"}],"curies":[{"name":"wp","href":"https:\/\/api.w.org\/{rel}","templated":true}]}}