{"id":324,"date":"2017-10-19T17:47:18","date_gmt":"2017-10-19T16:47:18","guid":{"rendered":"http:\/\/www.turismegarrigues.com\/blog\/?p=324\/"},"modified":"2018-09-14T06:00:52","modified_gmt":"2018-09-14T05:00:52","slug":"safra-lor-vermell-garrigues","status":"publish","type":"post","link":"https:\/\/www.turismegarrigues.com\/blog\/safra-lor-vermell-garrigues\/","title":{"rendered":"El safr\u00e0, l\u2019or vermell de Les Garrigues."},"content":{"rendered":"<p>A <strong>Les Garrigues<\/strong>, a m\u00e9s de l\u2019oli, tenim altres productes importants com \u00e9s <strong>el safr\u00e0<\/strong>. A continuaci\u00f3, us parlarem de l\u2019origen del safr\u00e0 a les nostres terres i com s\u2019est\u00e0 recuperant en algunes zones. Gr\u00e0cies a aquesta feina en va sortir un treball que es va presentar al <strong>Premi Jove Investigador\/a.<\/strong><\/p>\n<p>A les poblacions com<strong> Juneda, Arbeca, les Borges Blanques, l\u2019Albi, la Granadella i el Vilosell<\/strong> hi havia mercats de safr\u00e0, a m\u00e9s, de fires celebrades durant algunes festes en concret. En el cas del Vilosell, hi ha documentada l\u2019exist\u00e8ncia d\u2019una fira safranera celebrada el 8 de desembre en la festivitat de La Concepci\u00f3 durant els \u00faltims anys del s. XV. El safr\u00e0 era considerat un b\u00e9 molt apreciat en l\u2019antiguitat. Tamb\u00e9 podem dir que el seu preu havia de ser molt alt ja que, a m\u00e9s a m\u00e9s de donar-se en her\u00e8ncia, tamb\u00e9 s\u2019utilitzava com a objecte de disputa entre ciutadans i senyors.<\/p>\n<p><img loading=\"lazy\" decoding=\"async\" class=\"alignnone size-full wp-image-300\" src=\"http:\/\/www.turismegarrigues.com\/blog\/wp-content\/uploads\/994948_318957998247220_628771923_n.jpg\" alt=\"\" width=\"960\" height=\"720\" srcset=\"https:\/\/www.turismegarrigues.com\/blog\/wp-content\/uploads\/994948_318957998247220_628771923_n.jpg 960w, https:\/\/www.turismegarrigues.com\/blog\/wp-content\/uploads\/994948_318957998247220_628771923_n-300x225.jpg 300w, https:\/\/www.turismegarrigues.com\/blog\/wp-content\/uploads\/994948_318957998247220_628771923_n-768x576.jpg 768w\" sizes=\"auto, (max-width: 960px) 100vw, 960px\" \/><\/p>\n<p>Actualment, s\u2019han iniciat projectes de recuperaci\u00f3 d\u2019aquest conreu ja que, en el passat, Catalunya havia estat la major productora a nivell europeu. Els projectes s\u2019estan duent a terme amb import\u00e0ncia, (for\u00e7a, \u00edmpetu) sobretot, a les Garrigues per\u00f2, tamb\u00e9 a les terres de l\u2019Ebre. Aqu\u00ed a les Garrigues tot va comen\u00e7ar amb la iniciativa de Manolo Ram\u00edrez, natural de Granada i resident a l\u2019Albag\u00e9s, que va portar bulbs de la zona de la Manxa i els va plantar a l\u2019Albag\u00e9s. Va observar que el terreny de sec\u00e0 tant propi de les Garrigues era idoni per a aquest conreu.<\/p>\n<p>Va ser ell el primer de la comarca i de tot Catalunya en cultivar i comercialitzar safr\u00e0 100% catal\u00e0. Aquest safr\u00e0 l\u2019ha comercialitzat sota el nom de \u2018\u2019Safr\u00e0 de les Garrigues\u2019\u2019 i prov\u00e9 de parcel\u00b7les de l\u2019Albag\u00e9s i Cervi\u00e0. Es va crear la <strong>Cooperativa Safr\u00e0 de les Garrigues<\/strong> que t\u00e9 la seu a Cervi\u00e0, qui organitza la <strong>Festa de la Rosa del Safr\u00e0<\/strong> de les Garrigues per promocionar el seu producte a trav\u00e9s de diferents activitats.<\/p>\n<p><img loading=\"lazy\" decoding=\"async\" class=\"alignnone size-full wp-image-325\" src=\"http:\/\/www.turismegarrigues.com\/blog\/wp-content\/uploads\/1001991_318957938247226_663897037_n.jpg\" alt=\"\" width=\"960\" height=\"720\" srcset=\"https:\/\/www.turismegarrigues.com\/blog\/wp-content\/uploads\/1001991_318957938247226_663897037_n.jpg 960w, https:\/\/www.turismegarrigues.com\/blog\/wp-content\/uploads\/1001991_318957938247226_663897037_n-300x225.jpg 300w, https:\/\/www.turismegarrigues.com\/blog\/wp-content\/uploads\/1001991_318957938247226_663897037_n-768x576.jpg 768w\" sizes=\"auto, (max-width: 960px) 100vw, 960px\" \/><\/p>\n<p><img loading=\"lazy\" decoding=\"async\" class=\"alignnone size-full wp-image-326\" src=\"http:\/\/www.turismegarrigues.com\/blog\/wp-content\/uploads\/IMG-20151029-WA0017.jpg\" alt=\"\" width=\"614\" height=\"1024\" srcset=\"https:\/\/www.turismegarrigues.com\/blog\/wp-content\/uploads\/IMG-20151029-WA0017.jpg 614w, https:\/\/www.turismegarrigues.com\/blog\/wp-content\/uploads\/IMG-20151029-WA0017-180x300.jpg 180w\" sizes=\"auto, (max-width: 614px) 100vw, 614px\" \/><\/p>\n<p>Aviat us donarem tota la informaci\u00f3 sobre la Festa de la Rosa del Safr\u00e0 d\u2019enguany. <\/p>\n","protected":false},"excerpt":{"rendered":"<p>A Les Garrigues, a m\u00e9s de l\u2019oli, tenim altres productes importants com \u00e9s el safr\u00e0. A continuaci\u00f3, us parlarem de l\u2019origen del safr\u00e0 a les nostres terres i com s\u2019est\u00e0 recuperant en algunes zones. Gr\u00e0cies a aquesta feina en va sortir un treball que es va presentar al Premi Jove Investigador\/a. A les poblacions com &#8230; <a title=\"El safr\u00e0, l\u2019or vermell de Les Garrigues.\" class=\"read-more\" href=\"https:\/\/www.turismegarrigues.com\/blog\/safra-lor-vermell-garrigues\/\" aria-label=\"M\u00e9s informaci\u00f3 sobre El safr\u00e0, l\u2019or vermell de Les Garrigues.\">Llegiu m\u00e9s<\/a><\/p>\n","protected":false},"author":2,"featured_media":300,"comment_status":"closed","ping_status":"closed","sticky":false,"template":"","format":"standard","meta":{"footnotes":""},"categories":[14],"tags":[],"class_list":["post-324","post","type-post","status-publish","format-standard","has-post-thumbnail","hentry","category-actualitat"],"yoast_head":"<!-- This site is optimized with the Yoast SEO plugin v24.4 - https:\/\/yoast.com\/wordpress\/plugins\/seo\/ -->\n<title>El safr\u00e0, l&#039;or vermell de Les Garrigues<\/title>\n<meta name=\"description\" content=\"A Les Garrigues , a m\u00e9s de l\u2019oli, tenim altres productes importants com \u00e9s el safr\u00e0.\" \/>\n<meta name=\"robots\" content=\"index, follow, max-snippet:-1, max-image-preview:large, max-video-preview:-1\" \/>\n<link rel=\"canonical\" href=\"https:\/\/www.turismegarrigues.com\/blog\/safra-lor-vermell-garrigues\/\" \/>\n<meta property=\"og:locale\" content=\"ca_ES\" \/>\n<meta property=\"og:type\" content=\"article\" \/>\n<meta property=\"og:title\" content=\"El safr\u00e0, l&#039;or vermell de Les Garrigues\" \/>\n<meta property=\"og:description\" content=\"A Les Garrigues , a m\u00e9s de l\u2019oli, tenim altres productes importants com \u00e9s el safr\u00e0.\" \/>\n<meta property=\"og:url\" content=\"https:\/\/www.turismegarrigues.com\/blog\/safra-lor-vermell-garrigues\/\" \/>\n<meta property=\"og:site_name\" content=\"Turisme de les Garrigues\" \/>\n<meta property=\"article:published_time\" content=\"2017-10-19T16:47:18+00:00\" \/>\n<meta property=\"article:modified_time\" content=\"2018-09-14T05:00:52+00:00\" \/>\n<meta property=\"og:image\" content=\"https:\/\/www.turismegarrigues.com\/blog\/wp-content\/uploads\/994948_318957998247220_628771923_n.jpg\" \/>\n\t<meta property=\"og:image:width\" content=\"960\" \/>\n\t<meta property=\"og:image:height\" content=\"720\" \/>\n\t<meta property=\"og:image:type\" content=\"image\/jpeg\" \/>\n<meta name=\"author\" content=\"turismegarrigues\" \/>\n<meta name=\"twitter:card\" content=\"summary_large_image\" \/>\n<meta name=\"twitter:label1\" content=\"Escrit per\" \/>\n\t<meta name=\"twitter:data1\" content=\"turismegarrigues\" \/>\n\t<meta name=\"twitter:label2\" content=\"Temps estimat de lectura\" \/>\n\t<meta name=\"twitter:data2\" content=\"2 minuts\" \/>\n<script type=\"application\/ld+json\" class=\"yoast-schema-graph\">{\"@context\":\"https:\/\/schema.org\",\"@graph\":[{\"@type\":\"WebPage\",\"@id\":\"https:\/\/www.turismegarrigues.com\/blog\/safra-lor-vermell-garrigues\/\",\"url\":\"https:\/\/www.turismegarrigues.com\/blog\/safra-lor-vermell-garrigues\/\",\"name\":\"El safr\u00e0, l'or vermell de Les Garrigues\",\"isPartOf\":{\"@id\":\"https:\/\/www.turismegarrigues.com\/blog\/#website\"},\"primaryImageOfPage\":{\"@id\":\"https:\/\/www.turismegarrigues.com\/blog\/safra-lor-vermell-garrigues\/#primaryimage\"},\"image\":{\"@id\":\"https:\/\/www.turismegarrigues.com\/blog\/safra-lor-vermell-garrigues\/#primaryimage\"},\"thumbnailUrl\":\"https:\/\/www.turismegarrigues.com\/blog\/wp-content\/uploads\/994948_318957998247220_628771923_n.jpg\",\"datePublished\":\"2017-10-19T16:47:18+00:00\",\"dateModified\":\"2018-09-14T05:00:52+00:00\",\"author\":{\"@id\":\"https:\/\/www.turismegarrigues.com\/blog\/#\/schema\/person\/7ada9dce6475184bb0c0a652f29c9653\"},\"description\":\"A Les Garrigues , a m\u00e9s de l\u2019oli, tenim altres productes importants com \u00e9s el safr\u00e0.\",\"breadcrumb\":{\"@id\":\"https:\/\/www.turismegarrigues.com\/blog\/safra-lor-vermell-garrigues\/#breadcrumb\"},\"inLanguage\":\"ca\",\"potentialAction\":[{\"@type\":\"ReadAction\",\"target\":[\"https:\/\/www.turismegarrigues.com\/blog\/safra-lor-vermell-garrigues\/\"]}]},{\"@type\":\"ImageObject\",\"inLanguage\":\"ca\",\"@id\":\"https:\/\/www.turismegarrigues.com\/blog\/safra-lor-vermell-garrigues\/#primaryimage\",\"url\":\"https:\/\/www.turismegarrigues.com\/blog\/wp-content\/uploads\/994948_318957998247220_628771923_n.jpg\",\"contentUrl\":\"https:\/\/www.turismegarrigues.com\/blog\/wp-content\/uploads\/994948_318957998247220_628771923_n.jpg\",\"width\":960,\"height\":720},{\"@type\":\"BreadcrumbList\",\"@id\":\"https:\/\/www.turismegarrigues.com\/blog\/safra-lor-vermell-garrigues\/#breadcrumb\",\"itemListElement\":[{\"@type\":\"ListItem\",\"position\":1,\"name\":\"Inici\",\"item\":\"https:\/\/www.turismegarrigues.com\/blog\/\"},{\"@type\":\"ListItem\",\"position\":2,\"name\":\"El safr\u00e0, l\u2019or vermell de Les Garrigues.\"}]},{\"@type\":\"WebSite\",\"@id\":\"https:\/\/www.turismegarrigues.com\/blog\/#website\",\"url\":\"https:\/\/www.turismegarrigues.com\/blog\/\",\"name\":\"Turisme de les Garrigues\",\"description\":\"Blog\",\"potentialAction\":[{\"@type\":\"SearchAction\",\"target\":{\"@type\":\"EntryPoint\",\"urlTemplate\":\"https:\/\/www.turismegarrigues.com\/blog\/?s={search_term_string}\"},\"query-input\":{\"@type\":\"PropertyValueSpecification\",\"valueRequired\":true,\"valueName\":\"search_term_string\"}}],\"inLanguage\":\"ca\"},{\"@type\":\"Person\",\"@id\":\"https:\/\/www.turismegarrigues.com\/blog\/#\/schema\/person\/7ada9dce6475184bb0c0a652f29c9653\",\"name\":\"turismegarrigues\",\"image\":{\"@type\":\"ImageObject\",\"inLanguage\":\"ca\",\"@id\":\"https:\/\/www.turismegarrigues.com\/blog\/#\/schema\/person\/image\/\",\"url\":\"https:\/\/secure.gravatar.com\/avatar\/2479dec683bf2f700ffae0009a0a72796d18201a99196df0e23b11ae9749e88e?s=96&d=mm&r=g\",\"contentUrl\":\"https:\/\/secure.gravatar.com\/avatar\/2479dec683bf2f700ffae0009a0a72796d18201a99196df0e23b11ae9749e88e?s=96&d=mm&r=g\",\"caption\":\"turismegarrigues\"},\"sameAs\":[\"http:\/\/www.turismegarrigues.com\/\"],\"url\":\"https:\/\/www.turismegarrigues.com\/blog\/author\/turismegarrigues\/\"}]}<\/script>\n<!-- \/ Yoast SEO plugin. -->","yoast_head_json":{"title":"El safr\u00e0, l'or vermell de Les Garrigues","description":"A Les Garrigues , a m\u00e9s de l\u2019oli, tenim altres productes importants com \u00e9s el safr\u00e0.","robots":{"index":"index","follow":"follow","max-snippet":"max-snippet:-1","max-image-preview":"max-image-preview:large","max-video-preview":"max-video-preview:-1"},"canonical":"https:\/\/www.turismegarrigues.com\/blog\/safra-lor-vermell-garrigues\/","og_locale":"ca_ES","og_type":"article","og_title":"El safr\u00e0, l'or vermell de Les Garrigues","og_description":"A Les Garrigues , a m\u00e9s de l\u2019oli, tenim altres productes importants com \u00e9s el safr\u00e0.","og_url":"https:\/\/www.turismegarrigues.com\/blog\/safra-lor-vermell-garrigues\/","og_site_name":"Turisme de les Garrigues","article_published_time":"2017-10-19T16:47:18+00:00","article_modified_time":"2018-09-14T05:00:52+00:00","og_image":[{"width":960,"height":720,"url":"https:\/\/www.turismegarrigues.com\/blog\/wp-content\/uploads\/994948_318957998247220_628771923_n.jpg","type":"image\/jpeg"}],"author":"turismegarrigues","twitter_card":"summary_large_image","twitter_misc":{"Escrit per":"turismegarrigues","Temps estimat de lectura":"2 minuts"},"schema":{"@context":"https:\/\/schema.org","@graph":[{"@type":"WebPage","@id":"https:\/\/www.turismegarrigues.com\/blog\/safra-lor-vermell-garrigues\/","url":"https:\/\/www.turismegarrigues.com\/blog\/safra-lor-vermell-garrigues\/","name":"El safr\u00e0, l'or vermell de Les Garrigues","isPartOf":{"@id":"https:\/\/www.turismegarrigues.com\/blog\/#website"},"primaryImageOfPage":{"@id":"https:\/\/www.turismegarrigues.com\/blog\/safra-lor-vermell-garrigues\/#primaryimage"},"image":{"@id":"https:\/\/www.turismegarrigues.com\/blog\/safra-lor-vermell-garrigues\/#primaryimage"},"thumbnailUrl":"https:\/\/www.turismegarrigues.com\/blog\/wp-content\/uploads\/994948_318957998247220_628771923_n.jpg","datePublished":"2017-10-19T16:47:18+00:00","dateModified":"2018-09-14T05:00:52+00:00","author":{"@id":"https:\/\/www.turismegarrigues.com\/blog\/#\/schema\/person\/7ada9dce6475184bb0c0a652f29c9653"},"description":"A Les Garrigues , a m\u00e9s de l\u2019oli, tenim altres productes importants com \u00e9s el safr\u00e0.","breadcrumb":{"@id":"https:\/\/www.turismegarrigues.com\/blog\/safra-lor-vermell-garrigues\/#breadcrumb"},"inLanguage":"ca","potentialAction":[{"@type":"ReadAction","target":["https:\/\/www.turismegarrigues.com\/blog\/safra-lor-vermell-garrigues\/"]}]},{"@type":"ImageObject","inLanguage":"ca","@id":"https:\/\/www.turismegarrigues.com\/blog\/safra-lor-vermell-garrigues\/#primaryimage","url":"https:\/\/www.turismegarrigues.com\/blog\/wp-content\/uploads\/994948_318957998247220_628771923_n.jpg","contentUrl":"https:\/\/www.turismegarrigues.com\/blog\/wp-content\/uploads\/994948_318957998247220_628771923_n.jpg","width":960,"height":720},{"@type":"BreadcrumbList","@id":"https:\/\/www.turismegarrigues.com\/blog\/safra-lor-vermell-garrigues\/#breadcrumb","itemListElement":[{"@type":"ListItem","position":1,"name":"Inici","item":"https:\/\/www.turismegarrigues.com\/blog\/"},{"@type":"ListItem","position":2,"name":"El safr\u00e0, l\u2019or vermell de Les Garrigues."}]},{"@type":"WebSite","@id":"https:\/\/www.turismegarrigues.com\/blog\/#website","url":"https:\/\/www.turismegarrigues.com\/blog\/","name":"Turisme de les Garrigues","description":"Blog","potentialAction":[{"@type":"SearchAction","target":{"@type":"EntryPoint","urlTemplate":"https:\/\/www.turismegarrigues.com\/blog\/?s={search_term_string}"},"query-input":{"@type":"PropertyValueSpecification","valueRequired":true,"valueName":"search_term_string"}}],"inLanguage":"ca"},{"@type":"Person","@id":"https:\/\/www.turismegarrigues.com\/blog\/#\/schema\/person\/7ada9dce6475184bb0c0a652f29c9653","name":"turismegarrigues","image":{"@type":"ImageObject","inLanguage":"ca","@id":"https:\/\/www.turismegarrigues.com\/blog\/#\/schema\/person\/image\/","url":"https:\/\/secure.gravatar.com\/avatar\/2479dec683bf2f700ffae0009a0a72796d18201a99196df0e23b11ae9749e88e?s=96&d=mm&r=g","contentUrl":"https:\/\/secure.gravatar.com\/avatar\/2479dec683bf2f700ffae0009a0a72796d18201a99196df0e23b11ae9749e88e?s=96&d=mm&r=g","caption":"turismegarrigues"},"sameAs":["http:\/\/www.turismegarrigues.com\/"],"url":"https:\/\/www.turismegarrigues.com\/blog\/author\/turismegarrigues\/"}]}},"_links":{"self":[{"href":"https:\/\/www.turismegarrigues.com\/blog\/wp-json\/wp\/v2\/posts\/324","targetHints":{"allow":["GET"]}}],"collection":[{"href":"https:\/\/www.turismegarrigues.com\/blog\/wp-json\/wp\/v2\/posts"}],"about":[{"href":"https:\/\/www.turismegarrigues.com\/blog\/wp-json\/wp\/v2\/types\/post"}],"author":[{"embeddable":true,"href":"https:\/\/www.turismegarrigues.com\/blog\/wp-json\/wp\/v2\/users\/2"}],"replies":[{"embeddable":true,"href":"https:\/\/www.turismegarrigues.com\/blog\/wp-json\/wp\/v2\/comments?post=324"}],"version-history":[{"count":4,"href":"https:\/\/www.turismegarrigues.com\/blog\/wp-json\/wp\/v2\/posts\/324\/revisions"}],"predecessor-version":[{"id":1299,"href":"https:\/\/www.turismegarrigues.com\/blog\/wp-json\/wp\/v2\/posts\/324\/revisions\/1299"}],"wp:featuredmedia":[{"embeddable":true,"href":"https:\/\/www.turismegarrigues.com\/blog\/wp-json\/wp\/v2\/media\/300"}],"wp:attachment":[{"href":"https:\/\/www.turismegarrigues.com\/blog\/wp-json\/wp\/v2\/media?parent=324"}],"wp:term":[{"taxonomy":"category","embeddable":true,"href":"https:\/\/www.turismegarrigues.com\/blog\/wp-json\/wp\/v2\/categories?post=324"},{"taxonomy":"post_tag","embeddable":true,"href":"https:\/\/www.turismegarrigues.com\/blog\/wp-json\/wp\/v2\/tags?post=324"}],"curies":[{"name":"wp","href":"https:\/\/api.w.org\/{rel}","templated":true}]}}