{"id":420,"date":"2017-12-01T08:24:48","date_gmt":"2017-12-01T07:24:48","guid":{"rendered":"http:\/\/www.turismegarrigues.com\/blog\/?p=420"},"modified":"2018-09-14T05:59:36","modified_gmt":"2018-09-14T04:59:36","slug":"oli-de-les-garrigues","status":"publish","type":"post","link":"https:\/\/www.turismegarrigues.com\/blog\/oli-de-les-garrigues\/","title":{"rendered":"Oli de les Garrigues"},"content":{"rendered":"<p>La comarca de <strong>les Garrigues<\/strong> degut al seu relleu i la manca de regs, s\u2019ha especialitzat en el cultiu de conreus de sec\u00e0 com \u00e9s l\u2019olivera. \u00c9s per aix\u00f2 que a les Garrigues es produeix un dels millors olis del m\u00f3n.<\/p>\n<p>La primera <strong>denominaci\u00f3 d\u2019origen de l\u2019oli de tot l\u2019Estat espanyol<\/strong> fou la <strong>denominaci\u00f3 d\u2019origen les Garrigues<\/strong>, reconeguda per Ordre del Ministeri d\u2019Agricultura del 28 d\u2019octubre de 1975.<\/p>\n<p>La zona de producci\u00f3 se situa al sud de la prov\u00edncia de Lleida i compren els municipis de la comarca de les Garrigues i alguns municipis de les comarques del Segri\u00e0 i l\u2019Urgell.<\/p>\n<p>Les varietat admeses s\u00f3n <strong>l\u2019arbequina i la verdiell.<\/strong> D\u2019aquestes dues, un 90% de l\u2019oli que es produeix s\u2019extreu de la varietat arbequina. Segons l\u2019\u00e8poca de recol\u00b7lecci\u00f3 es poden distingir diversos tipus d\u2019oli d\u2019oliva dels qu\u00e8 destaquem:<\/p>\n<ul>\n<li>Fruitat verd; prov\u00e9 d\u2019una recol\u00b7lecci\u00f3 primerenca, de color verd\u00f3s, amb bastant cos i lleugerament amargant. Trobem dos varietats del fruitat, verd dol\u00e7, verd amarg.<\/li>\n<li>Fruitat madur: prov\u00e9 d\u2019una recol\u00b7lecci\u00f3 m\u00e9s tardana, \u00e9s de color groc i m\u00e9s fluid.<\/li>\n<\/ul>\n<p><img loading=\"lazy\" decoding=\"async\" class=\"alignnone size-full wp-image-426\" src=\"http:\/\/www.turismegarrigues.com\/blog\/wp-content\/uploads\/IMG_1173.jpg\" alt=\"\" width=\"1024\" height=\"635\" srcset=\"https:\/\/www.turismegarrigues.com\/blog\/wp-content\/uploads\/IMG_1173.jpg 1024w, https:\/\/www.turismegarrigues.com\/blog\/wp-content\/uploads\/IMG_1173-300x186.jpg 300w, https:\/\/www.turismegarrigues.com\/blog\/wp-content\/uploads\/IMG_1173-768x476.jpg 768w\" sizes=\"auto, (max-width: 1024px) 100vw, 1024px\" \/><\/p>\n","protected":false},"excerpt":{"rendered":"<p>La comarca de les Garrigues degut al seu relleu i la manca de regs, s\u2019ha especialitzat en el cultiu de conreus de sec\u00e0 com \u00e9s l\u2019olivera. \u00c9s per aix\u00f2 que a les Garrigues es produeix un dels millors olis del m\u00f3n. La primera denominaci\u00f3 d\u2019origen de l\u2019oli de tot l\u2019Estat espanyol fou la denominaci\u00f3 d\u2019origen &#8230; <a title=\"Oli de les Garrigues\" class=\"read-more\" href=\"https:\/\/www.turismegarrigues.com\/blog\/oli-de-les-garrigues\/\" aria-label=\"M\u00e9s informaci\u00f3 sobre Oli de les Garrigues\">Llegiu m\u00e9s<\/a><\/p>\n","protected":false},"author":2,"featured_media":427,"comment_status":"closed","ping_status":"closed","sticky":false,"template":"","format":"standard","meta":{"footnotes":""},"categories":[12],"tags":[],"class_list":["post-420","post","type-post","status-publish","format-standard","has-post-thumbnail","hentry","category-gastronomia"],"yoast_head":"<!-- This site is optimized with the Yoast SEO plugin v24.4 - https:\/\/yoast.com\/wordpress\/plugins\/seo\/ -->\n<title>Oli de les Garrigues<\/title>\n<meta name=\"description\" content=\"La comarca de les Garrigues degut al seu relleu i la manca de regs, s\u2019ha especialitzat en el cultiu de conreus de sec\u00e0 com \u00e9s l\u2019olivera.\" \/>\n<meta name=\"robots\" content=\"index, follow, max-snippet:-1, max-image-preview:large, max-video-preview:-1\" \/>\n<link rel=\"canonical\" href=\"https:\/\/www.turismegarrigues.com\/blog\/oli-de-les-garrigues\/\" \/>\n<meta property=\"og:locale\" content=\"ca_ES\" \/>\n<meta property=\"og:type\" content=\"article\" \/>\n<meta property=\"og:title\" content=\"Oli de les Garrigues\" \/>\n<meta property=\"og:description\" content=\"La comarca de les Garrigues degut al seu relleu i la manca de regs, s\u2019ha especialitzat en el cultiu de conreus de sec\u00e0 com \u00e9s l\u2019olivera.\" \/>\n<meta property=\"og:url\" content=\"https:\/\/www.turismegarrigues.com\/blog\/oli-de-les-garrigues\/\" \/>\n<meta property=\"og:site_name\" content=\"Turisme de les Garrigues\" \/>\n<meta property=\"article:published_time\" content=\"2017-12-01T07:24:48+00:00\" \/>\n<meta property=\"article:modified_time\" content=\"2018-09-14T04:59:36+00:00\" \/>\n<meta property=\"og:image\" content=\"https:\/\/www.turismegarrigues.com\/blog\/wp-content\/uploads\/IMG_1193.jpg\" \/>\n\t<meta property=\"og:image:width\" content=\"1024\" \/>\n\t<meta property=\"og:image:height\" content=\"683\" \/>\n\t<meta property=\"og:image:type\" content=\"image\/jpeg\" \/>\n<meta name=\"author\" content=\"turismegarrigues\" \/>\n<meta name=\"twitter:card\" content=\"summary_large_image\" \/>\n<meta name=\"twitter:label1\" content=\"Escrit per\" \/>\n\t<meta name=\"twitter:data1\" content=\"turismegarrigues\" \/>\n\t<meta name=\"twitter:label2\" content=\"Temps estimat de lectura\" \/>\n\t<meta name=\"twitter:data2\" content=\"1 minut\" \/>\n<script type=\"application\/ld+json\" class=\"yoast-schema-graph\">{\"@context\":\"https:\/\/schema.org\",\"@graph\":[{\"@type\":\"WebPage\",\"@id\":\"https:\/\/www.turismegarrigues.com\/blog\/oli-de-les-garrigues\/\",\"url\":\"https:\/\/www.turismegarrigues.com\/blog\/oli-de-les-garrigues\/\",\"name\":\"Oli de les Garrigues\",\"isPartOf\":{\"@id\":\"https:\/\/www.turismegarrigues.com\/blog\/#website\"},\"primaryImageOfPage\":{\"@id\":\"https:\/\/www.turismegarrigues.com\/blog\/oli-de-les-garrigues\/#primaryimage\"},\"image\":{\"@id\":\"https:\/\/www.turismegarrigues.com\/blog\/oli-de-les-garrigues\/#primaryimage\"},\"thumbnailUrl\":\"https:\/\/www.turismegarrigues.com\/blog\/wp-content\/uploads\/IMG_1193.jpg\",\"datePublished\":\"2017-12-01T07:24:48+00:00\",\"dateModified\":\"2018-09-14T04:59:36+00:00\",\"author\":{\"@id\":\"https:\/\/www.turismegarrigues.com\/blog\/#\/schema\/person\/7ada9dce6475184bb0c0a652f29c9653\"},\"description\":\"La comarca de les Garrigues degut al seu relleu i la manca de regs, s\u2019ha especialitzat en el cultiu de conreus de sec\u00e0 com \u00e9s l\u2019olivera.\",\"breadcrumb\":{\"@id\":\"https:\/\/www.turismegarrigues.com\/blog\/oli-de-les-garrigues\/#breadcrumb\"},\"inLanguage\":\"ca\",\"potentialAction\":[{\"@type\":\"ReadAction\",\"target\":[\"https:\/\/www.turismegarrigues.com\/blog\/oli-de-les-garrigues\/\"]}]},{\"@type\":\"ImageObject\",\"inLanguage\":\"ca\",\"@id\":\"https:\/\/www.turismegarrigues.com\/blog\/oli-de-les-garrigues\/#primaryimage\",\"url\":\"https:\/\/www.turismegarrigues.com\/blog\/wp-content\/uploads\/IMG_1193.jpg\",\"contentUrl\":\"https:\/\/www.turismegarrigues.com\/blog\/wp-content\/uploads\/IMG_1193.jpg\",\"width\":1024,\"height\":683},{\"@type\":\"BreadcrumbList\",\"@id\":\"https:\/\/www.turismegarrigues.com\/blog\/oli-de-les-garrigues\/#breadcrumb\",\"itemListElement\":[{\"@type\":\"ListItem\",\"position\":1,\"name\":\"Inici\",\"item\":\"https:\/\/www.turismegarrigues.com\/blog\/\"},{\"@type\":\"ListItem\",\"position\":2,\"name\":\"Oli de les Garrigues\"}]},{\"@type\":\"WebSite\",\"@id\":\"https:\/\/www.turismegarrigues.com\/blog\/#website\",\"url\":\"https:\/\/www.turismegarrigues.com\/blog\/\",\"name\":\"Turisme de les Garrigues\",\"description\":\"Blog\",\"potentialAction\":[{\"@type\":\"SearchAction\",\"target\":{\"@type\":\"EntryPoint\",\"urlTemplate\":\"https:\/\/www.turismegarrigues.com\/blog\/?s={search_term_string}\"},\"query-input\":{\"@type\":\"PropertyValueSpecification\",\"valueRequired\":true,\"valueName\":\"search_term_string\"}}],\"inLanguage\":\"ca\"},{\"@type\":\"Person\",\"@id\":\"https:\/\/www.turismegarrigues.com\/blog\/#\/schema\/person\/7ada9dce6475184bb0c0a652f29c9653\",\"name\":\"turismegarrigues\",\"image\":{\"@type\":\"ImageObject\",\"inLanguage\":\"ca\",\"@id\":\"https:\/\/www.turismegarrigues.com\/blog\/#\/schema\/person\/image\/\",\"url\":\"https:\/\/secure.gravatar.com\/avatar\/2479dec683bf2f700ffae0009a0a72796d18201a99196df0e23b11ae9749e88e?s=96&d=mm&r=g\",\"contentUrl\":\"https:\/\/secure.gravatar.com\/avatar\/2479dec683bf2f700ffae0009a0a72796d18201a99196df0e23b11ae9749e88e?s=96&d=mm&r=g\",\"caption\":\"turismegarrigues\"},\"sameAs\":[\"http:\/\/www.turismegarrigues.com\/\"],\"url\":\"https:\/\/www.turismegarrigues.com\/blog\/author\/turismegarrigues\/\"}]}<\/script>\n<!-- \/ Yoast SEO plugin. -->","yoast_head_json":{"title":"Oli de les Garrigues","description":"La comarca de les Garrigues degut al seu relleu i la manca de regs, s\u2019ha especialitzat en el cultiu de conreus de sec\u00e0 com \u00e9s l\u2019olivera.","robots":{"index":"index","follow":"follow","max-snippet":"max-snippet:-1","max-image-preview":"max-image-preview:large","max-video-preview":"max-video-preview:-1"},"canonical":"https:\/\/www.turismegarrigues.com\/blog\/oli-de-les-garrigues\/","og_locale":"ca_ES","og_type":"article","og_title":"Oli de les Garrigues","og_description":"La comarca de les Garrigues degut al seu relleu i la manca de regs, s\u2019ha especialitzat en el cultiu de conreus de sec\u00e0 com \u00e9s l\u2019olivera.","og_url":"https:\/\/www.turismegarrigues.com\/blog\/oli-de-les-garrigues\/","og_site_name":"Turisme de les Garrigues","article_published_time":"2017-12-01T07:24:48+00:00","article_modified_time":"2018-09-14T04:59:36+00:00","og_image":[{"width":1024,"height":683,"url":"https:\/\/www.turismegarrigues.com\/blog\/wp-content\/uploads\/IMG_1193.jpg","type":"image\/jpeg"}],"author":"turismegarrigues","twitter_card":"summary_large_image","twitter_misc":{"Escrit per":"turismegarrigues","Temps estimat de lectura":"1 minut"},"schema":{"@context":"https:\/\/schema.org","@graph":[{"@type":"WebPage","@id":"https:\/\/www.turismegarrigues.com\/blog\/oli-de-les-garrigues\/","url":"https:\/\/www.turismegarrigues.com\/blog\/oli-de-les-garrigues\/","name":"Oli de les Garrigues","isPartOf":{"@id":"https:\/\/www.turismegarrigues.com\/blog\/#website"},"primaryImageOfPage":{"@id":"https:\/\/www.turismegarrigues.com\/blog\/oli-de-les-garrigues\/#primaryimage"},"image":{"@id":"https:\/\/www.turismegarrigues.com\/blog\/oli-de-les-garrigues\/#primaryimage"},"thumbnailUrl":"https:\/\/www.turismegarrigues.com\/blog\/wp-content\/uploads\/IMG_1193.jpg","datePublished":"2017-12-01T07:24:48+00:00","dateModified":"2018-09-14T04:59:36+00:00","author":{"@id":"https:\/\/www.turismegarrigues.com\/blog\/#\/schema\/person\/7ada9dce6475184bb0c0a652f29c9653"},"description":"La comarca de les Garrigues degut al seu relleu i la manca de regs, s\u2019ha especialitzat en el cultiu de conreus de sec\u00e0 com \u00e9s l\u2019olivera.","breadcrumb":{"@id":"https:\/\/www.turismegarrigues.com\/blog\/oli-de-les-garrigues\/#breadcrumb"},"inLanguage":"ca","potentialAction":[{"@type":"ReadAction","target":["https:\/\/www.turismegarrigues.com\/blog\/oli-de-les-garrigues\/"]}]},{"@type":"ImageObject","inLanguage":"ca","@id":"https:\/\/www.turismegarrigues.com\/blog\/oli-de-les-garrigues\/#primaryimage","url":"https:\/\/www.turismegarrigues.com\/blog\/wp-content\/uploads\/IMG_1193.jpg","contentUrl":"https:\/\/www.turismegarrigues.com\/blog\/wp-content\/uploads\/IMG_1193.jpg","width":1024,"height":683},{"@type":"BreadcrumbList","@id":"https:\/\/www.turismegarrigues.com\/blog\/oli-de-les-garrigues\/#breadcrumb","itemListElement":[{"@type":"ListItem","position":1,"name":"Inici","item":"https:\/\/www.turismegarrigues.com\/blog\/"},{"@type":"ListItem","position":2,"name":"Oli de les Garrigues"}]},{"@type":"WebSite","@id":"https:\/\/www.turismegarrigues.com\/blog\/#website","url":"https:\/\/www.turismegarrigues.com\/blog\/","name":"Turisme de les Garrigues","description":"Blog","potentialAction":[{"@type":"SearchAction","target":{"@type":"EntryPoint","urlTemplate":"https:\/\/www.turismegarrigues.com\/blog\/?s={search_term_string}"},"query-input":{"@type":"PropertyValueSpecification","valueRequired":true,"valueName":"search_term_string"}}],"inLanguage":"ca"},{"@type":"Person","@id":"https:\/\/www.turismegarrigues.com\/blog\/#\/schema\/person\/7ada9dce6475184bb0c0a652f29c9653","name":"turismegarrigues","image":{"@type":"ImageObject","inLanguage":"ca","@id":"https:\/\/www.turismegarrigues.com\/blog\/#\/schema\/person\/image\/","url":"https:\/\/secure.gravatar.com\/avatar\/2479dec683bf2f700ffae0009a0a72796d18201a99196df0e23b11ae9749e88e?s=96&d=mm&r=g","contentUrl":"https:\/\/secure.gravatar.com\/avatar\/2479dec683bf2f700ffae0009a0a72796d18201a99196df0e23b11ae9749e88e?s=96&d=mm&r=g","caption":"turismegarrigues"},"sameAs":["http:\/\/www.turismegarrigues.com\/"],"url":"https:\/\/www.turismegarrigues.com\/blog\/author\/turismegarrigues\/"}]}},"_links":{"self":[{"href":"https:\/\/www.turismegarrigues.com\/blog\/wp-json\/wp\/v2\/posts\/420","targetHints":{"allow":["GET"]}}],"collection":[{"href":"https:\/\/www.turismegarrigues.com\/blog\/wp-json\/wp\/v2\/posts"}],"about":[{"href":"https:\/\/www.turismegarrigues.com\/blog\/wp-json\/wp\/v2\/types\/post"}],"author":[{"embeddable":true,"href":"https:\/\/www.turismegarrigues.com\/blog\/wp-json\/wp\/v2\/users\/2"}],"replies":[{"embeddable":true,"href":"https:\/\/www.turismegarrigues.com\/blog\/wp-json\/wp\/v2\/comments?post=420"}],"version-history":[{"count":5,"href":"https:\/\/www.turismegarrigues.com\/blog\/wp-json\/wp\/v2\/posts\/420\/revisions"}],"predecessor-version":[{"id":1290,"href":"https:\/\/www.turismegarrigues.com\/blog\/wp-json\/wp\/v2\/posts\/420\/revisions\/1290"}],"wp:featuredmedia":[{"embeddable":true,"href":"https:\/\/www.turismegarrigues.com\/blog\/wp-json\/wp\/v2\/media\/427"}],"wp:attachment":[{"href":"https:\/\/www.turismegarrigues.com\/blog\/wp-json\/wp\/v2\/media?parent=420"}],"wp:term":[{"taxonomy":"category","embeddable":true,"href":"https:\/\/www.turismegarrigues.com\/blog\/wp-json\/wp\/v2\/categories?post=420"},{"taxonomy":"post_tag","embeddable":true,"href":"https:\/\/www.turismegarrigues.com\/blog\/wp-json\/wp\/v2\/tags?post=420"}],"curies":[{"name":"wp","href":"https:\/\/api.w.org\/{rel}","templated":true}]}}