{"id":475,"date":"2018-01-26T18:56:03","date_gmt":"2018-01-26T17:56:03","guid":{"rendered":"http:\/\/www.turismegarrigues.com\/blog\/?p=475"},"modified":"2018-09-14T06:01:45","modified_gmt":"2018-09-14T05:01:45","slug":"programa-musical-cafeteria-slavia-gener-maig","status":"publish","type":"post","link":"https:\/\/www.turismegarrigues.com\/blog\/programa-musical-cafeteria-slavia-gener-maig\/","title":{"rendered":"Programa musical de la Cafeteria Sl\u00e0via (gener-maig)"},"content":{"rendered":"<p>La <strong>cafeteria Sl\u00e0via<\/strong>, \u00e9s un escenari privilegiat per observar el quefer diari de les Borges Blanques, \u00e9s un punt de refer\u00e8ncia cultural a les Terres de Ponent on hi arriben grups musicals d\u2019arreu el territori i ens fan ballar amb les seves can\u00e7ons. Cada any, la cafeteria Sl\u00e0via presenta un programa musical que omple el local cada cap de setmana.<\/p>\n<p>El 13 de gener va obrir la temporada<strong> Xarim Arest\u00e9<\/strong> i tancar\u00e0 el mes amb el concert del <strong>Muchacho &amp; Los Sobrinos <\/strong>que faran ballar el p\u00fablic amb la seva rumba el pr\u00f2xim dissabte 27 de gener.<\/p>\n<p><img loading=\"lazy\" decoding=\"async\" class=\"alignnone size-full wp-image-476\" src=\"http:\/\/www.turismegarrigues.com\/blog\/wp-content\/uploads\/muchachos.jpg\" alt=\"\" width=\"739\" height=\"566\" srcset=\"https:\/\/www.turismegarrigues.com\/blog\/wp-content\/uploads\/muchachos.jpg 739w, https:\/\/www.turismegarrigues.com\/blog\/wp-content\/uploads\/muchachos-300x230.jpg 300w\" sizes=\"auto, (max-width: 739px) 100vw, 739px\" \/><\/p>\n<p>Durant el mes de febrer podreu gaudir dels concerts del cantautor, poeta i m\u00fasic <strong>Joan Isaac<\/strong> el dia 3, seguit del m\u00fasic osonenc <strong>Guillem Roma<\/strong> que ens portar\u00e0 can\u00e7ons amb personalitat pr\u00f2pia i creativitat. El dissabte 27 de febrer arriba <strong>Andreu Mart\u00ednez<\/strong>, un <a href=\"https:\/\/ca.wikipedia.org\/wiki\/Guitarrista\">guitarrista<\/a>, <a href=\"https:\/\/ca.wikipedia.org\/wiki\/Compositor\">compositor<\/a>, <a href=\"https:\/\/ca.wikipedia.org\/wiki\/Cantant\">cantant<\/a> i <a href=\"https:\/\/ca.wikipedia.org\/wiki\/Productor_musical\">productor<\/a> barcelon\u00ed de <a href=\"https:\/\/ca.wikipedia.org\/wiki\/Blues\">blues<\/a>. I es tancar\u00e0 el mes amb <strong>Joan Rovira<\/strong>, que va ser l&#8217;artista revelaci\u00f3 dels premis Enderrock 2016.<\/p>\n<p><img loading=\"lazy\" decoding=\"async\" class=\"alignnone size-full wp-image-477\" src=\"http:\/\/www.turismegarrigues.com\/blog\/wp-content\/uploads\/DSC04889.jpg\" alt=\"\" width=\"1024\" height=\"576\" srcset=\"https:\/\/www.turismegarrigues.com\/blog\/wp-content\/uploads\/DSC04889.jpg 1024w, https:\/\/www.turismegarrigues.com\/blog\/wp-content\/uploads\/DSC04889-300x169.jpg 300w, https:\/\/www.turismegarrigues.com\/blog\/wp-content\/uploads\/DSC04889-768x432.jpg 768w\" sizes=\"auto, (max-width: 1024px) 100vw, 1024px\" \/><\/p>\n<p><img loading=\"lazy\" decoding=\"async\" class=\"alignnone size-full wp-image-478\" src=\"http:\/\/www.turismegarrigues.com\/blog\/wp-content\/uploads\/gillem-roma-bio.jpg\" alt=\"\" width=\"1024\" height=\"431\" srcset=\"https:\/\/www.turismegarrigues.com\/blog\/wp-content\/uploads\/gillem-roma-bio.jpg 1024w, https:\/\/www.turismegarrigues.com\/blog\/wp-content\/uploads\/gillem-roma-bio-300x126.jpg 300w, https:\/\/www.turismegarrigues.com\/blog\/wp-content\/uploads\/gillem-roma-bio-768x323.jpg 768w\" sizes=\"auto, (max-width: 1024px) 100vw, 1024px\" \/><\/p>\n<p><img loading=\"lazy\" decoding=\"async\" class=\"alignnone size-full wp-image-479\" src=\"http:\/\/www.turismegarrigues.com\/blog\/wp-content\/uploads\/maxresdefault-1.jpg\" alt=\"\" width=\"1024\" height=\"576\" srcset=\"https:\/\/www.turismegarrigues.com\/blog\/wp-content\/uploads\/maxresdefault-1.jpg 1024w, https:\/\/www.turismegarrigues.com\/blog\/wp-content\/uploads\/maxresdefault-1-300x169.jpg 300w, https:\/\/www.turismegarrigues.com\/blog\/wp-content\/uploads\/maxresdefault-1-768x432.jpg 768w\" sizes=\"auto, (max-width: 1024px) 100vw, 1024px\" \/><\/p>\n<p><img loading=\"lazy\" decoding=\"async\" class=\"alignnone size-full wp-image-480\" src=\"http:\/\/www.turismegarrigues.com\/blog\/wp-content\/uploads\/Joan_Rovira.jpeg\" alt=\"\" width=\"894\" height=\"372\" srcset=\"https:\/\/www.turismegarrigues.com\/blog\/wp-content\/uploads\/Joan_Rovira.jpeg 894w, https:\/\/www.turismegarrigues.com\/blog\/wp-content\/uploads\/Joan_Rovira-300x125.jpeg 300w, https:\/\/www.turismegarrigues.com\/blog\/wp-content\/uploads\/Joan_Rovira-768x320.jpeg 768w\" sizes=\"auto, (max-width: 894px) 100vw, 894px\" \/><\/p>\n<p>Amb l\u2019arribada del mes de mar\u00e7, aterra el divendres 2 el cantant valenci\u00e0 <strong>Jonatan Penalba i un artista convidat <\/strong>que encara no est\u00e0 confirmat. El dia 3 de mar\u00e7c seguiran amb <strong>Projecte Mut<\/strong>, un grup de m\u00fasica folk-rock eivissenc. El dissabte 10, arribar\u00e0 el grup de m\u00fasica <a href=\"https:\/\/ca.wikipedia.org\/wiki\/M%C3%BAsica_pop\">pop<\/a>&#8211;<a href=\"https:\/\/ca.wikipedia.org\/wiki\/Folk\">folk<\/a> <strong>Sense Sal <\/strong>i el duet de m\u00fasica de cantautor <strong>Jo Jet i Maria Ribot <\/strong>tancaran el mes el dissabte dia 24.<\/p>\n<p><img loading=\"lazy\" decoding=\"async\" class=\"alignnone size-full wp-image-481\" src=\"http:\/\/www.turismegarrigues.com\/blog\/wp-content\/uploads\/Projecte-Mut-1.jpg\" alt=\"\" width=\"1024\" height=\"684\" srcset=\"https:\/\/www.turismegarrigues.com\/blog\/wp-content\/uploads\/Projecte-Mut-1.jpg 1024w, https:\/\/www.turismegarrigues.com\/blog\/wp-content\/uploads\/Projecte-Mut-1-300x200.jpg 300w, https:\/\/www.turismegarrigues.com\/blog\/wp-content\/uploads\/Projecte-Mut-1-768x513.jpg 768w\" sizes=\"auto, (max-width: 1024px) 100vw, 1024px\" \/><\/p>\n<p><img loading=\"lazy\" decoding=\"async\" class=\"alignnone size-full wp-image-482\" src=\"http:\/\/www.turismegarrigues.com\/blog\/wp-content\/uploads\/sense_sal.jpg\" alt=\"\" width=\"1024\" height=\"683\" srcset=\"https:\/\/www.turismegarrigues.com\/blog\/wp-content\/uploads\/sense_sal.jpg 1024w, https:\/\/www.turismegarrigues.com\/blog\/wp-content\/uploads\/sense_sal-300x200.jpg 300w, https:\/\/www.turismegarrigues.com\/blog\/wp-content\/uploads\/sense_sal-768x512.jpg 768w\" sizes=\"auto, (max-width: 1024px) 100vw, 1024px\" \/><\/p>\n<p>El mes d\u2019abril comen\u00e7aran el dia 14 amb un concert del trio el\u00e8ctric <strong>Espaldamaceta, <\/strong>seguit el dia 20 d\u2019abril amb concert del conegut cantautor <strong>Cesc Freixas <\/strong>i tancat el mes amb <strong>Pau Vallv\u00e9,<\/strong> m\u00fasic, compositor i productor catal\u00e0.<\/p>\n<p><img loading=\"lazy\" decoding=\"async\" class=\"alignnone size-full wp-image-483\" src=\"http:\/\/www.turismegarrigues.com\/blog\/wp-content\/uploads\/1496859333377.jpg\" alt=\"\" width=\"1024\" height=\"572\" srcset=\"https:\/\/www.turismegarrigues.com\/blog\/wp-content\/uploads\/1496859333377.jpg 1024w, https:\/\/www.turismegarrigues.com\/blog\/wp-content\/uploads\/1496859333377-300x168.jpg 300w, https:\/\/www.turismegarrigues.com\/blog\/wp-content\/uploads\/1496859333377-768x429.jpg 768w\" sizes=\"auto, (max-width: 1024px) 100vw, 1024px\" \/><\/p>\n<p><img loading=\"lazy\" decoding=\"async\" class=\"alignnone size-full wp-image-484\" src=\"http:\/\/www.turismegarrigues.com\/blog\/wp-content\/uploads\/08_Pau_Vallve_Foto-J\u00falia-Alzueta.jpg\" alt=\"\" width=\"1024\" height=\"656\" srcset=\"https:\/\/www.turismegarrigues.com\/blog\/wp-content\/uploads\/08_Pau_Vallve_Foto-J\u00falia-Alzueta.jpg 1024w, https:\/\/www.turismegarrigues.com\/blog\/wp-content\/uploads\/08_Pau_Vallve_Foto-J\u00falia-Alzueta-300x192.jpg 300w, https:\/\/www.turismegarrigues.com\/blog\/wp-content\/uploads\/08_Pau_Vallve_Foto-J\u00falia-Alzueta-768x492.jpg 768w\" sizes=\"auto, (max-width: 1024px) 100vw, 1024px\" \/><\/p>\n<p>Finalment, el mes de maig, es tancar\u00e0 aquest programa musical amb l\u2019actuaci\u00f3 de <strong>Mazoni <\/strong>el 4 de maig<strong>, <\/strong>grup que ha actuat en festivals com Primavera Sound, MMVV, BAM, popArb, Altaveu, Ac\u00fastica, Cap Roig i Senglar Rock. I per acabar, el dissabte 26 de maig, posar\u00e0 el punt final el grup de David Fern\u00e0ndez, <strong>Ovidi4 <\/strong><\/p>\n<p><strong>\u00a0<img loading=\"lazy\" decoding=\"async\" class=\"alignnone size-full wp-image-485\" src=\"http:\/\/www.turismegarrigues.com\/blog\/wp-content\/uploads\/mazoni_26.jpg\" alt=\"\" width=\"1024\" height=\"683\" srcset=\"https:\/\/www.turismegarrigues.com\/blog\/wp-content\/uploads\/mazoni_26.jpg 1024w, https:\/\/www.turismegarrigues.com\/blog\/wp-content\/uploads\/mazoni_26-300x200.jpg 300w, https:\/\/www.turismegarrigues.com\/blog\/wp-content\/uploads\/mazoni_26-768x512.jpg 768w\" sizes=\"auto, (max-width: 1024px) 100vw, 1024px\" \/><\/strong><\/p>\n<p><img loading=\"lazy\" decoding=\"async\" class=\"alignnone size-full wp-image-486\" src=\"http:\/\/www.turismegarrigues.com\/blog\/wp-content\/uploads\/309823_logo_Nova_O4_claim.jpg\" alt=\"\" width=\"1024\" height=\"560\" srcset=\"https:\/\/www.turismegarrigues.com\/blog\/wp-content\/uploads\/309823_logo_Nova_O4_claim.jpg 1024w, https:\/\/www.turismegarrigues.com\/blog\/wp-content\/uploads\/309823_logo_Nova_O4_claim-300x164.jpg 300w, https:\/\/www.turismegarrigues.com\/blog\/wp-content\/uploads\/309823_logo_Nova_O4_claim-768x420.jpg 768w\" sizes=\"auto, (max-width: 1024px) 100vw, 1024px\" \/><\/p>\n<p>Aquesta temporada gaudeix del panorama musical catal\u00e0 a les Garrigues.<\/p>\n","protected":false},"excerpt":{"rendered":"<p>La cafeteria Sl\u00e0via, \u00e9s un escenari privilegiat per observar el quefer diari de les Borges Blanques, \u00e9s un punt de refer\u00e8ncia cultural a les Terres de Ponent on hi arriben grups musicals d\u2019arreu el territori i ens fan ballar amb les seves can\u00e7ons. Cada any, la cafeteria Sl\u00e0via presenta un programa musical que omple el &#8230; <a title=\"Programa musical de la Cafeteria Sl\u00e0via (gener-maig)\" class=\"read-more\" href=\"https:\/\/www.turismegarrigues.com\/blog\/programa-musical-cafeteria-slavia-gener-maig\/\" aria-label=\"M\u00e9s informaci\u00f3 sobre Programa musical de la Cafeteria Sl\u00e0via (gener-maig)\">Llegiu m\u00e9s<\/a><\/p>\n","protected":false},"author":2,"featured_media":488,"comment_status":"closed","ping_status":"closed","sticky":false,"template":"","format":"standard","meta":{"footnotes":""},"categories":[14],"tags":[],"class_list":["post-475","post","type-post","status-publish","format-standard","has-post-thumbnail","hentry","category-actualitat"],"yoast_head":"<!-- This site is optimized with the Yoast SEO plugin v24.4 - https:\/\/yoast.com\/wordpress\/plugins\/seo\/ -->\n<title>Programa musical Cafeteria Sl\u00e0via<\/title>\n<meta name=\"description\" content=\"Cada any, la cafeteria Sl\u00e0via presenta un programa musical que omple el local cada cap de setmana.\" \/>\n<meta name=\"robots\" content=\"index, follow, max-snippet:-1, max-image-preview:large, max-video-preview:-1\" \/>\n<link rel=\"canonical\" href=\"https:\/\/www.turismegarrigues.com\/blog\/programa-musical-cafeteria-slavia-gener-maig\/\" \/>\n<meta property=\"og:locale\" content=\"ca_ES\" \/>\n<meta property=\"og:type\" content=\"article\" \/>\n<meta property=\"og:title\" content=\"Programa musical Cafeteria Sl\u00e0via\" \/>\n<meta property=\"og:description\" content=\"Cada any, la cafeteria Sl\u00e0via presenta un programa musical que omple el local cada cap de setmana.\" \/>\n<meta property=\"og:url\" content=\"https:\/\/www.turismegarrigues.com\/blog\/programa-musical-cafeteria-slavia-gener-maig\/\" \/>\n<meta property=\"og:site_name\" content=\"Turisme de les Garrigues\" \/>\n<meta property=\"article:published_time\" content=\"2018-01-26T17:56:03+00:00\" \/>\n<meta property=\"article:modified_time\" content=\"2018-09-14T05:01:45+00:00\" \/>\n<meta property=\"og:image\" content=\"https:\/\/www.turismegarrigues.com\/blog\/wp-content\/uploads\/73277632742fcb1b7710zeditora123971700.jpg\" \/>\n\t<meta property=\"og:image:width\" content=\"640\" \/>\n\t<meta property=\"og:image:height\" content=\"426\" \/>\n\t<meta property=\"og:image:type\" content=\"image\/jpeg\" \/>\n<meta name=\"author\" content=\"turismegarrigues\" \/>\n<meta name=\"twitter:card\" content=\"summary_large_image\" \/>\n<meta name=\"twitter:label1\" content=\"Escrit per\" \/>\n\t<meta name=\"twitter:data1\" content=\"turismegarrigues\" \/>\n\t<meta name=\"twitter:label2\" content=\"Temps estimat de lectura\" \/>\n\t<meta name=\"twitter:data2\" content=\"2 minuts\" \/>\n<script type=\"application\/ld+json\" class=\"yoast-schema-graph\">{\"@context\":\"https:\/\/schema.org\",\"@graph\":[{\"@type\":\"WebPage\",\"@id\":\"https:\/\/www.turismegarrigues.com\/blog\/programa-musical-cafeteria-slavia-gener-maig\/\",\"url\":\"https:\/\/www.turismegarrigues.com\/blog\/programa-musical-cafeteria-slavia-gener-maig\/\",\"name\":\"Programa musical Cafeteria Sl\u00e0via\",\"isPartOf\":{\"@id\":\"https:\/\/www.turismegarrigues.com\/blog\/#website\"},\"primaryImageOfPage\":{\"@id\":\"https:\/\/www.turismegarrigues.com\/blog\/programa-musical-cafeteria-slavia-gener-maig\/#primaryimage\"},\"image\":{\"@id\":\"https:\/\/www.turismegarrigues.com\/blog\/programa-musical-cafeteria-slavia-gener-maig\/#primaryimage\"},\"thumbnailUrl\":\"https:\/\/www.turismegarrigues.com\/blog\/wp-content\/uploads\/73277632742fcb1b7710zeditora123971700.jpg\",\"datePublished\":\"2018-01-26T17:56:03+00:00\",\"dateModified\":\"2018-09-14T05:01:45+00:00\",\"author\":{\"@id\":\"https:\/\/www.turismegarrigues.com\/blog\/#\/schema\/person\/7ada9dce6475184bb0c0a652f29c9653\"},\"description\":\"Cada any, la cafeteria Sl\u00e0via presenta un programa musical que omple el local cada cap de setmana.\",\"breadcrumb\":{\"@id\":\"https:\/\/www.turismegarrigues.com\/blog\/programa-musical-cafeteria-slavia-gener-maig\/#breadcrumb\"},\"inLanguage\":\"ca\",\"potentialAction\":[{\"@type\":\"ReadAction\",\"target\":[\"https:\/\/www.turismegarrigues.com\/blog\/programa-musical-cafeteria-slavia-gener-maig\/\"]}]},{\"@type\":\"ImageObject\",\"inLanguage\":\"ca\",\"@id\":\"https:\/\/www.turismegarrigues.com\/blog\/programa-musical-cafeteria-slavia-gener-maig\/#primaryimage\",\"url\":\"https:\/\/www.turismegarrigues.com\/blog\/wp-content\/uploads\/73277632742fcb1b7710zeditora123971700.jpg\",\"contentUrl\":\"https:\/\/www.turismegarrigues.com\/blog\/wp-content\/uploads\/73277632742fcb1b7710zeditora123971700.jpg\",\"width\":640,\"height\":426},{\"@type\":\"BreadcrumbList\",\"@id\":\"https:\/\/www.turismegarrigues.com\/blog\/programa-musical-cafeteria-slavia-gener-maig\/#breadcrumb\",\"itemListElement\":[{\"@type\":\"ListItem\",\"position\":1,\"name\":\"Inici\",\"item\":\"https:\/\/www.turismegarrigues.com\/blog\/\"},{\"@type\":\"ListItem\",\"position\":2,\"name\":\"Programa musical de la Cafeteria Sl\u00e0via (gener-maig)\"}]},{\"@type\":\"WebSite\",\"@id\":\"https:\/\/www.turismegarrigues.com\/blog\/#website\",\"url\":\"https:\/\/www.turismegarrigues.com\/blog\/\",\"name\":\"Turisme de les Garrigues\",\"description\":\"Blog\",\"potentialAction\":[{\"@type\":\"SearchAction\",\"target\":{\"@type\":\"EntryPoint\",\"urlTemplate\":\"https:\/\/www.turismegarrigues.com\/blog\/?s={search_term_string}\"},\"query-input\":{\"@type\":\"PropertyValueSpecification\",\"valueRequired\":true,\"valueName\":\"search_term_string\"}}],\"inLanguage\":\"ca\"},{\"@type\":\"Person\",\"@id\":\"https:\/\/www.turismegarrigues.com\/blog\/#\/schema\/person\/7ada9dce6475184bb0c0a652f29c9653\",\"name\":\"turismegarrigues\",\"image\":{\"@type\":\"ImageObject\",\"inLanguage\":\"ca\",\"@id\":\"https:\/\/www.turismegarrigues.com\/blog\/#\/schema\/person\/image\/\",\"url\":\"https:\/\/secure.gravatar.com\/avatar\/2479dec683bf2f700ffae0009a0a72796d18201a99196df0e23b11ae9749e88e?s=96&d=mm&r=g\",\"contentUrl\":\"https:\/\/secure.gravatar.com\/avatar\/2479dec683bf2f700ffae0009a0a72796d18201a99196df0e23b11ae9749e88e?s=96&d=mm&r=g\",\"caption\":\"turismegarrigues\"},\"sameAs\":[\"http:\/\/www.turismegarrigues.com\/\"],\"url\":\"https:\/\/www.turismegarrigues.com\/blog\/author\/turismegarrigues\/\"}]}<\/script>\n<!-- \/ Yoast SEO plugin. -->","yoast_head_json":{"title":"Programa musical Cafeteria Sl\u00e0via","description":"Cada any, la cafeteria Sl\u00e0via presenta un programa musical que omple el local cada cap de setmana.","robots":{"index":"index","follow":"follow","max-snippet":"max-snippet:-1","max-image-preview":"max-image-preview:large","max-video-preview":"max-video-preview:-1"},"canonical":"https:\/\/www.turismegarrigues.com\/blog\/programa-musical-cafeteria-slavia-gener-maig\/","og_locale":"ca_ES","og_type":"article","og_title":"Programa musical Cafeteria Sl\u00e0via","og_description":"Cada any, la cafeteria Sl\u00e0via presenta un programa musical que omple el local cada cap de setmana.","og_url":"https:\/\/www.turismegarrigues.com\/blog\/programa-musical-cafeteria-slavia-gener-maig\/","og_site_name":"Turisme de les Garrigues","article_published_time":"2018-01-26T17:56:03+00:00","article_modified_time":"2018-09-14T05:01:45+00:00","og_image":[{"width":640,"height":426,"url":"https:\/\/www.turismegarrigues.com\/blog\/wp-content\/uploads\/73277632742fcb1b7710zeditora123971700.jpg","type":"image\/jpeg"}],"author":"turismegarrigues","twitter_card":"summary_large_image","twitter_misc":{"Escrit per":"turismegarrigues","Temps estimat de lectura":"2 minuts"},"schema":{"@context":"https:\/\/schema.org","@graph":[{"@type":"WebPage","@id":"https:\/\/www.turismegarrigues.com\/blog\/programa-musical-cafeteria-slavia-gener-maig\/","url":"https:\/\/www.turismegarrigues.com\/blog\/programa-musical-cafeteria-slavia-gener-maig\/","name":"Programa musical Cafeteria Sl\u00e0via","isPartOf":{"@id":"https:\/\/www.turismegarrigues.com\/blog\/#website"},"primaryImageOfPage":{"@id":"https:\/\/www.turismegarrigues.com\/blog\/programa-musical-cafeteria-slavia-gener-maig\/#primaryimage"},"image":{"@id":"https:\/\/www.turismegarrigues.com\/blog\/programa-musical-cafeteria-slavia-gener-maig\/#primaryimage"},"thumbnailUrl":"https:\/\/www.turismegarrigues.com\/blog\/wp-content\/uploads\/73277632742fcb1b7710zeditora123971700.jpg","datePublished":"2018-01-26T17:56:03+00:00","dateModified":"2018-09-14T05:01:45+00:00","author":{"@id":"https:\/\/www.turismegarrigues.com\/blog\/#\/schema\/person\/7ada9dce6475184bb0c0a652f29c9653"},"description":"Cada any, la cafeteria Sl\u00e0via presenta un programa musical que omple el local cada cap de setmana.","breadcrumb":{"@id":"https:\/\/www.turismegarrigues.com\/blog\/programa-musical-cafeteria-slavia-gener-maig\/#breadcrumb"},"inLanguage":"ca","potentialAction":[{"@type":"ReadAction","target":["https:\/\/www.turismegarrigues.com\/blog\/programa-musical-cafeteria-slavia-gener-maig\/"]}]},{"@type":"ImageObject","inLanguage":"ca","@id":"https:\/\/www.turismegarrigues.com\/blog\/programa-musical-cafeteria-slavia-gener-maig\/#primaryimage","url":"https:\/\/www.turismegarrigues.com\/blog\/wp-content\/uploads\/73277632742fcb1b7710zeditora123971700.jpg","contentUrl":"https:\/\/www.turismegarrigues.com\/blog\/wp-content\/uploads\/73277632742fcb1b7710zeditora123971700.jpg","width":640,"height":426},{"@type":"BreadcrumbList","@id":"https:\/\/www.turismegarrigues.com\/blog\/programa-musical-cafeteria-slavia-gener-maig\/#breadcrumb","itemListElement":[{"@type":"ListItem","position":1,"name":"Inici","item":"https:\/\/www.turismegarrigues.com\/blog\/"},{"@type":"ListItem","position":2,"name":"Programa musical de la Cafeteria Sl\u00e0via (gener-maig)"}]},{"@type":"WebSite","@id":"https:\/\/www.turismegarrigues.com\/blog\/#website","url":"https:\/\/www.turismegarrigues.com\/blog\/","name":"Turisme de les Garrigues","description":"Blog","potentialAction":[{"@type":"SearchAction","target":{"@type":"EntryPoint","urlTemplate":"https:\/\/www.turismegarrigues.com\/blog\/?s={search_term_string}"},"query-input":{"@type":"PropertyValueSpecification","valueRequired":true,"valueName":"search_term_string"}}],"inLanguage":"ca"},{"@type":"Person","@id":"https:\/\/www.turismegarrigues.com\/blog\/#\/schema\/person\/7ada9dce6475184bb0c0a652f29c9653","name":"turismegarrigues","image":{"@type":"ImageObject","inLanguage":"ca","@id":"https:\/\/www.turismegarrigues.com\/blog\/#\/schema\/person\/image\/","url":"https:\/\/secure.gravatar.com\/avatar\/2479dec683bf2f700ffae0009a0a72796d18201a99196df0e23b11ae9749e88e?s=96&d=mm&r=g","contentUrl":"https:\/\/secure.gravatar.com\/avatar\/2479dec683bf2f700ffae0009a0a72796d18201a99196df0e23b11ae9749e88e?s=96&d=mm&r=g","caption":"turismegarrigues"},"sameAs":["http:\/\/www.turismegarrigues.com\/"],"url":"https:\/\/www.turismegarrigues.com\/blog\/author\/turismegarrigues\/"}]}},"_links":{"self":[{"href":"https:\/\/www.turismegarrigues.com\/blog\/wp-json\/wp\/v2\/posts\/475","targetHints":{"allow":["GET"]}}],"collection":[{"href":"https:\/\/www.turismegarrigues.com\/blog\/wp-json\/wp\/v2\/posts"}],"about":[{"href":"https:\/\/www.turismegarrigues.com\/blog\/wp-json\/wp\/v2\/types\/post"}],"author":[{"embeddable":true,"href":"https:\/\/www.turismegarrigues.com\/blog\/wp-json\/wp\/v2\/users\/2"}],"replies":[{"embeddable":true,"href":"https:\/\/www.turismegarrigues.com\/blog\/wp-json\/wp\/v2\/comments?post=475"}],"version-history":[{"count":4,"href":"https:\/\/www.turismegarrigues.com\/blog\/wp-json\/wp\/v2\/posts\/475\/revisions"}],"predecessor-version":[{"id":1305,"href":"https:\/\/www.turismegarrigues.com\/blog\/wp-json\/wp\/v2\/posts\/475\/revisions\/1305"}],"wp:featuredmedia":[{"embeddable":true,"href":"https:\/\/www.turismegarrigues.com\/blog\/wp-json\/wp\/v2\/media\/488"}],"wp:attachment":[{"href":"https:\/\/www.turismegarrigues.com\/blog\/wp-json\/wp\/v2\/media?parent=475"}],"wp:term":[{"taxonomy":"category","embeddable":true,"href":"https:\/\/www.turismegarrigues.com\/blog\/wp-json\/wp\/v2\/categories?post=475"},{"taxonomy":"post_tag","embeddable":true,"href":"https:\/\/www.turismegarrigues.com\/blog\/wp-json\/wp\/v2\/tags?post=475"}],"curies":[{"name":"wp","href":"https:\/\/api.w.org\/{rel}","templated":true}]}}