{"id":752,"date":"2019-02-08T11:38:14","date_gmt":"2019-02-08T10:38:14","guid":{"rendered":"http:\/\/www.turismegarrigues.com\/blog\/?p=752"},"modified":"2022-04-13T17:17:33","modified_gmt":"2022-04-13T15:17:33","slug":"les-garrigues-desti-dautocaravanes","status":"publish","type":"post","link":"https:\/\/www.turismegarrigues.com\/blog\/les-garrigues-desti-dautocaravanes\/","title":{"rendered":"Les Garrigues, dest\u00ed d\u2019autocaravanes"},"content":{"rendered":"<p>Els viatges en autocaravana o camper poden ser una de les millors formes de gaudir d\u2019un viatge, ja que et permet escollir on i quan parar, gaudir de la natura i viatjar al teu ritme sentint la llibertat que dona aquest mitj\u00e0 de transport.<\/p>\n<p>Cada vegada s\u00f3n m\u00e9s els visitants de les Garrigues que arriben en autocaravana o camper a passar un cap de setmana o una estada de m\u00e9s durada, descobrint els pobles i racons de la nostra comarca. Aquest fet \u00e9s possible degut a que cada vegada s\u00f3n m\u00e9s els espais habilitats per a aquest tipus de viatgers.<\/p>\n<p>Si veniu en autocaravana o camper, podreu pernoctar en els seg\u00fcents espais:<\/p>\n<p>A la Vinya els Vilars d\u2019Arbeca, on tenen servei per a autocaravanes i a m\u00e9s, podreu gaudir d\u2019una visitar al<a href=\"http:\/\/www.turismegarrigues.com\/blog\/cellers-garrigues\/\"> celler i un tast dels seus vins<\/a>, a m\u00e9s d\u2019una visita a la <a href=\"http:\/\/www.vilars.cat\/\">Fortalesa dels Vilars d\u2019Arbeca<\/a> situada a uns 4 km d\u2019<a href=\"https:\/\/ca.wikipedia.org\/wiki\/Arbeca\">Arbeca<\/a>, constru\u00efda fa 2.800 anys, \u00e9s \u00fanica al m\u00f3n <a href=\"https:\/\/ca.wikipedia.org\/wiki\/Ibers\">ib\u00e8ric<\/a> catal\u00e0.<\/p>\n<p><img loading=\"lazy\" decoding=\"async\" class=\"alignnone wp-image-753 size-full\" src=\"http:\/\/www.turismegarrigues.com\/blog\/wp-content\/uploads\/Parquing-autocaravanas-Lleida-Vinya-els-Vilars-Arbeca-53.jpg\" alt=\"\" width=\"1024\" height=\"768\" srcset=\"https:\/\/www.turismegarrigues.com\/blog\/wp-content\/uploads\/Parquing-autocaravanas-Lleida-Vinya-els-Vilars-Arbeca-53.jpg 1024w, https:\/\/www.turismegarrigues.com\/blog\/wp-content\/uploads\/Parquing-autocaravanas-Lleida-Vinya-els-Vilars-Arbeca-53-300x225.jpg 300w, https:\/\/www.turismegarrigues.com\/blog\/wp-content\/uploads\/Parquing-autocaravanas-Lleida-Vinya-els-Vilars-Arbeca-53-768x576.jpg 768w\" sizes=\"auto, (max-width: 1024px) 100vw, 1024px\" \/><\/p>\n<p>A<strong> les Borges Blanques<\/strong>, disposeu d\u2019una \u00e0rea de serveis per a autocaravanes al costat del Centre d\u2019Empreses Innovadores (darrera dels mossos d\u2019esquadra). Podeu aprofitar per visitar l\u2019<a href=\"http:\/\/www.espaimacia.cat\">Espai Maci\u00e0<\/a>, consultar el cartell de concerts de la <a href=\"https:\/\/www.facebook.com\/cafeteria.slavia\/\">Cafet\u00e8ria Slavia<\/a> i apropar-vos a les coves del Cogul, un dels jaciments de <a href=\"https:\/\/ca.wikipedia.org\/wiki\/Pintura_rupestre\">pintures rupestres<\/a> m\u00e9s destacats d\u2019<a href=\"https:\/\/ca.wikipedia.org\/wiki\/Art_llevant%C3%AD\">art rupestre llevant\u00ed<\/a>, l\u2019expressi\u00f3 art\u00edstica-creencial m\u00e9s extraordin\u00e0ria i singular de la Prehist\u00f2ria europea.<\/p>\n<p><img loading=\"lazy\" decoding=\"async\" class=\"alignnone size-full wp-image-766\" src=\"http:\/\/www.turismegarrigues.com\/blog\/wp-content\/uploads\/Les-autocaravanes-estacionades-al-seu-nou-aparcament-de-les-Borges-Blanques-aquest-cap-de-setmana.jpg\" alt=\"\" width=\"1024\" height=\"768\" srcset=\"https:\/\/www.turismegarrigues.com\/blog\/wp-content\/uploads\/Les-autocaravanes-estacionades-al-seu-nou-aparcament-de-les-Borges-Blanques-aquest-cap-de-setmana.jpg 1024w, https:\/\/www.turismegarrigues.com\/blog\/wp-content\/uploads\/Les-autocaravanes-estacionades-al-seu-nou-aparcament-de-les-Borges-Blanques-aquest-cap-de-setmana-300x225.jpg 300w, https:\/\/www.turismegarrigues.com\/blog\/wp-content\/uploads\/Les-autocaravanes-estacionades-al-seu-nou-aparcament-de-les-Borges-Blanques-aquest-cap-de-setmana-768x576.jpg 768w\" sizes=\"auto, (max-width: 1024px) 100vw, 1024px\" \/><\/p>\n<p>A <strong>Fulleda<\/strong>, podreu aparcar la vostra caravana al p\u00e0rquing d\u2019autocaravanes i passar el dia fent la <a href=\"http:\/\/www.turismegarrigues.com\/ca\/comarca\/poblacions\/fulleda\/rutes\/ruta-dels-miradors-i-les-fonts-de-fulleda-26\">Ruta dels Miradors <\/a>o b\u00e9 la<a href=\"http:\/\/www.turismegarrigues.com\/ca\/comarca\/poblacions\/fulleda\/rutes\/tarracs-fulleda-18\"> ruta Tarr\u00e8s-Fulleda<\/a> de 8 km, a m\u00e9s de sumar-vos a totes les activitats que es fan a la poblaci\u00f3.<\/p>\n<p><img loading=\"lazy\" decoding=\"async\" class=\"alignnone wp-image-756\" src=\"http:\/\/www.turismegarrigues.com\/blog\/wp-content\/uploads\/autocaravanes.jpg\" alt=\"\" width=\"1024\" height=\"740\" srcset=\"https:\/\/www.turismegarrigues.com\/blog\/wp-content\/uploads\/autocaravanes.jpg 760w, https:\/\/www.turismegarrigues.com\/blog\/wp-content\/uploads\/autocaravanes-300x217.jpg 300w\" sizes=\"auto, (max-width: 1024px) 100vw, 1024px\" \/><\/p>\n<p>A <strong>Bovera<\/strong> tamb\u00e9 trobareu un \u00e0rea de serveis per a autocaravanes i podreu realitzar diferents rutes per descobrir el paisatge en mosaic t\u00edpic de les Garrigues. Tampoc us podeu perdre la visita a la finca de Trenca, un espai agrari recuperat amb un model d\u2019agricultura tradicional i ecol\u00f2gica, amb una riquesa important de fauna aut\u00f2ctona com el ruc catal\u00e0, el gall t\u00edpic catal\u00e0 i les tortugues aut\u00f2ctones de la zona.<\/p>\n<p><img loading=\"lazy\" decoding=\"async\" class=\"alignnone wp-image-757\" src=\"http:\/\/www.turismegarrigues.com\/blog\/wp-content\/uploads\/image001.jpg\" alt=\"\" width=\"1024\" height=\"686\" srcset=\"https:\/\/www.turismegarrigues.com\/blog\/wp-content\/uploads\/image001.jpg 543w, https:\/\/www.turismegarrigues.com\/blog\/wp-content\/uploads\/image001-300x201.jpg 300w\" sizes=\"auto, (max-width: 1024px) 100vw, 1024px\" \/><\/p>\n<p>A l&#8217;<strong>Albi<\/strong> tamb\u00e9 podreu trobar zona \u00e0rea de serveis per autocaravanes,&nbsp;molt a prop de la sortida de l&#8217;autopista AP-2&nbsp;, amb \u00e0rea equipada per a fer barbacoes i aigua per omplir els dip\u00f2sits d&#8217;aigua.&nbsp;Est\u00e0 tocant a la zona esportiva, on hi podreu trobar&nbsp;el camp de futbol, pistes de p\u00e0del i&nbsp;les piscines municipals.<\/p>\n<p><img loading=\"lazy\" decoding=\"async\" class=\"alignnone size-full wp-image-1554\" src=\"https:\/\/www.turismegarrigues.com\/blog\/wp-content\/uploads\/barbacoes.jpg\" alt=\"\" width=\"1024\" height=\"576\" srcset=\"https:\/\/www.turismegarrigues.com\/blog\/wp-content\/uploads\/barbacoes.jpg 1024w, https:\/\/www.turismegarrigues.com\/blog\/wp-content\/uploads\/barbacoes-300x169.jpg 300w, https:\/\/www.turismegarrigues.com\/blog\/wp-content\/uploads\/barbacoes-768x432.jpg 768w\" sizes=\"auto, (max-width: 1024px) 100vw, 1024px\" \/><\/p>\n<p>A <strong>Tarr\u00e9s<\/strong> tamb\u00e9 podreu fer parada, trobareu l&#8217;aparcament al carrer Montserrat, 162.<\/p>\n\n\n<figure class=\"wp-block-image size-large\"><img loading=\"lazy\" decoding=\"async\" width=\"1024\" height=\"768\" src=\"https:\/\/www.turismegarrigues.com\/blog\/wp-content\/uploads\/IMG-20201014-WA0015.jpg\" alt=\"\" class=\"wp-image-2286\" srcset=\"https:\/\/www.turismegarrigues.com\/blog\/wp-content\/uploads\/IMG-20201014-WA0015.jpg 1024w, https:\/\/www.turismegarrigues.com\/blog\/wp-content\/uploads\/IMG-20201014-WA0015-300x225.jpg 300w, https:\/\/www.turismegarrigues.com\/blog\/wp-content\/uploads\/IMG-20201014-WA0015-768x576.jpg 768w\" sizes=\"auto, (max-width: 1024px) 100vw, 1024px\" \/><\/figure>\n\n\n\n<p>A <strong>Vinaixa<\/strong> trobareu un \u00e0rea de descans gratu\u00efta per caravanes i furgos. 8 places amb llum i agua. Podreu gaudir d&#8217;un lloc tranquil amb una zona de p\u00edcnic al costat, una pista de tenis, un front\u00f3 gratu\u00efts i un parc per als m\u00e9s petits. A l&#8217;estiu a m\u00e9s, podreu gaudir de la piscina municipal.<\/p>\n\n\n\n<figure class=\"wp-block-image size-large\"><img loading=\"lazy\" decoding=\"async\" width=\"1024\" height=\"768\" src=\"https:\/\/www.turismegarrigues.com\/blog\/wp-content\/uploads\/IMG-20201225-WA0013.jpg\" alt=\"\" class=\"wp-image-2388\" srcset=\"https:\/\/www.turismegarrigues.com\/blog\/wp-content\/uploads\/IMG-20201225-WA0013.jpg 1024w, https:\/\/www.turismegarrigues.com\/blog\/wp-content\/uploads\/IMG-20201225-WA0013-300x225.jpg 300w, https:\/\/www.turismegarrigues.com\/blog\/wp-content\/uploads\/IMG-20201225-WA0013-768x576.jpg 768w\" sizes=\"auto, (max-width: 1024px) 100vw, 1024px\" \/><\/figure>\n\n\n\n<p>A la <strong>Pobla de C\u00e9rvoles<\/strong> est\u00e0 ubicada a la zona esportiva. Pista de tennis i barbacoes tot l\u2019any i piscines municipals al costat.<\/p>\n\n\n\n<figure class=\"wp-block-image size-full\"><img loading=\"lazy\" decoding=\"async\" width=\"1024\" height=\"576\" src=\"https:\/\/www.turismegarrigues.com\/blog\/wp-content\/uploads\/PHOTO-2021-08-04-19-55-56.jpg\" alt=\"\" class=\"wp-image-2485\" srcset=\"https:\/\/www.turismegarrigues.com\/blog\/wp-content\/uploads\/PHOTO-2021-08-04-19-55-56.jpg 1024w, https:\/\/www.turismegarrigues.com\/blog\/wp-content\/uploads\/PHOTO-2021-08-04-19-55-56-300x169.jpg 300w, https:\/\/www.turismegarrigues.com\/blog\/wp-content\/uploads\/PHOTO-2021-08-04-19-55-56-768x432.jpg 768w\" sizes=\"auto, (max-width: 1024px) 100vw, 1024px\" \/><\/figure>\n\n\n\n<p>Situat al poble dels <strong>Omellons<\/strong>&nbsp;(&nbsp;Les&nbsp;Garrigues), gaudiu&nbsp;amb les millors vistes del poble, on trobareu els serveis de Botiga, Bar,&nbsp;Restaurant&nbsp;i instal\u00b7lacions&nbsp;esportives i piscines d&#8217;aigua salada a l&#8217;estiu.<br><\/p>\n\n\n\n<div class=\"wp-block-image\"><figure class=\"aligncenter size-full\"><img loading=\"lazy\" decoding=\"async\" width=\"572\" height=\"389\" src=\"https:\/\/www.turismegarrigues.com\/blog\/wp-content\/uploads\/Captura-de-pantalla-2022-03-22-a-las-18.25.26.png\" alt=\"\" class=\"wp-image-2569\" srcset=\"https:\/\/www.turismegarrigues.com\/blog\/wp-content\/uploads\/Captura-de-pantalla-2022-03-22-a-las-18.25.26.png 572w, https:\/\/www.turismegarrigues.com\/blog\/wp-content\/uploads\/Captura-de-pantalla-2022-03-22-a-las-18.25.26-300x204.png 300w\" sizes=\"auto, (max-width: 572px) 100vw, 572px\" \/><\/figure><\/div>\n\n\n\n<p>Pernocteu entre oliveres, ametllers i herbes\u00a0arom\u00e0tiques\u00a0que fan d&#8217;aquest\u00a0territori\u00a0ideal per la\u00a0pr\u00e0ctica\u00a0de rutes a peu, com per la\u00a0pr\u00e0ctica\u00a0del\u00a0ciclisme\u00a0de carretera o\u00a0BTT\u00a0descobrint camins i senderons entre cabanes de pedra seca i\u00a0descobriu\u00a0la nostra agricultura i ramaderia.<\/p>\n\n\n\n<p>A <strong>Juneda<\/strong>, trobareu un nou punt a <strong>la Manreana<\/strong>!<\/p>\n\n\n\n<p>\u2713 <strong>Direcci\u00f3: <\/strong>Mas Sant Jordi S\/N (27,52 km) 25430 Juneda, Catalunya, Spain \u2713 <strong>Coordenades: <\/strong>41\u00ba 32\u2032 37.00\u201d N \u2013 0\u00ba 46\u2032 13.65\u201d E\u00a0<\/p>\n\n\n\n<p>\u2713 <strong>Places aparcament: <\/strong>30 places&nbsp;<\/p>\n\n\n\n<p>\u2713 <strong>Preu per nit: <\/strong>5\u20ac&nbsp;<\/p>\n\n\n\n<p>\u2713 <strong>Preu per estacionament o serveis: <\/strong>Gratu\u00eft&nbsp;<\/p>\n\n\n\n<p>\u2713 <strong>Horaris \u00e0rea: <\/strong>obert durant tot l\u2019any.\u00a0<\/p>\n\n\n\n<div class=\"wp-block-image\"><figure class=\"aligncenter size-full\"><img loading=\"lazy\" decoding=\"async\" width=\"501\" height=\"383\" src=\"https:\/\/www.turismegarrigues.com\/blog\/wp-content\/uploads\/Captura-de-pantalla-2022-04-13-a-las-17.16.55.png\" alt=\"\" class=\"wp-image-2615\" srcset=\"https:\/\/www.turismegarrigues.com\/blog\/wp-content\/uploads\/Captura-de-pantalla-2022-04-13-a-las-17.16.55.png 501w, https:\/\/www.turismegarrigues.com\/blog\/wp-content\/uploads\/Captura-de-pantalla-2022-04-13-a-las-17.16.55-300x229.png 300w\" sizes=\"auto, (max-width: 501px) 100vw, 501px\" \/><\/figure><\/div>\n\n\n\n<p>\u2713 <strong>Horaris parc familiar i secretaria: <\/strong>10:00h a 18:00h (Novembre a Mar\u00e7) 10:00h a 19:00h&nbsp; (Abril a Octubre).&nbsp;L\u2019\u00e0rea d\u2019autocaravanes forma part de la granja escola i parc familiar La Manreana. Ubicada al&nbsp; costat de l\u2019aparcament, l\u2019\u00e0rea esta equipada amb aigua potable, buidatge d\u2019aig\u00fces negres i&nbsp; contenidors de reciclatge. Per a visitar el parc s\u2019ha de comprar l\u2019entrada d\u2019un dia a la web o b\u00e9&nbsp; les taquilles del parc. El parc disposa de serveis de lavabos, bar, servei de dinar de bufet lliure,&nbsp; activitats familiars amb animals i xarxa WiFi. Per a m\u00e9s informaci\u00f3 www.lamanreana.com<\/p>\n\n\n\n<p>Us esperem a les Garrigues!<\/p>\n","protected":false},"excerpt":{"rendered":"<p>Els viatges en autocaravana o camper poden ser una de les millors formes de gaudir d\u2019un viatge, ja que et permet escollir on i quan parar, gaudir de la natura i viatjar al teu ritme sentint la llibertat que dona aquest mitj\u00e0 de transport. Cada vegada s\u00f3n m\u00e9s els visitants de les Garrigues que arriben &#8230; <a title=\"Les Garrigues, dest\u00ed d\u2019autocaravanes\" class=\"read-more\" href=\"https:\/\/www.turismegarrigues.com\/blog\/les-garrigues-desti-dautocaravanes\/\" aria-label=\"M\u00e9s informaci\u00f3 sobre Les Garrigues, dest\u00ed d\u2019autocaravanes\">Llegiu m\u00e9s<\/a><\/p>\n","protected":false},"author":2,"featured_media":758,"comment_status":"closed","ping_status":"closed","sticky":false,"template":"","format":"standard","meta":{"footnotes":""},"categories":[14,1],"tags":[],"class_list":["post-752","post","type-post","status-publish","format-standard","has-post-thumbnail","hentry","category-actualitat","category-turisme"],"yoast_head":"<!-- This site is optimized with the Yoast SEO plugin v24.4 - https:\/\/yoast.com\/wordpress\/plugins\/seo\/ -->\n<title>Les Garrigues, dest\u00ed d\u2019autocaravanes<\/title>\n<meta name=\"description\" content=\"Cada vegada s\u00f3n m\u00e9s els visitants de les Garrigues que arriben en autocaravana o camper a passar un cap de setmana o una estada de m\u00e9s durada.\" \/>\n<meta name=\"robots\" content=\"index, follow, max-snippet:-1, max-image-preview:large, max-video-preview:-1\" \/>\n<link rel=\"canonical\" href=\"https:\/\/www.turismegarrigues.com\/blog\/les-garrigues-desti-dautocaravanes\/\" \/>\n<meta property=\"og:locale\" content=\"ca_ES\" \/>\n<meta property=\"og:type\" content=\"article\" \/>\n<meta property=\"og:title\" content=\"Les Garrigues, dest\u00ed d\u2019autocaravanes\" \/>\n<meta property=\"og:description\" content=\"Cada vegada s\u00f3n m\u00e9s els visitants de les Garrigues que arriben en autocaravana o camper a passar un cap de setmana o una estada de m\u00e9s durada.\" \/>\n<meta property=\"og:url\" content=\"https:\/\/www.turismegarrigues.com\/blog\/les-garrigues-desti-dautocaravanes\/\" \/>\n<meta property=\"og:site_name\" content=\"Turisme de les Garrigues\" \/>\n<meta property=\"article:published_time\" content=\"2019-02-08T10:38:14+00:00\" \/>\n<meta property=\"article:modified_time\" content=\"2022-04-13T15:17:33+00:00\" \/>\n<meta property=\"og:image\" content=\"https:\/\/www.turismegarrigues.com\/blog\/wp-content\/uploads\/3.-Vinya-els-Vilars-Arbeca-enoturisme-actiu-veniu-amb-la-vostra-autocaravana-.jpeg\" \/>\n\t<meta property=\"og:image:width\" content=\"1024\" \/>\n\t<meta property=\"og:image:height\" content=\"746\" \/>\n\t<meta property=\"og:image:type\" content=\"image\/jpeg\" \/>\n<meta name=\"author\" content=\"turismegarrigues\" \/>\n<meta name=\"twitter:card\" content=\"summary_large_image\" \/>\n<meta name=\"twitter:label1\" content=\"Escrit per\" \/>\n\t<meta name=\"twitter:data1\" content=\"turismegarrigues\" \/>\n\t<meta name=\"twitter:label2\" content=\"Temps estimat de lectura\" \/>\n\t<meta name=\"twitter:data2\" content=\"6 minuts\" \/>\n<script type=\"application\/ld+json\" class=\"yoast-schema-graph\">{\"@context\":\"https:\/\/schema.org\",\"@graph\":[{\"@type\":\"WebPage\",\"@id\":\"https:\/\/www.turismegarrigues.com\/blog\/les-garrigues-desti-dautocaravanes\/\",\"url\":\"https:\/\/www.turismegarrigues.com\/blog\/les-garrigues-desti-dautocaravanes\/\",\"name\":\"Les Garrigues, dest\u00ed d\u2019autocaravanes\",\"isPartOf\":{\"@id\":\"https:\/\/www.turismegarrigues.com\/blog\/#website\"},\"primaryImageOfPage\":{\"@id\":\"https:\/\/www.turismegarrigues.com\/blog\/les-garrigues-desti-dautocaravanes\/#primaryimage\"},\"image\":{\"@id\":\"https:\/\/www.turismegarrigues.com\/blog\/les-garrigues-desti-dautocaravanes\/#primaryimage\"},\"thumbnailUrl\":\"https:\/\/www.turismegarrigues.com\/blog\/wp-content\/uploads\/3.-Vinya-els-Vilars-Arbeca-enoturisme-actiu-veniu-amb-la-vostra-autocaravana-.jpeg\",\"datePublished\":\"2019-02-08T10:38:14+00:00\",\"dateModified\":\"2022-04-13T15:17:33+00:00\",\"author\":{\"@id\":\"https:\/\/www.turismegarrigues.com\/blog\/#\/schema\/person\/7ada9dce6475184bb0c0a652f29c9653\"},\"description\":\"Cada vegada s\u00f3n m\u00e9s els visitants de les Garrigues que arriben en autocaravana o camper a passar un cap de setmana o una estada de m\u00e9s durada.\",\"breadcrumb\":{\"@id\":\"https:\/\/www.turismegarrigues.com\/blog\/les-garrigues-desti-dautocaravanes\/#breadcrumb\"},\"inLanguage\":\"ca\",\"potentialAction\":[{\"@type\":\"ReadAction\",\"target\":[\"https:\/\/www.turismegarrigues.com\/blog\/les-garrigues-desti-dautocaravanes\/\"]}]},{\"@type\":\"ImageObject\",\"inLanguage\":\"ca\",\"@id\":\"https:\/\/www.turismegarrigues.com\/blog\/les-garrigues-desti-dautocaravanes\/#primaryimage\",\"url\":\"https:\/\/www.turismegarrigues.com\/blog\/wp-content\/uploads\/3.-Vinya-els-Vilars-Arbeca-enoturisme-actiu-veniu-amb-la-vostra-autocaravana-.jpeg\",\"contentUrl\":\"https:\/\/www.turismegarrigues.com\/blog\/wp-content\/uploads\/3.-Vinya-els-Vilars-Arbeca-enoturisme-actiu-veniu-amb-la-vostra-autocaravana-.jpeg\",\"width\":1024,\"height\":746},{\"@type\":\"BreadcrumbList\",\"@id\":\"https:\/\/www.turismegarrigues.com\/blog\/les-garrigues-desti-dautocaravanes\/#breadcrumb\",\"itemListElement\":[{\"@type\":\"ListItem\",\"position\":1,\"name\":\"Inici\",\"item\":\"https:\/\/www.turismegarrigues.com\/blog\/\"},{\"@type\":\"ListItem\",\"position\":2,\"name\":\"Les Garrigues, dest\u00ed d\u2019autocaravanes\"}]},{\"@type\":\"WebSite\",\"@id\":\"https:\/\/www.turismegarrigues.com\/blog\/#website\",\"url\":\"https:\/\/www.turismegarrigues.com\/blog\/\",\"name\":\"Turisme de les Garrigues\",\"description\":\"Blog\",\"potentialAction\":[{\"@type\":\"SearchAction\",\"target\":{\"@type\":\"EntryPoint\",\"urlTemplate\":\"https:\/\/www.turismegarrigues.com\/blog\/?s={search_term_string}\"},\"query-input\":{\"@type\":\"PropertyValueSpecification\",\"valueRequired\":true,\"valueName\":\"search_term_string\"}}],\"inLanguage\":\"ca\"},{\"@type\":\"Person\",\"@id\":\"https:\/\/www.turismegarrigues.com\/blog\/#\/schema\/person\/7ada9dce6475184bb0c0a652f29c9653\",\"name\":\"turismegarrigues\",\"image\":{\"@type\":\"ImageObject\",\"inLanguage\":\"ca\",\"@id\":\"https:\/\/www.turismegarrigues.com\/blog\/#\/schema\/person\/image\/\",\"url\":\"https:\/\/secure.gravatar.com\/avatar\/2479dec683bf2f700ffae0009a0a72796d18201a99196df0e23b11ae9749e88e?s=96&d=mm&r=g\",\"contentUrl\":\"https:\/\/secure.gravatar.com\/avatar\/2479dec683bf2f700ffae0009a0a72796d18201a99196df0e23b11ae9749e88e?s=96&d=mm&r=g\",\"caption\":\"turismegarrigues\"},\"sameAs\":[\"http:\/\/www.turismegarrigues.com\/\"],\"url\":\"https:\/\/www.turismegarrigues.com\/blog\/author\/turismegarrigues\/\"}]}<\/script>\n<!-- \/ Yoast SEO plugin. -->","yoast_head_json":{"title":"Les Garrigues, dest\u00ed d\u2019autocaravanes","description":"Cada vegada s\u00f3n m\u00e9s els visitants de les Garrigues que arriben en autocaravana o camper a passar un cap de setmana o una estada de m\u00e9s durada.","robots":{"index":"index","follow":"follow","max-snippet":"max-snippet:-1","max-image-preview":"max-image-preview:large","max-video-preview":"max-video-preview:-1"},"canonical":"https:\/\/www.turismegarrigues.com\/blog\/les-garrigues-desti-dautocaravanes\/","og_locale":"ca_ES","og_type":"article","og_title":"Les Garrigues, dest\u00ed d\u2019autocaravanes","og_description":"Cada vegada s\u00f3n m\u00e9s els visitants de les Garrigues que arriben en autocaravana o camper a passar un cap de setmana o una estada de m\u00e9s durada.","og_url":"https:\/\/www.turismegarrigues.com\/blog\/les-garrigues-desti-dautocaravanes\/","og_site_name":"Turisme de les Garrigues","article_published_time":"2019-02-08T10:38:14+00:00","article_modified_time":"2022-04-13T15:17:33+00:00","og_image":[{"width":1024,"height":746,"url":"https:\/\/www.turismegarrigues.com\/blog\/wp-content\/uploads\/3.-Vinya-els-Vilars-Arbeca-enoturisme-actiu-veniu-amb-la-vostra-autocaravana-.jpeg","type":"image\/jpeg"}],"author":"turismegarrigues","twitter_card":"summary_large_image","twitter_misc":{"Escrit per":"turismegarrigues","Temps estimat de lectura":"6 minuts"},"schema":{"@context":"https:\/\/schema.org","@graph":[{"@type":"WebPage","@id":"https:\/\/www.turismegarrigues.com\/blog\/les-garrigues-desti-dautocaravanes\/","url":"https:\/\/www.turismegarrigues.com\/blog\/les-garrigues-desti-dautocaravanes\/","name":"Les Garrigues, dest\u00ed d\u2019autocaravanes","isPartOf":{"@id":"https:\/\/www.turismegarrigues.com\/blog\/#website"},"primaryImageOfPage":{"@id":"https:\/\/www.turismegarrigues.com\/blog\/les-garrigues-desti-dautocaravanes\/#primaryimage"},"image":{"@id":"https:\/\/www.turismegarrigues.com\/blog\/les-garrigues-desti-dautocaravanes\/#primaryimage"},"thumbnailUrl":"https:\/\/www.turismegarrigues.com\/blog\/wp-content\/uploads\/3.-Vinya-els-Vilars-Arbeca-enoturisme-actiu-veniu-amb-la-vostra-autocaravana-.jpeg","datePublished":"2019-02-08T10:38:14+00:00","dateModified":"2022-04-13T15:17:33+00:00","author":{"@id":"https:\/\/www.turismegarrigues.com\/blog\/#\/schema\/person\/7ada9dce6475184bb0c0a652f29c9653"},"description":"Cada vegada s\u00f3n m\u00e9s els visitants de les Garrigues que arriben en autocaravana o camper a passar un cap de setmana o una estada de m\u00e9s durada.","breadcrumb":{"@id":"https:\/\/www.turismegarrigues.com\/blog\/les-garrigues-desti-dautocaravanes\/#breadcrumb"},"inLanguage":"ca","potentialAction":[{"@type":"ReadAction","target":["https:\/\/www.turismegarrigues.com\/blog\/les-garrigues-desti-dautocaravanes\/"]}]},{"@type":"ImageObject","inLanguage":"ca","@id":"https:\/\/www.turismegarrigues.com\/blog\/les-garrigues-desti-dautocaravanes\/#primaryimage","url":"https:\/\/www.turismegarrigues.com\/blog\/wp-content\/uploads\/3.-Vinya-els-Vilars-Arbeca-enoturisme-actiu-veniu-amb-la-vostra-autocaravana-.jpeg","contentUrl":"https:\/\/www.turismegarrigues.com\/blog\/wp-content\/uploads\/3.-Vinya-els-Vilars-Arbeca-enoturisme-actiu-veniu-amb-la-vostra-autocaravana-.jpeg","width":1024,"height":746},{"@type":"BreadcrumbList","@id":"https:\/\/www.turismegarrigues.com\/blog\/les-garrigues-desti-dautocaravanes\/#breadcrumb","itemListElement":[{"@type":"ListItem","position":1,"name":"Inici","item":"https:\/\/www.turismegarrigues.com\/blog\/"},{"@type":"ListItem","position":2,"name":"Les Garrigues, dest\u00ed d\u2019autocaravanes"}]},{"@type":"WebSite","@id":"https:\/\/www.turismegarrigues.com\/blog\/#website","url":"https:\/\/www.turismegarrigues.com\/blog\/","name":"Turisme de les Garrigues","description":"Blog","potentialAction":[{"@type":"SearchAction","target":{"@type":"EntryPoint","urlTemplate":"https:\/\/www.turismegarrigues.com\/blog\/?s={search_term_string}"},"query-input":{"@type":"PropertyValueSpecification","valueRequired":true,"valueName":"search_term_string"}}],"inLanguage":"ca"},{"@type":"Person","@id":"https:\/\/www.turismegarrigues.com\/blog\/#\/schema\/person\/7ada9dce6475184bb0c0a652f29c9653","name":"turismegarrigues","image":{"@type":"ImageObject","inLanguage":"ca","@id":"https:\/\/www.turismegarrigues.com\/blog\/#\/schema\/person\/image\/","url":"https:\/\/secure.gravatar.com\/avatar\/2479dec683bf2f700ffae0009a0a72796d18201a99196df0e23b11ae9749e88e?s=96&d=mm&r=g","contentUrl":"https:\/\/secure.gravatar.com\/avatar\/2479dec683bf2f700ffae0009a0a72796d18201a99196df0e23b11ae9749e88e?s=96&d=mm&r=g","caption":"turismegarrigues"},"sameAs":["http:\/\/www.turismegarrigues.com\/"],"url":"https:\/\/www.turismegarrigues.com\/blog\/author\/turismegarrigues\/"}]}},"_links":{"self":[{"href":"https:\/\/www.turismegarrigues.com\/blog\/wp-json\/wp\/v2\/posts\/752","targetHints":{"allow":["GET"]}}],"collection":[{"href":"https:\/\/www.turismegarrigues.com\/blog\/wp-json\/wp\/v2\/posts"}],"about":[{"href":"https:\/\/www.turismegarrigues.com\/blog\/wp-json\/wp\/v2\/types\/post"}],"author":[{"embeddable":true,"href":"https:\/\/www.turismegarrigues.com\/blog\/wp-json\/wp\/v2\/users\/2"}],"replies":[{"embeddable":true,"href":"https:\/\/www.turismegarrigues.com\/blog\/wp-json\/wp\/v2\/comments?post=752"}],"version-history":[{"count":15,"href":"https:\/\/www.turismegarrigues.com\/blog\/wp-json\/wp\/v2\/posts\/752\/revisions"}],"predecessor-version":[{"id":2618,"href":"https:\/\/www.turismegarrigues.com\/blog\/wp-json\/wp\/v2\/posts\/752\/revisions\/2618"}],"wp:featuredmedia":[{"embeddable":true,"href":"https:\/\/www.turismegarrigues.com\/blog\/wp-json\/wp\/v2\/media\/758"}],"wp:attachment":[{"href":"https:\/\/www.turismegarrigues.com\/blog\/wp-json\/wp\/v2\/media?parent=752"}],"wp:term":[{"taxonomy":"category","embeddable":true,"href":"https:\/\/www.turismegarrigues.com\/blog\/wp-json\/wp\/v2\/categories?post=752"},{"taxonomy":"post_tag","embeddable":true,"href":"https:\/\/www.turismegarrigues.com\/blog\/wp-json\/wp\/v2\/tags?post=752"}],"curies":[{"name":"wp","href":"https:\/\/api.w.org\/{rel}","templated":true}]}}